{"id":969,"date":"2008-03-23T14:39:19","date_gmt":"2008-03-23T12:39:19","guid":{"rendered":"http:\/\/urlaub.vogt-clan.de\/?p=969"},"modified":"2012-11-25T11:50:44","modified_gmt":"2012-11-25T10:50:44","slug":"40-grad","status":"publish","type":"post","link":"https:\/\/urlaub.vogt-clan.de\/?p=969","title":{"rendered":"40 Grad"},"content":{"rendered":"<p>Hallo,<\/p>\n<p>das sind ja lausige Aussichten bei Euch fuer&#8217;s Wetter. Bei uns sind es 40 Grad &#8211; wenigstens im Thermalpool des Campingplatzes \ud83d\ude09<\/p>\n<p>Ansonsten haben wir Mitte 20 Grad, Morgens Wolken und gegen Mittag kommt die Sonne raus. Nachts wird es aber schon empfindlich kalt, es herbstelt eben. Die B\u00e4ume beginnen bereits sich zu verf\u00e4rben. Ansonsten &#8211; wie auch auf der S\u00fcdinsel &#8211; herrliche Landschaften und schmale Stra\u00dfen.<\/p>\n<figure id=\"attachment_1280\" aria-describedby=\"caption-attachment-1280\" style=\"width: 430px\" class=\"wp-caption aligncenter\"><a href=\"https:\/\/urlaub.vogt-clan.de\/wp-content\/uploads\/2008\/03\/P1090584.jpg\" target=\"_blank\"><img loading=\"lazy\" decoding=\"async\" class=\" wp-image-1280   \" title=\"Tunnel\" src=\"https:\/\/urlaub.vogt-clan.de\/wp-content\/uploads\/2008\/03\/P1090584-1024x768.jpg\" alt=\"\" width=\"430\" height=\"323\" srcset=\"https:\/\/urlaub.vogt-clan.de\/wp-content\/uploads\/2008\/03\/P1090584-1024x768.jpg 1024w, https:\/\/urlaub.vogt-clan.de\/wp-content\/uploads\/2008\/03\/P1090584-300x225.jpg 300w, https:\/\/urlaub.vogt-clan.de\/wp-content\/uploads\/2008\/03\/P1090584-400x300.jpg 400w, https:\/\/urlaub.vogt-clan.de\/wp-content\/uploads\/2008\/03\/P1090584.jpg 2048w\" sizes=\"auto, (max-width: 430px) 85vw, 430px\" \/><\/a><figcaption id=\"caption-attachment-1280\" class=\"wp-caption-text\">Schmale Stra\u00dfen und Tunnel &#8230;<\/figcaption><\/figure>\n<figure id=\"attachment_1279\" aria-describedby=\"caption-attachment-1279\" style=\"width: 323px\" class=\"wp-caption aligncenter\"><a href=\"https:\/\/urlaub.vogt-clan.de\/wp-content\/uploads\/2008\/03\/P1090601.jpg\" target=\"_blank\"><img loading=\"lazy\" decoding=\"async\" class=\" wp-image-1279   \" title=\"Herbst\" src=\"https:\/\/urlaub.vogt-clan.de\/wp-content\/uploads\/2008\/03\/P1090601-768x1024.jpg\" alt=\"\" width=\"323\" height=\"430\" srcset=\"https:\/\/urlaub.vogt-clan.de\/wp-content\/uploads\/2008\/03\/P1090601-768x1024.jpg 768w, https:\/\/urlaub.vogt-clan.de\/wp-content\/uploads\/2008\/03\/P1090601-225x300.jpg 225w, https:\/\/urlaub.vogt-clan.de\/wp-content\/uploads\/2008\/03\/P1090601.jpg 1536w\" sizes=\"auto, (max-width: 323px) 85vw, 323px\" \/><\/a><figcaption id=\"caption-attachment-1279\" class=\"wp-caption-text\">&#8230; sowie herbstliche B\u00e4ume<\/figcaption><\/figure>\n<p>Wir w\u00fcnschen viel Spa\u00df beim Eier suchen (nur die Bunten!).<\/p>\n<p>Frohe Ostern<br \/>\nBianka und Heiko<\/p>\n<p>PS an die Tortenhasen: Viel Gl\u00fcck mit den Karten, wir dr\u00fccken die Daumen<\/p>\n","protected":false},"excerpt":{"rendered":"<p>Hallo, das sind ja lausige Aussichten bei Euch fuer&#8217;s Wetter. Bei uns sind es 40 Grad &#8211; wenigstens im Thermalpool des Campingplatzes \ud83d\ude09 Ansonsten haben wir Mitte 20 Grad, Morgens Wolken und gegen Mittag kommt die Sonne raus. Nachts wird es aber schon empfindlich kalt, es herbstelt eben. Die B\u00e4ume beginnen bereits sich zu verf\u00e4rben. &hellip; <a href=\"https:\/\/urlaub.vogt-clan.de\/?p=969\" class=\"more-link\"><span class=\"screen-reader-text\">\u201e40 Grad\u201c <\/span>weiterlesen<\/a><\/p>\n","protected":false},"author":3,"featured_media":0,"comment_status":"open","ping_status":"open","sticky":false,"template":"","format":"standard","meta":{"_s2mail":"yes","footnotes":""},"categories":[249],"tags":[260],"class_list":["post-969","post","type-post","status-publish","format-standard","hentry","category-neuseeland08","tag-neuseeland"],"jetpack_featured_media_url":"","_links":{"self":[{"href":"https:\/\/urlaub.vogt-clan.de\/index.php?rest_route=\/wp\/v2\/posts\/969","targetHints":{"allow":["GET"]}}],"collection":[{"href":"https:\/\/urlaub.vogt-clan.de\/index.php?rest_route=\/wp\/v2\/posts"}],"about":[{"href":"https:\/\/urlaub.vogt-clan.de\/index.php?rest_route=\/wp\/v2\/types\/post"}],"author":[{"embeddable":true,"href":"https:\/\/urlaub.vogt-clan.de\/index.php?rest_route=\/wp\/v2\/users\/3"}],"replies":[{"embeddable":true,"href":"https:\/\/urlaub.vogt-clan.de\/index.php?rest_route=%2Fwp%2Fv2%2Fcomments&post=969"}],"version-history":[{"count":4,"href":"https:\/\/urlaub.vogt-clan.de\/index.php?rest_route=\/wp\/v2\/posts\/969\/revisions"}],"predecessor-version":[{"id":1936,"href":"https:\/\/urlaub.vogt-clan.de\/index.php?rest_route=\/wp\/v2\/posts\/969\/revisions\/1936"}],"wp:attachment":[{"href":"https:\/\/urlaub.vogt-clan.de\/index.php?rest_route=%2Fwp%2Fv2%2Fmedia&parent=969"}],"wp:term":[{"taxonomy":"category","embeddable":true,"href":"https:\/\/urlaub.vogt-clan.de\/index.php?rest_route=%2Fwp%2Fv2%2Fcategories&post=969"},{"taxonomy":"post_tag","embeddable":true,"href":"https:\/\/urlaub.vogt-clan.de\/index.php?rest_route=%2Fwp%2Fv2%2Ftags&post=969"}],"curies":[{"name":"wp","href":"https:\/\/api.w.org\/{rel}","templated":true}]}}