{"id":966,"date":"2008-03-18T14:31:25","date_gmt":"2008-03-18T12:31:25","guid":{"rendered":"http:\/\/urlaub.vogt-clan.de\/?p=966"},"modified":"2012-11-25T11:50:13","modified_gmt":"2012-11-25T10:50:13","slug":"fahrer-des-jahres-2008","status":"publish","type":"post","link":"https:\/\/urlaub.vogt-clan.de\/?p=966","title":{"rendered":"Fahrer des Jahres 2008"},"content":{"rendered":"<p>Hier die neuesten Verkehrsnachrichten:<\/p>\n<p>Der Bauarbeiter ist noch bei guter Gesundheit. Er ist auch nicht wirklich in den Graben gesprungen, sondern er hat sich nur die Ohren mit beiden Armen zugehalten ob Biankas Schaltk\u00fcnsten am Berg. Die Augen hatte der Feigling auch geschlossen &#8230;<\/p>\n<p>Heiko hat aber am n\u00e4chsten Tag noch einen drauf gesetzt:<br \/>\nDass die Kiwis N\u00e4he lieben, hatten wir ja schon erw\u00e4hnt. Daher sind alle Strassen generell nur mit einer Spur pro Richtung ausgebaut, auch die Haupt-Highways. Ab und zu wird dann eine einspurige Br\u00fccke eingestreut. Heiko hat es nun geschafft, eine solche Br\u00fccke so rasant anzufahren (Raser!), dass er mit dem linken Hinterrad die Br\u00fccke gek\u00fcsst hat. Eine sofortige Kontrolle ergab eine heftige Scharte in der Felge mit platten Reifen. Also hie\u00df es Reifenwechsel an einem Camper mit miserabelen Werkzeug. Das war nach ca. einer Stunde erledigt, nun mussten wir in die n\u00e4chste gr\u00f6\u00dfere Stadt und erst mal dem Vermieter telefonisch beichten.<br \/>\nAm n\u00e4chsten Werktag wurde dann ein Reifendienst aufgesucht, der Monteur fragte ganz banal: eine Br\u00fccke, nicht wahr? Sie sind der Dritte in vier Tagen. Ist heute Mittag fertig. Der Spa\u00df hat mit Montage des Rades ca. 10 Euro gekostet, der Raser f\u00e4hrt momentan etwas langsamer.<\/p>\n<figure id=\"attachment_1275\" aria-describedby=\"caption-attachment-1275\" style=\"width: 323px\" class=\"wp-caption aligncenter\"><a href=\"https:\/\/urlaub.vogt-clan.de\/wp-content\/uploads\/2008\/03\/P1090451.jpg\" target=\"_blank\"><img loading=\"lazy\" decoding=\"async\" class=\" wp-image-1275   \" title=\"Spiegel\" src=\"https:\/\/urlaub.vogt-clan.de\/wp-content\/uploads\/2008\/03\/P1090451-768x1024.jpg\" alt=\"\" width=\"323\" height=\"430\" srcset=\"https:\/\/urlaub.vogt-clan.de\/wp-content\/uploads\/2008\/03\/P1090451-768x1024.jpg 768w, https:\/\/urlaub.vogt-clan.de\/wp-content\/uploads\/2008\/03\/P1090451-225x300.jpg 225w, https:\/\/urlaub.vogt-clan.de\/wp-content\/uploads\/2008\/03\/P1090451.jpg 1536w\" sizes=\"auto, (max-width: 323px) 85vw, 323px\" \/><\/a><figcaption id=\"caption-attachment-1275\" class=\"wp-caption-text\">Mangels Beweisfoto gibt es stattdessen Landschaft<\/figcaption><\/figure>\n<p>Beim vorletzten Campingplatz wurden wir von fliegenden Vampiren in Fruchtfliegengr\u00f6\u00dfe angefallen. Das hat das Stichverh\u00e4ltnis stark ver\u00e4ndert: Bianka 6, Heiko gesch\u00e4tzte 8 (an einem Ellbogen, insg. ca. 40).<\/p>\n<figure id=\"attachment_1277\" aria-describedby=\"caption-attachment-1277\" style=\"width: 430px\" class=\"wp-caption aligncenter\"><a href=\"https:\/\/urlaub.vogt-clan.de\/wp-content\/uploads\/2008\/03\/P1090435.jpg\" target=\"_blank\"><img loading=\"lazy\" decoding=\"async\" class=\" wp-image-1277   \" title=\"Muecken\" src=\"https:\/\/urlaub.vogt-clan.de\/wp-content\/uploads\/2008\/03\/P1090435-1024x768.jpg\" alt=\"\" width=\"430\" height=\"323\" srcset=\"https:\/\/urlaub.vogt-clan.de\/wp-content\/uploads\/2008\/03\/P1090435-1024x768.jpg 1024w, https:\/\/urlaub.vogt-clan.de\/wp-content\/uploads\/2008\/03\/P1090435-300x225.jpg 300w, https:\/\/urlaub.vogt-clan.de\/wp-content\/uploads\/2008\/03\/P1090435-400x300.jpg 400w, https:\/\/urlaub.vogt-clan.de\/wp-content\/uploads\/2008\/03\/P1090435.jpg 2048w\" sizes=\"auto, (max-width: 430px) 85vw, 430px\" \/><\/a><figcaption id=\"caption-attachment-1277\" class=\"wp-caption-text\">Hier lauerten uns die Killer-M\u00fccken auf<\/figcaption><\/figure>\n<p>Jetzt warten wir auf die F\u00e4hre Richtung Wellington, die in ca. 2 Stunden ablegt und uns in ca. 3,5 Stunden zur Nordinsel bringt.<\/p>\n<figure id=\"attachment_1276\" aria-describedby=\"caption-attachment-1276\" style=\"width: 430px\" class=\"wp-caption aligncenter\"><a href=\"https:\/\/urlaub.vogt-clan.de\/wp-content\/uploads\/2008\/03\/P1090514.jpg\" target=\"_blank\"><img loading=\"lazy\" decoding=\"async\" class=\" wp-image-1276   \" title=\"Faehre\" src=\"https:\/\/urlaub.vogt-clan.de\/wp-content\/uploads\/2008\/03\/P1090514-1024x768.jpg\" alt=\"\" width=\"430\" height=\"323\" srcset=\"https:\/\/urlaub.vogt-clan.de\/wp-content\/uploads\/2008\/03\/P1090514-1024x768.jpg 1024w, https:\/\/urlaub.vogt-clan.de\/wp-content\/uploads\/2008\/03\/P1090514-300x225.jpg 300w, https:\/\/urlaub.vogt-clan.de\/wp-content\/uploads\/2008\/03\/P1090514-400x300.jpg 400w, https:\/\/urlaub.vogt-clan.de\/wp-content\/uploads\/2008\/03\/P1090514.jpg 2048w\" sizes=\"auto, (max-width: 430px) 85vw, 430px\" \/><\/a><figcaption id=\"caption-attachment-1276\" class=\"wp-caption-text\">Jetzt hei\u00dft es Abschied nehmen von der S\u00fcdinsel<\/figcaption><\/figure>\n<p>Den Tortenhasen einen Dank fuer die Fu\u00dfballergebnisse, wir bekommen hier nix von der Welt mit.<br \/>\nAnke B.: Opossums haben wir noch nicht gef\u00fcttert, aber zu Dutzenden \u00fcberfahren auf der Stra\u00dfe gesehen (wir waren&#8217;s nicht!).<\/p>\n<p>Alles Weitere kommt dann von der Nordinsel, bis dann.<\/p>\n<p>Bianka und Heiko<\/p>\n<figure id=\"attachment_1287\" aria-describedby=\"caption-attachment-1287\" style=\"width: 426px\" class=\"wp-caption aligncenter\"><a href=\"https:\/\/urlaub.vogt-clan.de\/wp-content\/uploads\/2008\/03\/Route_Sued.jpg\" target=\"_blank\"><img loading=\"lazy\" decoding=\"async\" class=\" wp-image-1287   \" title=\"Route_Sued\" src=\"https:\/\/urlaub.vogt-clan.de\/wp-content\/uploads\/2008\/03\/Route_Sued.jpg\" alt=\"\" width=\"426\" height=\"440\" srcset=\"https:\/\/urlaub.vogt-clan.de\/wp-content\/uploads\/2008\/03\/Route_Sued.jpg 760w, https:\/\/urlaub.vogt-clan.de\/wp-content\/uploads\/2008\/03\/Route_Sued-290x300.jpg 290w\" sizes=\"auto, (max-width: 426px) 85vw, 426px\" \/><\/a><figcaption id=\"caption-attachment-1287\" class=\"wp-caption-text\">Unsere Reiseroute auf der S\u00fcdinsel<\/figcaption><\/figure>\n","protected":false},"excerpt":{"rendered":"<p>Hier die neuesten Verkehrsnachrichten: Der Bauarbeiter ist noch bei guter Gesundheit. Er ist auch nicht wirklich in den Graben gesprungen, sondern er hat sich nur die Ohren mit beiden Armen zugehalten ob Biankas Schaltk\u00fcnsten am Berg. Die Augen hatte der Feigling auch geschlossen &#8230; Heiko hat aber am n\u00e4chsten Tag noch einen drauf gesetzt: Dass &hellip; <a href=\"https:\/\/urlaub.vogt-clan.de\/?p=966\" class=\"more-link\"><span class=\"screen-reader-text\">\u201eFahrer des Jahres 2008\u201c <\/span>weiterlesen<\/a><\/p>\n","protected":false},"author":2,"featured_media":0,"comment_status":"open","ping_status":"open","sticky":false,"template":"","format":"standard","meta":{"_s2mail":"yes","footnotes":""},"categories":[249],"tags":[260],"class_list":["post-966","post","type-post","status-publish","format-standard","hentry","category-neuseeland08","tag-neuseeland"],"jetpack_featured_media_url":"","_links":{"self":[{"href":"https:\/\/urlaub.vogt-clan.de\/index.php?rest_route=\/wp\/v2\/posts\/966","targetHints":{"allow":["GET"]}}],"collection":[{"href":"https:\/\/urlaub.vogt-clan.de\/index.php?rest_route=\/wp\/v2\/posts"}],"about":[{"href":"https:\/\/urlaub.vogt-clan.de\/index.php?rest_route=\/wp\/v2\/types\/post"}],"author":[{"embeddable":true,"href":"https:\/\/urlaub.vogt-clan.de\/index.php?rest_route=\/wp\/v2\/users\/2"}],"replies":[{"embeddable":true,"href":"https:\/\/urlaub.vogt-clan.de\/index.php?rest_route=%2Fwp%2Fv2%2Fcomments&post=966"}],"version-history":[{"count":5,"href":"https:\/\/urlaub.vogt-clan.de\/index.php?rest_route=\/wp\/v2\/posts\/966\/revisions"}],"predecessor-version":[{"id":1935,"href":"https:\/\/urlaub.vogt-clan.de\/index.php?rest_route=\/wp\/v2\/posts\/966\/revisions\/1935"}],"wp:attachment":[{"href":"https:\/\/urlaub.vogt-clan.de\/index.php?rest_route=%2Fwp%2Fv2%2Fmedia&parent=966"}],"wp:term":[{"taxonomy":"category","embeddable":true,"href":"https:\/\/urlaub.vogt-clan.de\/index.php?rest_route=%2Fwp%2Fv2%2Fcategories&post=966"},{"taxonomy":"post_tag","embeddable":true,"href":"https:\/\/urlaub.vogt-clan.de\/index.php?rest_route=%2Fwp%2Fv2%2Ftags&post=966"}],"curies":[{"name":"wp","href":"https:\/\/api.w.org\/{rel}","templated":true}]}}