{"id":952,"date":"2008-03-02T14:12:48","date_gmt":"2008-03-02T12:12:48","guid":{"rendered":"http:\/\/urlaub.vogt-clan.de\/?p=952"},"modified":"2012-11-25T11:46:58","modified_gmt":"2012-11-25T10:46:58","slug":"der-camper","status":"publish","type":"post","link":"https:\/\/urlaub.vogt-clan.de\/?p=952","title":{"rendered":"Der Camper"},"content":{"rendered":"<p>Hallo zusammen,<\/p>\n<p>wir haben am Samstag unseren Camper \u00fcbernommen. Von der Ankunft in der Vermietstation bis zum Fahren vom Hof hat das ganze 4 Stunden gedauert. Erst war die Wasserpumpe defekt (obwohl Bianka noch nicht dran war), dann das Auto zu alt, und und und &#8230; Letztendlich haben wir dann ein anderes Fahrzeug bekommen, welches gut in Schuss ist.<\/p>\n<figure id=\"attachment_1259\" aria-describedby=\"caption-attachment-1259\" style=\"width: 430px\" class=\"wp-caption aligncenter\"><a href=\"https:\/\/urlaub.vogt-clan.de\/wp-content\/uploads\/2008\/03\/P1080871.jpg\" target=\"_blank\"><img loading=\"lazy\" decoding=\"async\" class=\" wp-image-1259   \" title=\"WoMo\" src=\"https:\/\/urlaub.vogt-clan.de\/wp-content\/uploads\/2008\/03\/P1080871-1024x768.jpg\" alt=\"\" width=\"430\" height=\"323\" srcset=\"https:\/\/urlaub.vogt-clan.de\/wp-content\/uploads\/2008\/03\/P1080871-1024x768.jpg 1024w, https:\/\/urlaub.vogt-clan.de\/wp-content\/uploads\/2008\/03\/P1080871-300x225.jpg 300w, https:\/\/urlaub.vogt-clan.de\/wp-content\/uploads\/2008\/03\/P1080871-400x300.jpg 400w, https:\/\/urlaub.vogt-clan.de\/wp-content\/uploads\/2008\/03\/P1080871.jpg 2048w\" sizes=\"auto, (max-width: 430px) 85vw, 430px\" \/><\/a><figcaption id=\"caption-attachment-1259\" class=\"wp-caption-text\">&#8216;Unser&#8217; Zuhause f\u00fcr die n\u00e4chsten Wochen<\/figcaption><\/figure>\n<p>Im str\u00f6menden Regen sind wir dann 180 Kilometer bis Kaikoura gefahren und haben das Auto (und Frodo, den Kiwi) geh\u00f6rig begossen. Heute fr\u00fch (also Sonntag) wurden wir dann bei herrlichstem Sonnenschein wach und haben die Gelegenheit genutzt, eine ausf\u00fchrliche Wanderung an den Klippen und den Seel\u00f6wenkolonien vorbei zu unternehmen.<\/p>\n<figure id=\"attachment_1260\" aria-describedby=\"caption-attachment-1260\" style=\"width: 430px\" class=\"wp-caption aligncenter\"><a href=\"https:\/\/urlaub.vogt-clan.de\/wp-content\/uploads\/2008\/03\/P1080840.jpg\" target=\"_blank\"><img loading=\"lazy\" decoding=\"async\" class=\" wp-image-1260   \" title=\"Seel\u00f6we\" src=\"https:\/\/urlaub.vogt-clan.de\/wp-content\/uploads\/2008\/03\/P1080840-1024x768.jpg\" alt=\"\" width=\"430\" height=\"323\" srcset=\"https:\/\/urlaub.vogt-clan.de\/wp-content\/uploads\/2008\/03\/P1080840-1024x768.jpg 1024w, https:\/\/urlaub.vogt-clan.de\/wp-content\/uploads\/2008\/03\/P1080840-300x225.jpg 300w, https:\/\/urlaub.vogt-clan.de\/wp-content\/uploads\/2008\/03\/P1080840-400x300.jpg 400w, https:\/\/urlaub.vogt-clan.de\/wp-content\/uploads\/2008\/03\/P1080840.jpg 2048w\" sizes=\"auto, (max-width: 430px) 85vw, 430px\" \/><\/a><figcaption id=\"caption-attachment-1260\" class=\"wp-caption-text\">Ein Seel\u00f6we in der Sonne<\/figcaption><\/figure>\n<figure id=\"attachment_1258\" aria-describedby=\"caption-attachment-1258\" style=\"width: 430px\" class=\"wp-caption aligncenter\"><a href=\"https:\/\/urlaub.vogt-clan.de\/wp-content\/uploads\/2008\/03\/P1080847.jpg\" target=\"_blank\"><img loading=\"lazy\" decoding=\"async\" class=\" wp-image-1258   \" title=\"Landschaft\" src=\"https:\/\/urlaub.vogt-clan.de\/wp-content\/uploads\/2008\/03\/P1080847-1024x768.jpg\" alt=\"\" width=\"430\" height=\"323\" srcset=\"https:\/\/urlaub.vogt-clan.de\/wp-content\/uploads\/2008\/03\/P1080847-1024x768.jpg 1024w, https:\/\/urlaub.vogt-clan.de\/wp-content\/uploads\/2008\/03\/P1080847-300x225.jpg 300w, https:\/\/urlaub.vogt-clan.de\/wp-content\/uploads\/2008\/03\/P1080847-400x300.jpg 400w, https:\/\/urlaub.vogt-clan.de\/wp-content\/uploads\/2008\/03\/P1080847.jpg 2048w\" sizes=\"auto, (max-width: 430px) 85vw, 430px\" \/><\/a><figcaption id=\"caption-attachment-1258\" class=\"wp-caption-text\">Ganz viel Gegend am Campingplatz<\/figcaption><\/figure>\n<p>Nach einem kurzem Mittagssnack gehen wir jetzt noch eine Runde am Strand entlang, der direkt an den Campingplatz grenzt.<\/p>\n<p>Morgen geht es weiter Richtung Grenadine, also in s\u00fcdliche Richtung der<br \/>\nS\u00fcdinsel.<\/p>\n<p>Bis die Tage<br \/>\nBianka und Heiko<\/p>\n","protected":false},"excerpt":{"rendered":"<p>Hallo zusammen, wir haben am Samstag unseren Camper \u00fcbernommen. Von der Ankunft in der Vermietstation bis zum Fahren vom Hof hat das ganze 4 Stunden gedauert. Erst war die Wasserpumpe defekt (obwohl Bianka noch nicht dran war), dann das Auto zu alt, und und und &#8230; Letztendlich haben wir dann ein anderes Fahrzeug bekommen, welches &hellip; <a href=\"https:\/\/urlaub.vogt-clan.de\/?p=952\" class=\"more-link\"><span class=\"screen-reader-text\">\u201eDer Camper\u201c <\/span>weiterlesen<\/a><\/p>\n","protected":false},"author":3,"featured_media":0,"comment_status":"open","ping_status":"open","sticky":false,"template":"","format":"standard","meta":{"_s2mail":"yes","footnotes":""},"categories":[249],"tags":[260],"class_list":["post-952","post","type-post","status-publish","format-standard","hentry","category-neuseeland08","tag-neuseeland"],"jetpack_featured_media_url":"","_links":{"self":[{"href":"https:\/\/urlaub.vogt-clan.de\/index.php?rest_route=\/wp\/v2\/posts\/952","targetHints":{"allow":["GET"]}}],"collection":[{"href":"https:\/\/urlaub.vogt-clan.de\/index.php?rest_route=\/wp\/v2\/posts"}],"about":[{"href":"https:\/\/urlaub.vogt-clan.de\/index.php?rest_route=\/wp\/v2\/types\/post"}],"author":[{"embeddable":true,"href":"https:\/\/urlaub.vogt-clan.de\/index.php?rest_route=\/wp\/v2\/users\/3"}],"replies":[{"embeddable":true,"href":"https:\/\/urlaub.vogt-clan.de\/index.php?rest_route=%2Fwp%2Fv2%2Fcomments&post=952"}],"version-history":[{"count":5,"href":"https:\/\/urlaub.vogt-clan.de\/index.php?rest_route=\/wp\/v2\/posts\/952\/revisions"}],"predecessor-version":[{"id":1931,"href":"https:\/\/urlaub.vogt-clan.de\/index.php?rest_route=\/wp\/v2\/posts\/952\/revisions\/1931"}],"wp:attachment":[{"href":"https:\/\/urlaub.vogt-clan.de\/index.php?rest_route=%2Fwp%2Fv2%2Fmedia&parent=952"}],"wp:term":[{"taxonomy":"category","embeddable":true,"href":"https:\/\/urlaub.vogt-clan.de\/index.php?rest_route=%2Fwp%2Fv2%2Fcategories&post=952"},{"taxonomy":"post_tag","embeddable":true,"href":"https:\/\/urlaub.vogt-clan.de\/index.php?rest_route=%2Fwp%2Fv2%2Ftags&post=952"}],"curies":[{"name":"wp","href":"https:\/\/api.w.org\/{rel}","templated":true}]}}