{"id":55,"date":"2003-01-07T12:24:29","date_gmt":"2003-01-07T10:24:29","guid":{"rendered":"http:\/\/urlaub.vogt-clan.de\/2003\/01\/07\/also-doch\/"},"modified":"2012-09-29T17:03:06","modified_gmt":"2012-09-29T15:03:06","slug":"also-doch","status":"publish","type":"post","link":"https:\/\/urlaub.vogt-clan.de\/?p=55","title":{"rendered":"Also doch"},"content":{"rendered":"<p>Ach, was hat der Kerl doch f\u00fcr ein gutes Herz.<br \/>\nEin Blick auf die Internetseite des Ausw\u00e4rtigen Amtes, die Feststellung, dass dort die Sicherheitswarnungen f\u00fcr Indonesien aufgehoben waren und die Aussage &#8220;von mir aus k\u00f6nnen wir mit Lutz und Gudrun nach Indonesien fahren&#8221; reichte aus, um mich wieder in Urlaubsplanungshochform zu bringen.<br \/>\nNach kurzer 2 t\u00e4giger Diskussion stand auch die Dauer des Urlaubs fest. Gudrun und Lutz d\u00fcsen nach 29 Tagen wieder gen Deutschland, wir bleiben noch eine Woche l\u00e4nger und wollen am Strand vom Lombok rumh\u00e4ngen.<\/p>\n<p>Schnell hatte ich im B\u00fcro zwei Wochen Bereitschaftsdienst getauscht und mir das ok meines Chefs abgeholt. Bei Heiko dauerte es etwas l\u00e4nger, weil erst abgewartet werden musste, bis sein Zimmerkollege aus dem Urlaub kam, um mit ihm die Vertretung zu kl\u00e4ren.<br \/>\nAls dies dann \u00fcber der B\u00fchne war und ich schon den Finger auf dem Button &#8220;Reisebuchung&#8221; bei Djoser hatte, meldeten sich Gudrun und Lutz. Lutz\u00b4 Kollegin wird Anfang Mai 2003 60 Jahre alt, plant den runden Geburtstag gro\u00df zu feiern und will daher auch in diesem Zeitraum Urlaub haben.<br \/>\nLutz schlug nun vor, am 24.05.03 zu fliegen.<\/p>\n<p>Wie gehabt, ging bei mir im B\u00fcro alles glatt \u00fcber die B\u00fchne und auch Heiko hatte die Verlegung des Urlaubs innerhalb von 2 Tagen geregelt.<br \/>\nAls ich dann abends mit Gudrun und Lutz per Telefon die Modalit\u00e4ten der Buchung kl\u00e4ren wollte, sagten sie, dass sie vor dem 01.02. nicht buchen wollten. Dabei haben wir erst den 07.01! Noch so lange warten?<br \/>\nSchwupps zog ich wieder einen Flunsch und einigte mich mit den beiden, dass ich per e-mail bei Djoser nachfrage, ob f\u00fcr die Reise generell noch 4 Pl\u00e4tze frei sind und ob es ratsam w\u00e4re, z\u00fcgig zu buchen.<\/p>\n<p>Mit Erstauen erhielt ich nach knapp einem Tag auf meine Mail die Mitteilung, dass f\u00fcr den Abflug 24.05.2003 noch gen\u00fcgend Pl\u00e4tze zur Verf\u00fcgung st\u00fcnden und auch eine Verl\u00e4ngerungswoche auf Lombok m\u00f6glich w\u00e4re.<\/p>\n<p>So weit so gut, mein Seelenfriede war wieder hergestellt.<\/p>\n<p>Bis, ja bis mein Herzallerliebster das Thema &#8220;Streik im \u00f6ffentlichen Dienst&#8221; ansprach. Nach dem jetzigen Stand der Dinge stehen die Zeichen auf Arbeitskampf und es wird gemunkelt, dass er drei Wochen dauern soll.<br \/>\nWo das Problem liegt?<br \/>\nAls Ende letzen Jahres der M\u00fclheimer Oberb\u00fcrgermeister aufgrund einer Aff\u00e4re mit seiner Referentin seinen Hut nehmen musste, wurde von Seiten der Verwaltung der 1. oder 2. Sonntag im Monat Mai f\u00fcr die Neuwahl vorgeschlagen. So w\u00e4re genug Zeit, um alles EDV-technisch zu regeln, eine evtl. Stichwahl vorzubereiten etc.<br \/>\nAuf Wunsch des \u00c4ltestenrates wurde jedoch der 23.03. f\u00fcr die Wahl und der 06.04. f\u00fcr die Stichwahl festgelegt.<br \/>\nAufgrund der kurzen Vorbereitungszeit wird es eh knapp werden, alles vorschriftsm\u00e4\u00dfig geregelt zu bekommen. Falls jetzt ein 3w\u00f6chiger Streik angesetzt wird, dann wird unweigerlich die Wahl verschoben und zwar auf einen Sonntag Ende Mai.<br \/>\nVor der Wahl wird Heiko grunds\u00e4tzlich keinen Urlaub bekommen, es sei denn, er hat bereits eine Buchung vorgenommen.<\/p>\n<p>Dies haben wir alles Lutz und Gudrun mitgeteilt und warten nun auf eine Antwort.<br \/>\nParallel dazu informierte ich die M\u00fcnchner Jungs \u00fcber unsere gemeinsame Urlaubsplanung und bat Nicola und Dunja, sich zu \u00fcberlegen, ob eine von beiden Lust hat, uns als Vertreterin von Djoser zu begleiten.<br \/>\nDunja wollte sich direkt per mail erkundigen, auf eine Antwort von Nicola m\u00fcssen wir noch warten, sie ist z.Zt. f\u00fcr Djoser in S\u00fcdafrika auf Tour.<\/p>\n<p>Der Streik findet nun zum Gl\u00fcck nicht statt, also spricht nichts mehr gegen den Termin 24.05. Als ich dies Gudrun per mail mitteilte, kam prompt auch eine Antwort, wie sch\u00f6n das doch w\u00e4re und der Zusatz &#8220;glaubt nicht, dass wir Euch auf Lombok alleine lassen.&#8221;<br \/>\nKreisch!! Die beiden planen offensichtlich, die Verl\u00e4ngerungswoche auch mit zu machen. Prima, dann kann ich abends mit Gudrun evtl. aufkommendes Heimweh im Alkohol ertr\u00e4nken und die beiden Jungs m\u00fcssen zu sehen, wie sie uns dann ins Bettchen bekommen.<\/p>\n<p>Auch dieser Gedanke zischt mir durch den Kopf und bringt ein breites Grinsen zu Tage: Wenn wir vier nicht gerade kleine, schm\u00e4chtige und untergewichtige Personen, verteilt auf 2 Mopeds und versehen mit Helmen, die uns aussehen lassen wie Calimero aus Palermo, \u00fcber Lombok d\u00fcsen, bilden wir bestimmt eine der Hauptattraktionen auf der kleinen Insel.<\/p>\n<p>Am 16.01. kam eine Mail von Dunja mit direkt zwei schlechten Nachrichten. Zum einen \u00fcbernimmt sie in ein paar Tagen eine Tour durch Burma, kann daher also in K\u00f6ln bei der Djoser Reisemesse nicht dabei sein, zum anderen ist die Tour Indonesien ab 24.05. bereits vergeben, auch hier werden wir sie nicht sehen.<br \/>\nNach ihren Angaben werden die Indonesien Touren von Leuten gef\u00fchrt, die dort auch wohnen. Um auf das positive Denken zur\u00fcck zu kommen: Wenn unsere Reisebegleitung nicht die letzte taube Nuss ist, werden wir bestimmt viele Insider Tipps bekommen, wie schon zuvor von Dunja in Indien\/Nepal.<\/p>\n<p>Andi hat sich per Mail gemeldet! Er teilte mit, dass er zwar auf der einen Seite gerne mit uns in Urlaub gefahren w\u00e4re, auf der anderen Seite ist er immer noch auf Jobsuche, schreibt in dem ausgesuchten Zeitraum Klausuren und m\u00f6chte seinen n\u00e4chsten Urlaub nicht wieder in einem asiatischen Land verbringen. Ob Axel sich schon gemeldet h\u00e4tte, wollte er wissen.<br \/>\nNat\u00fcrlich nicht. Langsam gebe ich auch die Hoffnung auf und muss Lutz zustimmen, der sagte: &#8220;Von dem h\u00f6ren wir nichts mehr&#8221;.<\/p>\n","protected":false},"excerpt":{"rendered":"<p>Ach, was hat der Kerl doch f\u00fcr ein gutes Herz. Ein Blick auf die Internetseite des Ausw\u00e4rtigen Amtes, die Feststellung, dass dort die Sicherheitswarnungen f\u00fcr Indonesien aufgehoben waren und die Aussage &#8220;von mir aus k\u00f6nnen wir mit Lutz und Gudrun nach Indonesien fahren&#8221; reichte aus, um mich wieder in Urlaubsplanungshochform zu bringen. Nach kurzer 2 &hellip; <a href=\"https:\/\/urlaub.vogt-clan.de\/?p=55\" class=\"more-link\"><span class=\"screen-reader-text\">\u201eAlso doch\u201c <\/span>weiterlesen<\/a><\/p>\n","protected":false},"author":2,"featured_media":0,"comment_status":"open","ping_status":"open","sticky":false,"template":"","format":"standard","meta":{"_s2mail":"","footnotes":""},"categories":[244],"tags":[257,264],"class_list":["post-55","post","type-post","status-publish","format-standard","hentry","category-indonesien03","tag-asien","tag-indonesien"],"jetpack_featured_media_url":"","_links":{"self":[{"href":"https:\/\/urlaub.vogt-clan.de\/index.php?rest_route=\/wp\/v2\/posts\/55","targetHints":{"allow":["GET"]}}],"collection":[{"href":"https:\/\/urlaub.vogt-clan.de\/index.php?rest_route=\/wp\/v2\/posts"}],"about":[{"href":"https:\/\/urlaub.vogt-clan.de\/index.php?rest_route=\/wp\/v2\/types\/post"}],"author":[{"embeddable":true,"href":"https:\/\/urlaub.vogt-clan.de\/index.php?rest_route=\/wp\/v2\/users\/2"}],"replies":[{"embeddable":true,"href":"https:\/\/urlaub.vogt-clan.de\/index.php?rest_route=%2Fwp%2Fv2%2Fcomments&post=55"}],"version-history":[{"count":2,"href":"https:\/\/urlaub.vogt-clan.de\/index.php?rest_route=\/wp\/v2\/posts\/55\/revisions"}],"predecessor-version":[{"id":670,"href":"https:\/\/urlaub.vogt-clan.de\/index.php?rest_route=\/wp\/v2\/posts\/55\/revisions\/670"}],"wp:attachment":[{"href":"https:\/\/urlaub.vogt-clan.de\/index.php?rest_route=%2Fwp%2Fv2%2Fmedia&parent=55"}],"wp:term":[{"taxonomy":"category","embeddable":true,"href":"https:\/\/urlaub.vogt-clan.de\/index.php?rest_route=%2Fwp%2Fv2%2Fcategories&post=55"},{"taxonomy":"post_tag","embeddable":true,"href":"https:\/\/urlaub.vogt-clan.de\/index.php?rest_route=%2Fwp%2Fv2%2Ftags&post=55"}],"curies":[{"name":"wp","href":"https:\/\/api.w.org\/{rel}","templated":true}]}}