{"id":52,"date":"2002-10-12T11:12:23","date_gmt":"2002-10-12T09:12:23","guid":{"rendered":"http:\/\/urlaub.vogt-clan.de\/2002\/10\/12\/besser-nicht\/"},"modified":"2012-09-29T17:10:26","modified_gmt":"2012-09-29T15:10:26","slug":"besser-nicht","status":"publish","type":"post","link":"https:\/\/urlaub.vogt-clan.de\/?p=52","title":{"rendered":"Besser nicht?"},"content":{"rendered":"<p>Am 12.10.2002 trafen wir uns mit Nicola, der amtierenden K\u00f6nigin der Herzen 2002, in K\u00f6ln.<br \/>\nUnser Kampfzwerg hatte sich beworben; sie wollte bei Djoser Reisebegleiterin werden, \u00fcberstand das Vorstellungsgespr\u00e4ch erfolgreich und war nun aus Freiburg angereist, um sich auf einem Seminar von ihrem neuen Arbeitgeber fit machen zu lassen. Nicola hatte auch schon die erste Gruppe zu geteilt bekommen, sie fliegt am 06.01.2003 nach S\u00fcdafrika.<\/p>\n<p>Wir plauderten in einem indischen Restaurant mit hervorragender K\u00fcche vier Stunden \u00fcber Indien und Nepal und lachten dabei zum Entz\u00fccken der anderen G\u00e4ste oft laut und herzlich.<\/p>\n<p>Auf der R\u00fcckfahrt h\u00f6rten Heiko und ich im Autoradio nur noch die Worte \u201eBali, Bomben und \u00fcber 100 Tote\u201c.<\/p>\n<p>Am n\u00e4chsten Tag verfolgten wir mit Entsetzten die Fernsehberichte \u00fcber die Terroranschl\u00e4ge auf der Insel Bali. Mittlerweile war die Rede von 186 Toten, vielen Verwundeten und Vermissten.<\/p>\n<p>Ein paar Stunden sp\u00e4ter gab das Ausw\u00e4rtige Amt die Mitteilung per Internet durch, dass von Reisen auf die Insel Bali abgeraten wird. Die Warnung wurde in den n\u00e4chsten Tagen noch auf gesamt Indonesien erweitert. Es erfolgte der Aufruf, dass sich Deutsche, die sich auf einer der vielen indonesischen Inseln aufhalten, so schnell wie m\u00f6glich nach Hause kommen sollten.<\/p>\n<p>In diesen Wochen liefen die e-mail-Dr\u00e4hte zwischen Gudrun und mir hei\u00df.<br \/>\nWas sollen wir machen? Kneifen wir oder zeigen wir Mut und Gelassenheit?<\/p>\n","protected":false},"excerpt":{"rendered":"<p>Am 12.10.2002 trafen wir uns mit Nicola, der amtierenden K\u00f6nigin der Herzen 2002, in K\u00f6ln. Unser Kampfzwerg hatte sich beworben; sie wollte bei Djoser Reisebegleiterin werden, \u00fcberstand das Vorstellungsgespr\u00e4ch erfolgreich und war nun aus Freiburg angereist, um sich auf einem Seminar von ihrem neuen Arbeitgeber fit machen zu lassen. Nicola hatte auch schon die erste &hellip; <a href=\"https:\/\/urlaub.vogt-clan.de\/?p=52\" class=\"more-link\"><span class=\"screen-reader-text\">\u201eBesser nicht?\u201c <\/span>weiterlesen<\/a><\/p>\n","protected":false},"author":2,"featured_media":0,"comment_status":"open","ping_status":"open","sticky":false,"template":"","format":"standard","meta":{"_s2mail":"","footnotes":""},"categories":[244],"tags":[257,264],"class_list":["post-52","post","type-post","status-publish","format-standard","hentry","category-indonesien03","tag-asien","tag-indonesien"],"jetpack_featured_media_url":"","_links":{"self":[{"href":"https:\/\/urlaub.vogt-clan.de\/index.php?rest_route=\/wp\/v2\/posts\/52","targetHints":{"allow":["GET"]}}],"collection":[{"href":"https:\/\/urlaub.vogt-clan.de\/index.php?rest_route=\/wp\/v2\/posts"}],"about":[{"href":"https:\/\/urlaub.vogt-clan.de\/index.php?rest_route=\/wp\/v2\/types\/post"}],"author":[{"embeddable":true,"href":"https:\/\/urlaub.vogt-clan.de\/index.php?rest_route=\/wp\/v2\/users\/2"}],"replies":[{"embeddable":true,"href":"https:\/\/urlaub.vogt-clan.de\/index.php?rest_route=%2Fwp%2Fv2%2Fcomments&post=52"}],"version-history":[{"count":2,"href":"https:\/\/urlaub.vogt-clan.de\/index.php?rest_route=\/wp\/v2\/posts\/52\/revisions"}],"predecessor-version":[{"id":692,"href":"https:\/\/urlaub.vogt-clan.de\/index.php?rest_route=\/wp\/v2\/posts\/52\/revisions\/692"}],"wp:attachment":[{"href":"https:\/\/urlaub.vogt-clan.de\/index.php?rest_route=%2Fwp%2Fv2%2Fmedia&parent=52"}],"wp:term":[{"taxonomy":"category","embeddable":true,"href":"https:\/\/urlaub.vogt-clan.de\/index.php?rest_route=%2Fwp%2Fv2%2Fcategories&post=52"},{"taxonomy":"post_tag","embeddable":true,"href":"https:\/\/urlaub.vogt-clan.de\/index.php?rest_route=%2Fwp%2Fv2%2Ftags&post=52"}],"curies":[{"name":"wp","href":"https:\/\/api.w.org\/{rel}","templated":true}]}}