{"id":4987,"date":"2025-06-15T03:45:31","date_gmt":"2025-06-15T01:45:31","guid":{"rendered":"https:\/\/urlaub.vogt-clan.de\/?p=4987"},"modified":"2025-06-15T03:45:32","modified_gmt":"2025-06-15T01:45:32","slug":"und-los-2","status":"publish","type":"post","link":"https:\/\/urlaub.vogt-clan.de\/?p=4987","title":{"rendered":"Und los"},"content":{"rendered":"\n<p>Am 14.06.25 brechen wir fr\u00fch Richtung Flughafen D\u00fcsseldorf auf. Ein Uber bringt uns zeitig zum Flughafen. Planm\u00e4\u00dfig geht es um 7:30 Uhr los, in M\u00fcnchen haben wir dann knapp 2,5 Stunden Aufenthalt, bevor es um 11:15 Uhr weiter nach Denver geht.<\/p>\n\n\n\n<p>Die Fahrt zum Flughafen ist p\u00fcnktlich, aber beim CheckIn gibt es direkt Probleme: Nachdem der erste Koffer auf die Reise geschickt wurde, fragt der Mitarbeiter, ob wir ab M\u00fcnchen mit Flug 2381 weiterfliegen. Ich verneine, er zerreisst diverse Bordkarten und druckt diese neu aus. Auf die Frage, was denn mit dem ersten Koffer sei, meint er: das kriegen wir hin. Worte, die man nicht h\u00f6ren m\u00f6chte.<\/p>\n\n\n\n<p>Er spricht mit dem Supervisor, kommt zur\u00fcck und versichert uns, dass der Koffer \u201aumgelabelt\u2018 wird. Nun ja, 2 Belege f\u00fcr drei Gep\u00e4ckst\u00fccke (den fehlenden erhalten sie am Gate) machen unruhig. Dass die Bordkarte f\u00fcr Bianka auf den Namen \u201aAnna\u2018 ausgestellt war, macht die Sache nicht besser \ud83d\ude31<\/p>\n\n\n\n<p>Tats\u00e4chlich erhalten wir am Gate den Beleg und laut App sind alle Gep\u00e4ckst\u00fccke in M\u00fcnchen angekommen. L\u00e4uft. Nun 2 Stunden Aufenthalt in der Lounge, um 10:30 Uhr soll das Boarding f\u00fcr Denver beginnen.<\/p>\n\n\n\n<figure class=\"wp-block-image size-large\"><a href=\"https:\/\/urlaub.vogt-clan.de\/wp-content\/uploads\/2025\/06\/PXL_20250614_052410651-scaled.jpg\"><img loading=\"lazy\" decoding=\"async\" width=\"771\" height=\"1024\" src=\"https:\/\/urlaub.vogt-clan.de\/wp-content\/uploads\/2025\/06\/PXL_20250614_052410651-771x1024.jpg\" alt=\"\" class=\"wp-image-4993\" srcset=\"https:\/\/urlaub.vogt-clan.de\/wp-content\/uploads\/2025\/06\/PXL_20250614_052410651-771x1024.jpg 771w, https:\/\/urlaub.vogt-clan.de\/wp-content\/uploads\/2025\/06\/PXL_20250614_052410651-226x300.jpg 226w, https:\/\/urlaub.vogt-clan.de\/wp-content\/uploads\/2025\/06\/PXL_20250614_052410651-768x1020.jpg 768w, https:\/\/urlaub.vogt-clan.de\/wp-content\/uploads\/2025\/06\/PXL_20250614_052410651-1157x1536.jpg 1157w, https:\/\/urlaub.vogt-clan.de\/wp-content\/uploads\/2025\/06\/PXL_20250614_052410651-1542x2048.jpg 1542w, https:\/\/urlaub.vogt-clan.de\/wp-content\/uploads\/2025\/06\/PXL_20250614_052410651-1200x1594.jpg 1200w, https:\/\/urlaub.vogt-clan.de\/wp-content\/uploads\/2025\/06\/PXL_20250614_052410651-scaled.jpg 1928w\" sizes=\"auto, (max-width: 709px) 85vw, (max-width: 909px) 67vw, (max-width: 984px) 61vw, (max-width: 1362px) 45vw, 600px\" \/><\/a><figcaption class=\"wp-element-caption\">Bester Platz<\/figcaption><\/figure>\n\n\n\n<p>Der Abflug nach Denver ist 35 Minuten versp\u00e4tet, der Flug ist sehr angenehm, Essen und Getr\u00e4nke gibt es reichlich. Wir landen p\u00fcnktlich, da aber der einzige Platz f\u00fcr einen A380 belegt ist, stehen wir 30 Minuten auf dem Vorfeld.<\/p>\n\n\n\n<p>Danach geht alles flott, Einreise dauert mit Warteschlange 20 Minuten bei freundlichen Mitarbeitern. W\u00e4hrend wir warten, teilt uns Lufthansa mit, dass ein Koffer in M\u00fcnchen geblieben ist, wird angeblich Morgen nachgeliefert. Warten wir mal ab.<\/p>\n\n\n\n<p>Am sp\u00e4ten Nachmittag gehen wir zur nahegelegenen Danico Brauerei und testen uns durch.<\/p>\n\n\n\n<figure class=\"wp-block-image size-large\"><a href=\"https:\/\/urlaub.vogt-clan.de\/wp-content\/uploads\/2025\/06\/PXL_20250615_000750917-scaled.jpg\"><img loading=\"lazy\" decoding=\"async\" width=\"1024\" height=\"771\" src=\"https:\/\/urlaub.vogt-clan.de\/wp-content\/uploads\/2025\/06\/PXL_20250615_000750917-1024x771.jpg\" alt=\"\" class=\"wp-image-4996\" srcset=\"https:\/\/urlaub.vogt-clan.de\/wp-content\/uploads\/2025\/06\/PXL_20250615_000750917-1024x771.jpg 1024w, https:\/\/urlaub.vogt-clan.de\/wp-content\/uploads\/2025\/06\/PXL_20250615_000750917-300x226.jpg 300w, https:\/\/urlaub.vogt-clan.de\/wp-content\/uploads\/2025\/06\/PXL_20250615_000750917-768x578.jpg 768w, https:\/\/urlaub.vogt-clan.de\/wp-content\/uploads\/2025\/06\/PXL_20250615_000750917-1536x1157.jpg 1536w, https:\/\/urlaub.vogt-clan.de\/wp-content\/uploads\/2025\/06\/PXL_20250615_000750917-2048x1542.jpg 2048w, https:\/\/urlaub.vogt-clan.de\/wp-content\/uploads\/2025\/06\/PXL_20250615_000750917-1200x904.jpg 1200w\" sizes=\"auto, (max-width: 709px) 85vw, (max-width: 909px) 67vw, (max-width: 1362px) 62vw, 840px\" \/><\/a><figcaption class=\"wp-element-caption\">Bierprobe Danico<\/figcaption><\/figure>\n\n\n\n<p>Um 20:00 Uhr Ortszeit (4:00 Uhr fr\u00fch in Deutschland) sind wir wieder im Hotel und fallen ins Bett. Morgen: Denver Downtown.<\/p>\n\n\n\n<p><\/p>\n","protected":false},"excerpt":{"rendered":"<p>Am 14.06.25 brechen wir fr\u00fch Richtung Flughafen D\u00fcsseldorf auf. Ein Uber bringt uns zeitig zum Flughafen. Planm\u00e4\u00dfig geht es um 7:30 Uhr los, in M\u00fcnchen haben wir dann knapp 2,5 Stunden Aufenthalt, bevor es um 11:15 Uhr weiter nach Denver geht. Die Fahrt zum Flughafen ist p\u00fcnktlich, aber beim CheckIn gibt es direkt Probleme: Nachdem &hellip; <a href=\"https:\/\/urlaub.vogt-clan.de\/?p=4987\" class=\"more-link\"><span class=\"screen-reader-text\">\u201eUnd los\u201c <\/span>weiterlesen<\/a><\/p>\n","protected":false},"author":3,"featured_media":0,"comment_status":"open","ping_status":"open","sticky":false,"template":"","format":"standard","meta":{"_s2mail":"","footnotes":""},"categories":[309],"tags":[287],"class_list":["post-4987","post","type-post","status-publish","format-standard","hentry","category-2025-usa","tag-usa"],"jetpack_featured_media_url":"","_links":{"self":[{"href":"https:\/\/urlaub.vogt-clan.de\/index.php?rest_route=\/wp\/v2\/posts\/4987","targetHints":{"allow":["GET"]}}],"collection":[{"href":"https:\/\/urlaub.vogt-clan.de\/index.php?rest_route=\/wp\/v2\/posts"}],"about":[{"href":"https:\/\/urlaub.vogt-clan.de\/index.php?rest_route=\/wp\/v2\/types\/post"}],"author":[{"embeddable":true,"href":"https:\/\/urlaub.vogt-clan.de\/index.php?rest_route=\/wp\/v2\/users\/3"}],"replies":[{"embeddable":true,"href":"https:\/\/urlaub.vogt-clan.de\/index.php?rest_route=%2Fwp%2Fv2%2Fcomments&post=4987"}],"version-history":[{"count":10,"href":"https:\/\/urlaub.vogt-clan.de\/index.php?rest_route=\/wp\/v2\/posts\/4987\/revisions"}],"predecessor-version":[{"id":5000,"href":"https:\/\/urlaub.vogt-clan.de\/index.php?rest_route=\/wp\/v2\/posts\/4987\/revisions\/5000"}],"wp:attachment":[{"href":"https:\/\/urlaub.vogt-clan.de\/index.php?rest_route=%2Fwp%2Fv2%2Fmedia&parent=4987"}],"wp:term":[{"taxonomy":"category","embeddable":true,"href":"https:\/\/urlaub.vogt-clan.de\/index.php?rest_route=%2Fwp%2Fv2%2Fcategories&post=4987"},{"taxonomy":"post_tag","embeddable":true,"href":"https:\/\/urlaub.vogt-clan.de\/index.php?rest_route=%2Fwp%2Fv2%2Ftags&post=4987"}],"curies":[{"name":"wp","href":"https:\/\/api.w.org\/{rel}","templated":true}]}}