{"id":4876,"date":"2024-06-17T18:50:24","date_gmt":"2024-06-17T16:50:24","guid":{"rendered":"https:\/\/urlaub.vogt-clan.de\/?p=4876"},"modified":"2024-06-20T21:27:57","modified_gmt":"2024-06-20T19:27:57","slug":"von-landeck-nach-reschen","status":"publish","type":"post","link":"https:\/\/urlaub.vogt-clan.de\/?p=4876","title":{"rendered":"Von Landeck nach Reschen"},"content":{"rendered":"\n<p>Heute geht es mal nicht direkt zu Fu\u00df los, sondern wir m\u00fcssen gut 75 Minuten mit dem Bus nach Nauders M\u00fchle fahren. Wir starten um 8:45 Uhr im Hotel, kaufen Tagesverpflegung und erreichen den Bus p\u00fcnktlich. Auch den Sessellift zum Mutzkopf finden wir schnell, so dass wir gegen 10:45 Uhr den Weg angehen k\u00f6nnen.<\/p>\n\n\n\n<figure class=\"wp-block-image size-large\"><a href=\"https:\/\/urlaub.vogt-clan.de\/wp-content\/uploads\/2024\/06\/PXL_20240617_082514986-scaled.jpg\"><img loading=\"lazy\" decoding=\"async\" width=\"1024\" height=\"771\" src=\"https:\/\/urlaub.vogt-clan.de\/wp-content\/uploads\/2024\/06\/PXL_20240617_082514986-1024x771.jpg\" alt=\"\" class=\"wp-image-4884\" srcset=\"https:\/\/urlaub.vogt-clan.de\/wp-content\/uploads\/2024\/06\/PXL_20240617_082514986-1024x771.jpg 1024w, https:\/\/urlaub.vogt-clan.de\/wp-content\/uploads\/2024\/06\/PXL_20240617_082514986-300x226.jpg 300w, https:\/\/urlaub.vogt-clan.de\/wp-content\/uploads\/2024\/06\/PXL_20240617_082514986-768x578.jpg 768w, https:\/\/urlaub.vogt-clan.de\/wp-content\/uploads\/2024\/06\/PXL_20240617_082514986-1536x1157.jpg 1536w, https:\/\/urlaub.vogt-clan.de\/wp-content\/uploads\/2024\/06\/PXL_20240617_082514986-2048x1542.jpg 2048w, https:\/\/urlaub.vogt-clan.de\/wp-content\/uploads\/2024\/06\/PXL_20240617_082514986-1200x904.jpg 1200w\" sizes=\"auto, (max-width: 709px) 85vw, (max-width: 909px) 67vw, (max-width: 1362px) 62vw, 840px\" \/><\/a><figcaption class=\"wp-element-caption\">Kaiserwetter beim Start<\/figcaption><\/figure>\n\n\n\n<figure class=\"wp-block-image size-large\"><a href=\"https:\/\/urlaub.vogt-clan.de\/wp-content\/uploads\/2024\/06\/PXL_20240617_083209266.MP_-scaled.jpg\"><img loading=\"lazy\" decoding=\"async\" width=\"1024\" height=\"771\" src=\"https:\/\/urlaub.vogt-clan.de\/wp-content\/uploads\/2024\/06\/PXL_20240617_083209266.MP_-1024x771.jpg\" alt=\"\" class=\"wp-image-4885\" srcset=\"https:\/\/urlaub.vogt-clan.de\/wp-content\/uploads\/2024\/06\/PXL_20240617_083209266.MP_-1024x771.jpg 1024w, https:\/\/urlaub.vogt-clan.de\/wp-content\/uploads\/2024\/06\/PXL_20240617_083209266.MP_-300x226.jpg 300w, https:\/\/urlaub.vogt-clan.de\/wp-content\/uploads\/2024\/06\/PXL_20240617_083209266.MP_-768x578.jpg 768w, https:\/\/urlaub.vogt-clan.de\/wp-content\/uploads\/2024\/06\/PXL_20240617_083209266.MP_-1536x1157.jpg 1536w, https:\/\/urlaub.vogt-clan.de\/wp-content\/uploads\/2024\/06\/PXL_20240617_083209266.MP_-2048x1542.jpg 2048w, https:\/\/urlaub.vogt-clan.de\/wp-content\/uploads\/2024\/06\/PXL_20240617_083209266.MP_-1200x904.jpg 1200w\" sizes=\"auto, (max-width: 709px) 85vw, (max-width: 909px) 67vw, (max-width: 1362px) 62vw, 840px\" \/><\/a><figcaption class=\"wp-element-caption\">Auf den Mutzkopf<\/figcaption><\/figure>\n\n\n\n<p>Relativ schnell erreichen wir auf schmalen Wegen den Schwarzen See und den Gr\u00fcnen See.<\/p>\n\n\n\n<figure class=\"wp-block-image size-large is-resized\"><a href=\"https:\/\/urlaub.vogt-clan.de\/wp-content\/uploads\/2024\/06\/PXL_20240617_093218054-scaled.jpg\"><img loading=\"lazy\" decoding=\"async\" width=\"1024\" height=\"771\" src=\"https:\/\/urlaub.vogt-clan.de\/wp-content\/uploads\/2024\/06\/PXL_20240617_093218054-1024x771.jpg\" alt=\"\" class=\"wp-image-4886\" style=\"width:622px;height:auto\" srcset=\"https:\/\/urlaub.vogt-clan.de\/wp-content\/uploads\/2024\/06\/PXL_20240617_093218054-1024x771.jpg 1024w, https:\/\/urlaub.vogt-clan.de\/wp-content\/uploads\/2024\/06\/PXL_20240617_093218054-300x226.jpg 300w, https:\/\/urlaub.vogt-clan.de\/wp-content\/uploads\/2024\/06\/PXL_20240617_093218054-768x578.jpg 768w, https:\/\/urlaub.vogt-clan.de\/wp-content\/uploads\/2024\/06\/PXL_20240617_093218054-1536x1157.jpg 1536w, https:\/\/urlaub.vogt-clan.de\/wp-content\/uploads\/2024\/06\/PXL_20240617_093218054-2048x1542.jpg 2048w, https:\/\/urlaub.vogt-clan.de\/wp-content\/uploads\/2024\/06\/PXL_20240617_093218054-1200x904.jpg 1200w\" sizes=\"auto, (max-width: 709px) 85vw, (max-width: 909px) 67vw, (max-width: 1362px) 62vw, 840px\" \/><\/a><figcaption class=\"wp-element-caption\">Schwarzer See und Panorama<\/figcaption><\/figure>\n\n\n\n<p>Durch sch\u00f6ne Almwiesen steigen wir langsam an, noch ist das Ganze Spa\u00df.<\/p>\n\n\n\n<figure class=\"wp-block-image size-large is-resized\"><a href=\"https:\/\/urlaub.vogt-clan.de\/wp-content\/uploads\/2024\/06\/PXL_20240617_103428128-scaled.jpg\"><img loading=\"lazy\" decoding=\"async\" width=\"771\" height=\"1024\" src=\"https:\/\/urlaub.vogt-clan.de\/wp-content\/uploads\/2024\/06\/PXL_20240617_103428128-771x1024.jpg\" alt=\"\" class=\"wp-image-4883\" style=\"width:631px;height:auto\" srcset=\"https:\/\/urlaub.vogt-clan.de\/wp-content\/uploads\/2024\/06\/PXL_20240617_103428128-771x1024.jpg 771w, https:\/\/urlaub.vogt-clan.de\/wp-content\/uploads\/2024\/06\/PXL_20240617_103428128-226x300.jpg 226w, https:\/\/urlaub.vogt-clan.de\/wp-content\/uploads\/2024\/06\/PXL_20240617_103428128-768x1020.jpg 768w, https:\/\/urlaub.vogt-clan.de\/wp-content\/uploads\/2024\/06\/PXL_20240617_103428128-1157x1536.jpg 1157w, https:\/\/urlaub.vogt-clan.de\/wp-content\/uploads\/2024\/06\/PXL_20240617_103428128-1542x2048.jpg 1542w, https:\/\/urlaub.vogt-clan.de\/wp-content\/uploads\/2024\/06\/PXL_20240617_103428128-1200x1594.jpg 1200w, https:\/\/urlaub.vogt-clan.de\/wp-content\/uploads\/2024\/06\/PXL_20240617_103428128-scaled.jpg 1928w\" sizes=\"auto, (max-width: 709px) 85vw, (max-width: 909px) 67vw, (max-width: 984px) 61vw, (max-width: 1362px) 45vw, 600px\" \/><\/a><\/figure>\n\n\n\n<p><\/p>\n\n\n\n<figure class=\"wp-block-image size-large is-resized\"><a href=\"https:\/\/urlaub.vogt-clan.de\/wp-content\/uploads\/2024\/06\/PXL_20240617_130315972-scaled.jpg\"><img loading=\"lazy\" decoding=\"async\" width=\"771\" height=\"1024\" src=\"https:\/\/urlaub.vogt-clan.de\/wp-content\/uploads\/2024\/06\/PXL_20240617_130315972-771x1024.jpg\" alt=\"\" class=\"wp-image-4879\" style=\"width:630px;height:auto\" srcset=\"https:\/\/urlaub.vogt-clan.de\/wp-content\/uploads\/2024\/06\/PXL_20240617_130315972-771x1024.jpg 771w, https:\/\/urlaub.vogt-clan.de\/wp-content\/uploads\/2024\/06\/PXL_20240617_130315972-226x300.jpg 226w, https:\/\/urlaub.vogt-clan.de\/wp-content\/uploads\/2024\/06\/PXL_20240617_130315972-768x1020.jpg 768w, https:\/\/urlaub.vogt-clan.de\/wp-content\/uploads\/2024\/06\/PXL_20240617_130315972-1157x1536.jpg 1157w, https:\/\/urlaub.vogt-clan.de\/wp-content\/uploads\/2024\/06\/PXL_20240617_130315972-1542x2048.jpg 1542w, https:\/\/urlaub.vogt-clan.de\/wp-content\/uploads\/2024\/06\/PXL_20240617_130315972-1200x1594.jpg 1200w, https:\/\/urlaub.vogt-clan.de\/wp-content\/uploads\/2024\/06\/PXL_20240617_130315972-scaled.jpg 1928w\" sizes=\"auto, (max-width: 709px) 85vw, (max-width: 909px) 67vw, (max-width: 984px) 61vw, (max-width: 1362px) 45vw, 600px\" \/><\/a><\/figure>\n\n\n\n<p><\/p>\n\n\n\n<p>Aber im Laufe der Zeit wird der Weg sehr steil und unwegsam. Es ist nachvollziehbar, dass hier Alternativen und Abk\u00fcrzungen angeboten werden. Aber wir wollen zum Dreil\u00e4ndereck!<\/p>\n\n\n\n<figure class=\"wp-block-image size-large\"><a href=\"https:\/\/urlaub.vogt-clan.de\/wp-content\/uploads\/2024\/06\/PXL_20240617_120311757-scaled.jpg\"><img loading=\"lazy\" decoding=\"async\" width=\"771\" height=\"1024\" src=\"https:\/\/urlaub.vogt-clan.de\/wp-content\/uploads\/2024\/06\/PXL_20240617_120311757-771x1024.jpg\" alt=\"\" class=\"wp-image-4887\" srcset=\"https:\/\/urlaub.vogt-clan.de\/wp-content\/uploads\/2024\/06\/PXL_20240617_120311757-771x1024.jpg 771w, https:\/\/urlaub.vogt-clan.de\/wp-content\/uploads\/2024\/06\/PXL_20240617_120311757-226x300.jpg 226w, https:\/\/urlaub.vogt-clan.de\/wp-content\/uploads\/2024\/06\/PXL_20240617_120311757-768x1020.jpg 768w, https:\/\/urlaub.vogt-clan.de\/wp-content\/uploads\/2024\/06\/PXL_20240617_120311757-1157x1536.jpg 1157w, https:\/\/urlaub.vogt-clan.de\/wp-content\/uploads\/2024\/06\/PXL_20240617_120311757-1542x2048.jpg 1542w, https:\/\/urlaub.vogt-clan.de\/wp-content\/uploads\/2024\/06\/PXL_20240617_120311757-1200x1594.jpg 1200w, https:\/\/urlaub.vogt-clan.de\/wp-content\/uploads\/2024\/06\/PXL_20240617_120311757-scaled.jpg 1928w\" sizes=\"auto, (max-width: 709px) 85vw, (max-width: 909px) 67vw, (max-width: 984px) 61vw, (max-width: 1362px) 45vw, 600px\" \/><\/a><figcaption class=\"wp-element-caption\">Beispiel Weg (einer der Besseren)<\/figcaption><\/figure>\n\n\n\n<p>An einem Aufstieg kommt uns eine Wandergruppe entgegen. Zum Teil haben die \u00e4lteren Herrschaften (jedenfalls \u00e4lter als wir) keine St\u00f6cke dabei. In einigen Abschnitten m\u00fcssen sie  sich auf den Hosenboden setzen und den Berg runter krabbeln. Stufen von 50 cm H\u00f6he sind keine Seltenheit.<\/p>\n\n\n\n<p>Letztendlich bei\u00dfen wir uns aber durch und Karl bekommt sein Foto auf dem Grenzstein zwischen \u00d6sterreich, Italien und der Schweiz.<\/p>\n\n\n\n<figure class=\"wp-block-image size-large\"><a href=\"https:\/\/urlaub.vogt-clan.de\/wp-content\/uploads\/2024\/06\/PXL_20240617_114706172-scaled.jpg\"><img loading=\"lazy\" decoding=\"async\" width=\"1024\" height=\"771\" src=\"https:\/\/urlaub.vogt-clan.de\/wp-content\/uploads\/2024\/06\/PXL_20240617_114706172-1024x771.jpg\" alt=\"\" class=\"wp-image-4881\" srcset=\"https:\/\/urlaub.vogt-clan.de\/wp-content\/uploads\/2024\/06\/PXL_20240617_114706172-1024x771.jpg 1024w, https:\/\/urlaub.vogt-clan.de\/wp-content\/uploads\/2024\/06\/PXL_20240617_114706172-300x226.jpg 300w, https:\/\/urlaub.vogt-clan.de\/wp-content\/uploads\/2024\/06\/PXL_20240617_114706172-768x578.jpg 768w, https:\/\/urlaub.vogt-clan.de\/wp-content\/uploads\/2024\/06\/PXL_20240617_114706172-1536x1157.jpg 1536w, https:\/\/urlaub.vogt-clan.de\/wp-content\/uploads\/2024\/06\/PXL_20240617_114706172-2048x1542.jpg 2048w, https:\/\/urlaub.vogt-clan.de\/wp-content\/uploads\/2024\/06\/PXL_20240617_114706172-1200x904.jpg 1200w\" sizes=\"auto, (max-width: 709px) 85vw, (max-width: 909px) 67vw, (max-width: 1362px) 62vw, 840px\" \/><\/a><figcaption class=\"wp-element-caption\">On the Top<\/figcaption><\/figure>\n\n\n\n<p>Das Panorama ist aber auch beeindruckend.<\/p>\n\n\n\n<figure class=\"wp-block-image size-large\"><a href=\"https:\/\/urlaub.vogt-clan.de\/wp-content\/uploads\/2024\/06\/PXL_20240617_114409604.PANO_-scaled.jpg\"><img loading=\"lazy\" decoding=\"async\" width=\"1024\" height=\"541\" src=\"https:\/\/urlaub.vogt-clan.de\/wp-content\/uploads\/2024\/06\/PXL_20240617_114409604.PANO_-1024x541.jpg\" alt=\"\" class=\"wp-image-4888\" srcset=\"https:\/\/urlaub.vogt-clan.de\/wp-content\/uploads\/2024\/06\/PXL_20240617_114409604.PANO_-1024x541.jpg 1024w, https:\/\/urlaub.vogt-clan.de\/wp-content\/uploads\/2024\/06\/PXL_20240617_114409604.PANO_-300x158.jpg 300w, https:\/\/urlaub.vogt-clan.de\/wp-content\/uploads\/2024\/06\/PXL_20240617_114409604.PANO_-768x406.jpg 768w, https:\/\/urlaub.vogt-clan.de\/wp-content\/uploads\/2024\/06\/PXL_20240617_114409604.PANO_-1536x812.jpg 1536w, https:\/\/urlaub.vogt-clan.de\/wp-content\/uploads\/2024\/06\/PXL_20240617_114409604.PANO_-2048x1082.jpg 2048w, https:\/\/urlaub.vogt-clan.de\/wp-content\/uploads\/2024\/06\/PXL_20240617_114409604.PANO_-1200x634.jpg 1200w\" sizes=\"auto, (max-width: 709px) 85vw, (max-width: 909px) 67vw, (max-width: 1362px) 62vw, 840px\" \/><\/a><figcaption class=\"wp-element-caption\">Blick vom Dreil\u00e4ndereck<\/figcaption><\/figure>\n\n\n\n<p>F\u00fcr den Abstieg w\u00e4hlen wir &#8211; nat\u00fcrlich &#8211; den anspruchsvollen H\u00f6henweg, der landschaftlich ein Traum ist. Da es aber immer an einer Seite steil abf\u00e4llt und der Weg sehr schmal ist, ist Trittsicherheit und Schwindelfreiheit schon Voraussetzung daf\u00fcr. Nach gut 90 Minuten erreichen wir die Rescher Alm.<\/p>\n\n\n\n<figure class=\"wp-block-image size-large is-resized\"><a href=\"https:\/\/urlaub.vogt-clan.de\/wp-content\/uploads\/2024\/06\/PXL_20240617_130909084-scaled.jpg\"><img loading=\"lazy\" decoding=\"async\" width=\"1024\" height=\"771\" src=\"https:\/\/urlaub.vogt-clan.de\/wp-content\/uploads\/2024\/06\/PXL_20240617_130909084-1024x771.jpg\" alt=\"\" class=\"wp-image-4878\" style=\"width:697px;height:auto\" srcset=\"https:\/\/urlaub.vogt-clan.de\/wp-content\/uploads\/2024\/06\/PXL_20240617_130909084-1024x771.jpg 1024w, https:\/\/urlaub.vogt-clan.de\/wp-content\/uploads\/2024\/06\/PXL_20240617_130909084-300x226.jpg 300w, https:\/\/urlaub.vogt-clan.de\/wp-content\/uploads\/2024\/06\/PXL_20240617_130909084-768x578.jpg 768w, https:\/\/urlaub.vogt-clan.de\/wp-content\/uploads\/2024\/06\/PXL_20240617_130909084-1536x1157.jpg 1536w, https:\/\/urlaub.vogt-clan.de\/wp-content\/uploads\/2024\/06\/PXL_20240617_130909084-2048x1542.jpg 2048w, https:\/\/urlaub.vogt-clan.de\/wp-content\/uploads\/2024\/06\/PXL_20240617_130909084-1200x904.jpg 1200w\" sizes=\"auto, (max-width: 709px) 85vw, (max-width: 909px) 67vw, (max-width: 1362px) 62vw, 840px\" \/><\/a><figcaption class=\"wp-element-caption\">Schon 200 Meter abgestiegen<\/figcaption><\/figure>\n\n\n\n<p>Hier tanken wir Fl\u00fcssigkeit nach, vor uns liegt noch ein Abstieg um weitere 500 Meter \u00fcber Wiesen und Schotterstrecke.<\/p>\n\n\n\n<p>Gegen 16:45 Uhr erreichen wir den Gasthof Schwarzer Adler in Reschen und sind wirklich geschafft. Zum Gl\u00fcck k\u00f6nnen wir Abends im Hotel essen, das erspart uns weitere Wege im Ort. F\u00fcr den morgigen Tag m\u00fcssen wir sehen, wie sich die Beine anf\u00fchlen. Immerhin k\u00f6nnen wir die Etappe auf 21 km erweitern \ud83d\ude08<\/p>\n","protected":false},"excerpt":{"rendered":"<p>Heute geht es mal nicht direkt zu Fu\u00df los, sondern wir m\u00fcssen gut 75 Minuten mit dem Bus nach Nauders M\u00fchle fahren. Wir starten um 8:45 Uhr im Hotel, kaufen Tagesverpflegung und erreichen den Bus p\u00fcnktlich. Auch den Sessellift zum Mutzkopf finden wir schnell, so dass wir gegen 10:45 Uhr den Weg angehen k\u00f6nnen. Relativ &hellip; <a href=\"https:\/\/urlaub.vogt-clan.de\/?p=4876\" class=\"more-link\"><span class=\"screen-reader-text\">\u201eVon Landeck nach Reschen\u201c <\/span>weiterlesen<\/a><\/p>\n","protected":false},"author":3,"featured_media":0,"comment_status":"open","ping_status":"open","sticky":false,"template":"","format":"standard","meta":{"_s2mail":"","footnotes":""},"categories":[308],"tags":[279,281],"class_list":["post-4876","post","type-post","status-publish","format-standard","hentry","category-2024-alpenueberquerung","tag-deutschland","tag-wandern"],"jetpack_featured_media_url":"","_links":{"self":[{"href":"https:\/\/urlaub.vogt-clan.de\/index.php?rest_route=\/wp\/v2\/posts\/4876","targetHints":{"allow":["GET"]}}],"collection":[{"href":"https:\/\/urlaub.vogt-clan.de\/index.php?rest_route=\/wp\/v2\/posts"}],"about":[{"href":"https:\/\/urlaub.vogt-clan.de\/index.php?rest_route=\/wp\/v2\/types\/post"}],"author":[{"embeddable":true,"href":"https:\/\/urlaub.vogt-clan.de\/index.php?rest_route=\/wp\/v2\/users\/3"}],"replies":[{"embeddable":true,"href":"https:\/\/urlaub.vogt-clan.de\/index.php?rest_route=%2Fwp%2Fv2%2Fcomments&post=4876"}],"version-history":[{"count":3,"href":"https:\/\/urlaub.vogt-clan.de\/index.php?rest_route=\/wp\/v2\/posts\/4876\/revisions"}],"predecessor-version":[{"id":4918,"href":"https:\/\/urlaub.vogt-clan.de\/index.php?rest_route=\/wp\/v2\/posts\/4876\/revisions\/4918"}],"wp:attachment":[{"href":"https:\/\/urlaub.vogt-clan.de\/index.php?rest_route=%2Fwp%2Fv2%2Fmedia&parent=4876"}],"wp:term":[{"taxonomy":"category","embeddable":true,"href":"https:\/\/urlaub.vogt-clan.de\/index.php?rest_route=%2Fwp%2Fv2%2Fcategories&post=4876"},{"taxonomy":"post_tag","embeddable":true,"href":"https:\/\/urlaub.vogt-clan.de\/index.php?rest_route=%2Fwp%2Fv2%2Ftags&post=4876"}],"curies":[{"name":"wp","href":"https:\/\/api.w.org\/{rel}","templated":true}]}}