{"id":4170,"date":"2023-01-03T11:38:57","date_gmt":"2023-01-03T10:38:57","guid":{"rendered":"https:\/\/urlaub.vogt-clan.de\/?p=4170"},"modified":"2023-01-03T11:39:00","modified_gmt":"2023-01-03T10:39:00","slug":"addo-nationalpark-1","status":"publish","type":"post","link":"https:\/\/urlaub.vogt-clan.de\/?p=4170","title":{"rendered":"Addo Nationalpark 1"},"content":{"rendered":"\n<p>Am Neujahrstag brechen wir zeitig auf Richtung Addo NP. Bis zum S\u00fcdtor sind es ca. 280 km, f\u00fcr die Bianka ungef\u00e4hr 3 Stunden f\u00e4hrt. Dort wechseln wir und ich fahre die 40 km bis zum Maincamp und anschlie\u00dfend die 15 km zum Restcamp Nyathi. Daf\u00fcr brauche ich ebenfalls 3 Stunden.&nbsp;<\/p>\n\n\n\n<p>Zum einen liegt es am Tempolimit von max. 40 km\/h, zum anderen am Zustand der Piste, aber auch an den vielen Sichtungen, die wir auf der Fahrt quer durch den Park machen.<\/p>\n\n\n\n<figure class=\"wp-block-image size-large\"><a href=\"https:\/\/urlaub.vogt-clan.de\/wp-content\/uploads\/2023\/01\/PXL_20230101_130837412-scaled.jpg\"><img loading=\"lazy\" decoding=\"async\" width=\"1024\" height=\"771\" src=\"https:\/\/urlaub.vogt-clan.de\/wp-content\/uploads\/2023\/01\/PXL_20230101_130837412-1024x771.jpg\" alt=\"\" class=\"wp-image-4177\" srcset=\"https:\/\/urlaub.vogt-clan.de\/wp-content\/uploads\/2023\/01\/PXL_20230101_130837412-1024x771.jpg 1024w, https:\/\/urlaub.vogt-clan.de\/wp-content\/uploads\/2023\/01\/PXL_20230101_130837412-300x226.jpg 300w, https:\/\/urlaub.vogt-clan.de\/wp-content\/uploads\/2023\/01\/PXL_20230101_130837412-768x578.jpg 768w, https:\/\/urlaub.vogt-clan.de\/wp-content\/uploads\/2023\/01\/PXL_20230101_130837412-1536x1157.jpg 1536w, https:\/\/urlaub.vogt-clan.de\/wp-content\/uploads\/2023\/01\/PXL_20230101_130837412-2048x1542.jpg 2048w, https:\/\/urlaub.vogt-clan.de\/wp-content\/uploads\/2023\/01\/PXL_20230101_130837412-1200x904.jpg 1200w\" sizes=\"auto, (max-width: 709px) 85vw, (max-width: 909px) 67vw, (max-width: 1362px) 62vw, 840px\" \/><\/a><figcaption class=\"wp-element-caption\">Camp Nyathi<\/figcaption><\/figure>\n\n\n\n<figure class=\"wp-block-image size-large\"><a href=\"https:\/\/urlaub.vogt-clan.de\/wp-content\/uploads\/2023\/01\/PXL_20230101_130024521-scaled.jpg\"><img loading=\"lazy\" decoding=\"async\" width=\"1024\" height=\"771\" src=\"https:\/\/urlaub.vogt-clan.de\/wp-content\/uploads\/2023\/01\/PXL_20230101_130024521-1024x771.jpg\" alt=\"\" class=\"wp-image-4176\" srcset=\"https:\/\/urlaub.vogt-clan.de\/wp-content\/uploads\/2023\/01\/PXL_20230101_130024521-1024x771.jpg 1024w, https:\/\/urlaub.vogt-clan.de\/wp-content\/uploads\/2023\/01\/PXL_20230101_130024521-300x226.jpg 300w, https:\/\/urlaub.vogt-clan.de\/wp-content\/uploads\/2023\/01\/PXL_20230101_130024521-768x578.jpg 768w, https:\/\/urlaub.vogt-clan.de\/wp-content\/uploads\/2023\/01\/PXL_20230101_130024521-1536x1157.jpg 1536w, https:\/\/urlaub.vogt-clan.de\/wp-content\/uploads\/2023\/01\/PXL_20230101_130024521-2048x1542.jpg 2048w, https:\/\/urlaub.vogt-clan.de\/wp-content\/uploads\/2023\/01\/PXL_20230101_130024521-1200x904.jpg 1200w\" sizes=\"auto, (max-width: 709px) 85vw, (max-width: 909px) 67vw, (max-width: 1362px) 62vw, 840px\" \/><\/a><figcaption class=\"wp-element-caption\">H\u00fctte innen<\/figcaption><\/figure>\n\n\n\n<p>Ob es Zebras, Kudus oder nat\u00fcrlich Elefanten sind, alles k\u00f6nnen wir in N\u00e4he des Wegs finden. Im Camp Nyathi &#8211; B\u00fcffel &#8211; beziehen wir in diesem neuesten Camp im Addo NP Bungalow 7 und sind schockverliebt. Ein wunderbares Haus mit voller Ausstattung, Terrasse mit Blick aufs Wasserloch und einem Mini-Pool zur Abk\u00fchlung. Was will man mehr. Abends grillen wir das mitgebrachte Fleisch, hier gibt es keinen Shop oder \u00e4hnliches. So starten wir gut gelaunt in die Tage im Addo NP.<\/p>\n\n\n\n<figure class=\"wp-block-image size-large\"><a href=\"https:\/\/urlaub.vogt-clan.de\/wp-content\/uploads\/2023\/01\/PXL_20230102_081947516-scaled.jpg\"><img loading=\"lazy\" decoding=\"async\" width=\"1024\" height=\"771\" src=\"https:\/\/urlaub.vogt-clan.de\/wp-content\/uploads\/2023\/01\/PXL_20230102_081947516-1024x771.jpg\" alt=\"\" class=\"wp-image-4178\" srcset=\"https:\/\/urlaub.vogt-clan.de\/wp-content\/uploads\/2023\/01\/PXL_20230102_081947516-1024x771.jpg 1024w, https:\/\/urlaub.vogt-clan.de\/wp-content\/uploads\/2023\/01\/PXL_20230102_081947516-300x226.jpg 300w, https:\/\/urlaub.vogt-clan.de\/wp-content\/uploads\/2023\/01\/PXL_20230102_081947516-768x578.jpg 768w, https:\/\/urlaub.vogt-clan.de\/wp-content\/uploads\/2023\/01\/PXL_20230102_081947516-1536x1157.jpg 1536w, https:\/\/urlaub.vogt-clan.de\/wp-content\/uploads\/2023\/01\/PXL_20230102_081947516-2048x1542.jpg 2048w, https:\/\/urlaub.vogt-clan.de\/wp-content\/uploads\/2023\/01\/PXL_20230102_081947516-1200x904.jpg 1200w\" sizes=\"auto, (max-width: 709px) 85vw, (max-width: 909px) 67vw, (max-width: 1362px) 62vw, 840px\" \/><\/a><\/figure>\n\n\n\n<p>Am 02.01. unternehmen wir ca. 5 Stunden Fahrten durch die verschiedenen Bereiche des Parks. Elefanten sehen wir relativ wenige, aber vor allem Zebras sind in gro\u00dfer Zahl neben den Pfaden und an den Wasserl\u00f6chern zu sehen. Als das Thermometer mittags die 35 Grad erreicht, beschlie\u00dfen wir, zur\u00fcck zur Unterkunft zu fahren und \u201aunseren\u2018 kleinen Pool zu nutzen.&nbsp;<\/p>\n\n\n\n<p>Abends gibt es wieder Steak vom Grill, diesmal begleitet von Rotwein.<\/p>\n\n\n\n<p>Am 03.01.23 starten wir um 6:00 Uhr fr\u00fch eine sechsst\u00fcndige Tour in den S\u00fcdteil des Parks. Alle W\u00fcnsche werden erf\u00fcllt: Elefanten, Zebras, B\u00fcffel \u2026<\/p>\n\n\n\n<figure class=\"wp-block-image size-large\"><a href=\"https:\/\/urlaub.vogt-clan.de\/wp-content\/uploads\/2023\/01\/PXL_20230103_062335795-scaled.jpg\"><img loading=\"lazy\" decoding=\"async\" width=\"1024\" height=\"771\" src=\"https:\/\/urlaub.vogt-clan.de\/wp-content\/uploads\/2023\/01\/PXL_20230103_062335795-1024x771.jpg\" alt=\"\" class=\"wp-image-4174\" srcset=\"https:\/\/urlaub.vogt-clan.de\/wp-content\/uploads\/2023\/01\/PXL_20230103_062335795-1024x771.jpg 1024w, https:\/\/urlaub.vogt-clan.de\/wp-content\/uploads\/2023\/01\/PXL_20230103_062335795-300x226.jpg 300w, https:\/\/urlaub.vogt-clan.de\/wp-content\/uploads\/2023\/01\/PXL_20230103_062335795-768x578.jpg 768w, https:\/\/urlaub.vogt-clan.de\/wp-content\/uploads\/2023\/01\/PXL_20230103_062335795-1536x1157.jpg 1536w, https:\/\/urlaub.vogt-clan.de\/wp-content\/uploads\/2023\/01\/PXL_20230103_062335795-2048x1542.jpg 2048w, https:\/\/urlaub.vogt-clan.de\/wp-content\/uploads\/2023\/01\/PXL_20230103_062335795-1200x904.jpg 1200w\" sizes=\"auto, (max-width: 709px) 85vw, (max-width: 909px) 67vw, (max-width: 1362px) 62vw, 840px\" \/><\/a><figcaption class=\"wp-element-caption\">Am Wasserloch<\/figcaption><\/figure>\n\n\n\n<figure class=\"wp-block-image size-large\"><a href=\"https:\/\/urlaub.vogt-clan.de\/wp-content\/uploads\/2023\/01\/PXL_20230103_083908362-scaled.jpg\"><img loading=\"lazy\" decoding=\"async\" width=\"1024\" height=\"771\" src=\"https:\/\/urlaub.vogt-clan.de\/wp-content\/uploads\/2023\/01\/PXL_20230103_083908362-1024x771.jpg\" alt=\"\" class=\"wp-image-4173\" srcset=\"https:\/\/urlaub.vogt-clan.de\/wp-content\/uploads\/2023\/01\/PXL_20230103_083908362-1024x771.jpg 1024w, https:\/\/urlaub.vogt-clan.de\/wp-content\/uploads\/2023\/01\/PXL_20230103_083908362-300x226.jpg 300w, https:\/\/urlaub.vogt-clan.de\/wp-content\/uploads\/2023\/01\/PXL_20230103_083908362-768x578.jpg 768w, https:\/\/urlaub.vogt-clan.de\/wp-content\/uploads\/2023\/01\/PXL_20230103_083908362-1536x1157.jpg 1536w, https:\/\/urlaub.vogt-clan.de\/wp-content\/uploads\/2023\/01\/PXL_20230103_083908362-2048x1542.jpg 2048w, https:\/\/urlaub.vogt-clan.de\/wp-content\/uploads\/2023\/01\/PXL_20230103_083908362-1200x904.jpg 1200w\" sizes=\"auto, (max-width: 709px) 85vw, (max-width: 909px) 67vw, (max-width: 1362px) 62vw, 840px\" \/><\/a><figcaption class=\"wp-element-caption\">B\u00fcffel im Dreck<\/figcaption><\/figure>\n\n\n\n<p>Um 12:00 Uhr gibt es Mittagessen im Park-Restaurant, inzwischen sind es 40 Grad. Bis 45 Grad sollen es heute noch werden, ab Morgen f\u00e4llt die Temperatur dann, Donnerstag sollen es noch 19 Grad sein.<\/p>\n\n\n\n<p>Da nutzen wir doch die Gelegenheit und h\u00fcpfen am Haus in unseren Mini-Pool:<\/p>\n\n\n\n<figure class=\"wp-block-image size-large\"><a href=\"https:\/\/urlaub.vogt-clan.de\/wp-content\/uploads\/2023\/01\/PXL_20230102_110545671.MP_-scaled.jpg\"><img loading=\"lazy\" decoding=\"async\" width=\"1024\" height=\"768\" src=\"https:\/\/urlaub.vogt-clan.de\/wp-content\/uploads\/2023\/01\/PXL_20230102_110545671.MP_-1024x768.jpg\" alt=\"\" class=\"wp-image-4175\" srcset=\"https:\/\/urlaub.vogt-clan.de\/wp-content\/uploads\/2023\/01\/PXL_20230102_110545671.MP_-1024x768.jpg 1024w, https:\/\/urlaub.vogt-clan.de\/wp-content\/uploads\/2023\/01\/PXL_20230102_110545671.MP_-300x225.jpg 300w, https:\/\/urlaub.vogt-clan.de\/wp-content\/uploads\/2023\/01\/PXL_20230102_110545671.MP_-768x576.jpg 768w, https:\/\/urlaub.vogt-clan.de\/wp-content\/uploads\/2023\/01\/PXL_20230102_110545671.MP_-1536x1152.jpg 1536w, https:\/\/urlaub.vogt-clan.de\/wp-content\/uploads\/2023\/01\/PXL_20230102_110545671.MP_-2048x1536.jpg 2048w, https:\/\/urlaub.vogt-clan.de\/wp-content\/uploads\/2023\/01\/PXL_20230102_110545671.MP_-1200x900.jpg 1200w\" sizes=\"auto, (max-width: 709px) 85vw, (max-width: 909px) 67vw, (max-width: 1362px) 62vw, 840px\" \/><\/a><\/figure>\n","protected":false},"excerpt":{"rendered":"<p>Am Neujahrstag brechen wir zeitig auf Richtung Addo NP. Bis zum S\u00fcdtor sind es ca. 280 km, f\u00fcr die Bianka ungef\u00e4hr 3 Stunden f\u00e4hrt. Dort wechseln wir und ich fahre die 40 km bis zum Maincamp und anschlie\u00dfend die 15 km zum Restcamp Nyathi. Daf\u00fcr brauche ich ebenfalls 3 Stunden.&nbsp; Zum einen liegt es am &hellip; <a href=\"https:\/\/urlaub.vogt-clan.de\/?p=4170\" class=\"more-link\"><span class=\"screen-reader-text\">\u201eAddo Nationalpark 1\u201c <\/span>weiterlesen<\/a><\/p>\n","protected":false},"author":3,"featured_media":0,"comment_status":"open","ping_status":"open","sticky":false,"template":"","format":"standard","meta":{"_s2mail":"","footnotes":""},"categories":[298],"tags":[255,267,283],"class_list":["post-4170","post","type-post","status-publish","format-standard","hentry","category-afrika23","tag-afrika","tag-namibia","tag-suedafrika"],"jetpack_featured_media_url":"","_links":{"self":[{"href":"https:\/\/urlaub.vogt-clan.de\/index.php?rest_route=\/wp\/v2\/posts\/4170","targetHints":{"allow":["GET"]}}],"collection":[{"href":"https:\/\/urlaub.vogt-clan.de\/index.php?rest_route=\/wp\/v2\/posts"}],"about":[{"href":"https:\/\/urlaub.vogt-clan.de\/index.php?rest_route=\/wp\/v2\/types\/post"}],"author":[{"embeddable":true,"href":"https:\/\/urlaub.vogt-clan.de\/index.php?rest_route=\/wp\/v2\/users\/3"}],"replies":[{"embeddable":true,"href":"https:\/\/urlaub.vogt-clan.de\/index.php?rest_route=%2Fwp%2Fv2%2Fcomments&post=4170"}],"version-history":[{"count":3,"href":"https:\/\/urlaub.vogt-clan.de\/index.php?rest_route=\/wp\/v2\/posts\/4170\/revisions"}],"predecessor-version":[{"id":4179,"href":"https:\/\/urlaub.vogt-clan.de\/index.php?rest_route=\/wp\/v2\/posts\/4170\/revisions\/4179"}],"wp:attachment":[{"href":"https:\/\/urlaub.vogt-clan.de\/index.php?rest_route=%2Fwp%2Fv2%2Fmedia&parent=4170"}],"wp:term":[{"taxonomy":"category","embeddable":true,"href":"https:\/\/urlaub.vogt-clan.de\/index.php?rest_route=%2Fwp%2Fv2%2Fcategories&post=4170"},{"taxonomy":"post_tag","embeddable":true,"href":"https:\/\/urlaub.vogt-clan.de\/index.php?rest_route=%2Fwp%2Fv2%2Ftags&post=4170"}],"curies":[{"name":"wp","href":"https:\/\/api.w.org\/{rel}","templated":true}]}}