{"id":4024,"date":"2022-05-26T22:09:00","date_gmt":"2022-05-26T20:09:00","guid":{"rendered":"https:\/\/urlaub.vogt-clan.de\/?p=4024"},"modified":"2022-05-29T14:06:57","modified_gmt":"2022-05-29T12:06:57","slug":"burghausen-nach-bad-fuessing","status":"publish","type":"post","link":"https:\/\/urlaub.vogt-clan.de\/?p=4024","title":{"rendered":"Burghausen nach Bad F\u00fcssing"},"content":{"rendered":"\n<figure class=\"wp-block-image size-large\"><a href=\"https:\/\/urlaub.vogt-clan.de\/wp-content\/uploads\/2022\/05\/IMG_20220526_085623-scaled.jpg\"><img loading=\"lazy\" decoding=\"async\" width=\"768\" height=\"1024\" src=\"https:\/\/urlaub.vogt-clan.de\/wp-content\/uploads\/2022\/05\/IMG_20220526_085623-768x1024.jpg\" alt=\"\" class=\"wp-image-4060\" srcset=\"https:\/\/urlaub.vogt-clan.de\/wp-content\/uploads\/2022\/05\/IMG_20220526_085623-768x1024.jpg 768w, https:\/\/urlaub.vogt-clan.de\/wp-content\/uploads\/2022\/05\/IMG_20220526_085623-225x300.jpg 225w, https:\/\/urlaub.vogt-clan.de\/wp-content\/uploads\/2022\/05\/IMG_20220526_085623-1152x1536.jpg 1152w, https:\/\/urlaub.vogt-clan.de\/wp-content\/uploads\/2022\/05\/IMG_20220526_085623-1536x2048.jpg 1536w, https:\/\/urlaub.vogt-clan.de\/wp-content\/uploads\/2022\/05\/IMG_20220526_085623-1200x1600.jpg 1200w, https:\/\/urlaub.vogt-clan.de\/wp-content\/uploads\/2022\/05\/IMG_20220526_085623-scaled.jpg 1920w\" sizes=\"auto, (max-width: 709px) 85vw, (max-width: 909px) 67vw, (max-width: 984px) 61vw, (max-width: 1362px) 45vw, 600px\" \/><\/a><\/figure>\n\n\n\n<p>Nach erneut gutem Fr\u00fchst\u00fcck machen wir uns um kurz nach neun auf den Weg und m\u00fcssen direkt nach dem Start einen hohen Berg hinauf. Das ist nicht das, was man direkt nach dem Fr\u00fchst\u00fcck braucht.<\/p>\n\n\n\n<p>Aber der Weg ist sch\u00f6n, f\u00fchrt anfangs durch W\u00e4lder und sp\u00e4ter an der Salzach entlang. Einkehrm\u00f6glichkeiten sind sp\u00e4rlich ges\u00e4t und die angepriesenen Sehensw\u00fcrdigkeiten (Wasserschloss, Panoramaplattform) erweisen sich als ziemliche Flops.<\/p>\n\n\n\n<figure class=\"wp-block-image size-large\"><a href=\"https:\/\/urlaub.vogt-clan.de\/wp-content\/uploads\/2022\/05\/IMG_20220526_092102-scaled.jpg\"><img loading=\"lazy\" decoding=\"async\" width=\"768\" height=\"1024\" src=\"https:\/\/urlaub.vogt-clan.de\/wp-content\/uploads\/2022\/05\/IMG_20220526_092102-768x1024.jpg\" alt=\"\" class=\"wp-image-4061\" srcset=\"https:\/\/urlaub.vogt-clan.de\/wp-content\/uploads\/2022\/05\/IMG_20220526_092102-768x1024.jpg 768w, https:\/\/urlaub.vogt-clan.de\/wp-content\/uploads\/2022\/05\/IMG_20220526_092102-225x300.jpg 225w, https:\/\/urlaub.vogt-clan.de\/wp-content\/uploads\/2022\/05\/IMG_20220526_092102-1152x1536.jpg 1152w, https:\/\/urlaub.vogt-clan.de\/wp-content\/uploads\/2022\/05\/IMG_20220526_092102-1536x2048.jpg 1536w, https:\/\/urlaub.vogt-clan.de\/wp-content\/uploads\/2022\/05\/IMG_20220526_092102-1200x1600.jpg 1200w, https:\/\/urlaub.vogt-clan.de\/wp-content\/uploads\/2022\/05\/IMG_20220526_092102-scaled.jpg 1920w\" sizes=\"auto, (max-width: 709px) 85vw, (max-width: 909px) 67vw, (max-width: 984px) 61vw, (max-width: 1362px) 45vw, 600px\" \/><\/a><figcaption>Sch\u00f6ne Waldwege<\/figcaption><\/figure>\n\n\n\n<figure class=\"wp-block-image size-large\"><a href=\"https:\/\/urlaub.vogt-clan.de\/wp-content\/uploads\/2022\/05\/IMG_20220526_100038-scaled.jpg\"><img loading=\"lazy\" decoding=\"async\" width=\"768\" height=\"1024\" src=\"https:\/\/urlaub.vogt-clan.de\/wp-content\/uploads\/2022\/05\/IMG_20220526_100038-768x1024.jpg\" alt=\"\" class=\"wp-image-4062\" srcset=\"https:\/\/urlaub.vogt-clan.de\/wp-content\/uploads\/2022\/05\/IMG_20220526_100038-768x1024.jpg 768w, https:\/\/urlaub.vogt-clan.de\/wp-content\/uploads\/2022\/05\/IMG_20220526_100038-225x300.jpg 225w, https:\/\/urlaub.vogt-clan.de\/wp-content\/uploads\/2022\/05\/IMG_20220526_100038-1152x1536.jpg 1152w, https:\/\/urlaub.vogt-clan.de\/wp-content\/uploads\/2022\/05\/IMG_20220526_100038-1536x2048.jpg 1536w, https:\/\/urlaub.vogt-clan.de\/wp-content\/uploads\/2022\/05\/IMG_20220526_100038-1200x1600.jpg 1200w, https:\/\/urlaub.vogt-clan.de\/wp-content\/uploads\/2022\/05\/IMG_20220526_100038-scaled.jpg 1920w\" sizes=\"auto, (max-width: 709px) 85vw, (max-width: 909px) 67vw, (max-width: 984px) 61vw, (max-width: 1362px) 45vw, 600px\" \/><\/a><figcaption>Inn<\/figcaption><\/figure>\n\n\n\n<figure class=\"wp-block-image size-large\"><a href=\"https:\/\/urlaub.vogt-clan.de\/wp-content\/uploads\/2022\/05\/IMG_20220526_115821-scaled.jpg\"><img loading=\"lazy\" decoding=\"async\" width=\"1024\" height=\"768\" src=\"https:\/\/urlaub.vogt-clan.de\/wp-content\/uploads\/2022\/05\/IMG_20220526_115821-1024x768.jpg\" alt=\"\" class=\"wp-image-4063\" srcset=\"https:\/\/urlaub.vogt-clan.de\/wp-content\/uploads\/2022\/05\/IMG_20220526_115821-1024x768.jpg 1024w, https:\/\/urlaub.vogt-clan.de\/wp-content\/uploads\/2022\/05\/IMG_20220526_115821-300x225.jpg 300w, https:\/\/urlaub.vogt-clan.de\/wp-content\/uploads\/2022\/05\/IMG_20220526_115821-768x576.jpg 768w, https:\/\/urlaub.vogt-clan.de\/wp-content\/uploads\/2022\/05\/IMG_20220526_115821-1536x1152.jpg 1536w, https:\/\/urlaub.vogt-clan.de\/wp-content\/uploads\/2022\/05\/IMG_20220526_115821-2048x1536.jpg 2048w, https:\/\/urlaub.vogt-clan.de\/wp-content\/uploads\/2022\/05\/IMG_20220526_115821-1200x900.jpg 1200w\" sizes=\"auto, (max-width: 709px) 85vw, (max-width: 909px) 67vw, (max-width: 1362px) 62vw, 840px\" \/><\/a><\/figure>\n\n\n\n<p>Daf\u00fcr ist das Vitalhotel Vier Jahreszeiten, welches wir kurz nach 14:00 Uhr erreichen, umso besser. Wir bekommen sofort die Zimmerschl\u00fcssel und ein Kaltgetr\u00e4nk. Leider erweist sich der Restaurant-Tipp als nicht ganz ortskundig, der Biergarten ist komplett Selbstbedienung und sieht nach Massenabfertigung aus. Der einsame Entertainer mit der schlechten Stimme kann die Stimmung nicht heben, so ist der Abend scbon um 20:00 Uhr beendet.<\/p>\n","protected":false},"excerpt":{"rendered":"<p>Nach erneut gutem Fr\u00fchst\u00fcck machen wir uns um kurz nach neun auf den Weg und m\u00fcssen direkt nach dem Start einen hohen Berg hinauf. Das ist nicht das, was man direkt nach dem Fr\u00fchst\u00fcck braucht. Aber der Weg ist sch\u00f6n, f\u00fchrt anfangs durch W\u00e4lder und sp\u00e4ter an der Salzach entlang. Einkehrm\u00f6glichkeiten sind sp\u00e4rlich ges\u00e4t und &hellip; <a href=\"https:\/\/urlaub.vogt-clan.de\/?p=4024\" class=\"more-link\"><span class=\"screen-reader-text\">\u201eBurghausen nach Bad F\u00fcssing\u201c <\/span>weiterlesen<\/a><\/p>\n","protected":false},"author":3,"featured_media":0,"comment_status":"open","ping_status":"open","sticky":false,"template":"","format":"standard","meta":{"_s2mail":"","footnotes":""},"categories":[300],"tags":[301],"class_list":["post-4024","post","type-post","status-publish","format-standard","hentry","category-2022-tauernradweg","tag-radfahren"],"jetpack_featured_media_url":"","_links":{"self":[{"href":"https:\/\/urlaub.vogt-clan.de\/index.php?rest_route=\/wp\/v2\/posts\/4024","targetHints":{"allow":["GET"]}}],"collection":[{"href":"https:\/\/urlaub.vogt-clan.de\/index.php?rest_route=\/wp\/v2\/posts"}],"about":[{"href":"https:\/\/urlaub.vogt-clan.de\/index.php?rest_route=\/wp\/v2\/types\/post"}],"author":[{"embeddable":true,"href":"https:\/\/urlaub.vogt-clan.de\/index.php?rest_route=\/wp\/v2\/users\/3"}],"replies":[{"embeddable":true,"href":"https:\/\/urlaub.vogt-clan.de\/index.php?rest_route=%2Fwp%2Fv2%2Fcomments&post=4024"}],"version-history":[{"count":2,"href":"https:\/\/urlaub.vogt-clan.de\/index.php?rest_route=\/wp\/v2\/posts\/4024\/revisions"}],"predecessor-version":[{"id":4064,"href":"https:\/\/urlaub.vogt-clan.de\/index.php?rest_route=\/wp\/v2\/posts\/4024\/revisions\/4064"}],"wp:attachment":[{"href":"https:\/\/urlaub.vogt-clan.de\/index.php?rest_route=%2Fwp%2Fv2%2Fmedia&parent=4024"}],"wp:term":[{"taxonomy":"category","embeddable":true,"href":"https:\/\/urlaub.vogt-clan.de\/index.php?rest_route=%2Fwp%2Fv2%2Fcategories&post=4024"},{"taxonomy":"post_tag","embeddable":true,"href":"https:\/\/urlaub.vogt-clan.de\/index.php?rest_route=%2Fwp%2Fv2%2Ftags&post=4024"}],"curies":[{"name":"wp","href":"https:\/\/api.w.org\/{rel}","templated":true}]}}