{"id":4017,"date":"2022-05-24T17:25:00","date_gmt":"2022-05-24T15:25:00","guid":{"rendered":"https:\/\/urlaub.vogt-clan.de\/?p=4017"},"modified":"2022-05-29T13:54:55","modified_gmt":"2022-05-29T11:54:55","slug":"lofer-bis-salzburg","status":"publish","type":"post","link":"https:\/\/urlaub.vogt-clan.de\/?p=4017","title":{"rendered":"Lofer bis Salzburg"},"content":{"rendered":"\n<p>Wir starten nach sehr gutem Fr\u00fchst\u00fcck bereits um 9:15 Uhr, da heute ab 10:00 Uhr Regen angesagt ist. Es sieht zwar noch nicht danach aus, aber sicher ist sicher.<\/p>\n\n\n\n<figure class=\"wp-block-image size-large\"><a href=\"https:\/\/urlaub.vogt-clan.de\/wp-content\/uploads\/2022\/05\/IMG_20220524_091732-scaled.jpg\"><img loading=\"lazy\" decoding=\"async\" width=\"768\" height=\"1024\" src=\"https:\/\/urlaub.vogt-clan.de\/wp-content\/uploads\/2022\/05\/IMG_20220524_091732-768x1024.jpg\" alt=\"\" class=\"wp-image-4045\" srcset=\"https:\/\/urlaub.vogt-clan.de\/wp-content\/uploads\/2022\/05\/IMG_20220524_091732-768x1024.jpg 768w, https:\/\/urlaub.vogt-clan.de\/wp-content\/uploads\/2022\/05\/IMG_20220524_091732-225x300.jpg 225w, https:\/\/urlaub.vogt-clan.de\/wp-content\/uploads\/2022\/05\/IMG_20220524_091732-1152x1536.jpg 1152w, https:\/\/urlaub.vogt-clan.de\/wp-content\/uploads\/2022\/05\/IMG_20220524_091732-1536x2048.jpg 1536w, https:\/\/urlaub.vogt-clan.de\/wp-content\/uploads\/2022\/05\/IMG_20220524_091732-1200x1600.jpg 1200w, https:\/\/urlaub.vogt-clan.de\/wp-content\/uploads\/2022\/05\/IMG_20220524_091732-scaled.jpg 1920w\" sizes=\"auto, (max-width: 709px) 85vw, (max-width: 909px) 67vw, (max-width: 984px) 61vw, (max-width: 1362px) 45vw, 600px\" \/><\/a><figcaption>Kurz hinter Lofer<\/figcaption><\/figure>\n\n\n\n<p>Im Ort versorgen wir uns noch mit einer Kleinigkeit f\u00fcr die Mittagspause und los geht\u2018s. Der Weg f\u00fchrt uns immer wieder die Saalach entlang, bis wir Bad Reichenhall erreichen, hier ist ungef\u00e4hr die Mitte unserer heutigen Etappe. Da es gerade mal 11:00 Uhr ist, beschlie\u00dfen wir, keine Pause zu machen. Bisher hatten wir Gl\u00fcck mit dem Wetter, aber es zieht sich sehr zu und es sind schwarze Wolken am Himmel.<\/p>\n\n\n\n<figure class=\"wp-block-image size-large\"><a href=\"https:\/\/urlaub.vogt-clan.de\/wp-content\/uploads\/2022\/05\/IMG_20220524_104949-scaled.jpg\"><img loading=\"lazy\" decoding=\"async\" width=\"768\" height=\"1024\" src=\"https:\/\/urlaub.vogt-clan.de\/wp-content\/uploads\/2022\/05\/IMG_20220524_104949-768x1024.jpg\" alt=\"\" class=\"wp-image-4046\" srcset=\"https:\/\/urlaub.vogt-clan.de\/wp-content\/uploads\/2022\/05\/IMG_20220524_104949-768x1024.jpg 768w, https:\/\/urlaub.vogt-clan.de\/wp-content\/uploads\/2022\/05\/IMG_20220524_104949-225x300.jpg 225w, https:\/\/urlaub.vogt-clan.de\/wp-content\/uploads\/2022\/05\/IMG_20220524_104949-1152x1536.jpg 1152w, https:\/\/urlaub.vogt-clan.de\/wp-content\/uploads\/2022\/05\/IMG_20220524_104949-1536x2048.jpg 1536w, https:\/\/urlaub.vogt-clan.de\/wp-content\/uploads\/2022\/05\/IMG_20220524_104949-1200x1600.jpg 1200w, https:\/\/urlaub.vogt-clan.de\/wp-content\/uploads\/2022\/05\/IMG_20220524_104949-scaled.jpg 1920w\" sizes=\"auto, (max-width: 709px) 85vw, (max-width: 909px) 67vw, (max-width: 984px) 61vw, (max-width: 1362px) 45vw, 600px\" \/><\/a><figcaption>Bad Reichenhall<\/figcaption><\/figure>\n\n\n\n<figure class=\"wp-block-image size-large\"><a href=\"https:\/\/urlaub.vogt-clan.de\/wp-content\/uploads\/2022\/05\/IMG_20220524_111921-scaled.jpg\"><img loading=\"lazy\" decoding=\"async\" width=\"1024\" height=\"768\" src=\"https:\/\/urlaub.vogt-clan.de\/wp-content\/uploads\/2022\/05\/IMG_20220524_111921-1024x768.jpg\" alt=\"\" class=\"wp-image-4047\" srcset=\"https:\/\/urlaub.vogt-clan.de\/wp-content\/uploads\/2022\/05\/IMG_20220524_111921-1024x768.jpg 1024w, https:\/\/urlaub.vogt-clan.de\/wp-content\/uploads\/2022\/05\/IMG_20220524_111921-300x225.jpg 300w, https:\/\/urlaub.vogt-clan.de\/wp-content\/uploads\/2022\/05\/IMG_20220524_111921-768x576.jpg 768w, https:\/\/urlaub.vogt-clan.de\/wp-content\/uploads\/2022\/05\/IMG_20220524_111921-1536x1152.jpg 1536w, https:\/\/urlaub.vogt-clan.de\/wp-content\/uploads\/2022\/05\/IMG_20220524_111921-2048x1536.jpg 2048w, https:\/\/urlaub.vogt-clan.de\/wp-content\/uploads\/2022\/05\/IMG_20220524_111921-1200x900.jpg 1200w\" sizes=\"auto, (max-width: 709px) 85vw, (max-width: 909px) 67vw, (max-width: 1362px) 62vw, 840px\" \/><\/a><\/figure>\n\n\n\n<p>Wir entscheiden deshalb, dass wir m\u00f6glichst trocken ankommen m\u00f6chten und das restliche St\u00fcck z\u00fcgig durch fahren. Ca. 10 km vor unserem Hotel &#8211; in Gnigl gelegen und deshalb etwas au\u00dferhalb &#8211; fallen die ersten Tropfen und wir geben Gas. Um 12:15 Uhr stehen wir vor dem Hotel und stellen unsere R\u00e4der trocken unter.<\/p>\n\n\n\n<figure class=\"wp-block-image size-large\"><a href=\"https:\/\/urlaub.vogt-clan.de\/wp-content\/uploads\/2022\/05\/IMG_20220524_162702-scaled.jpg\"><img loading=\"lazy\" decoding=\"async\" width=\"1024\" height=\"768\" src=\"https:\/\/urlaub.vogt-clan.de\/wp-content\/uploads\/2022\/05\/IMG_20220524_162702-1024x768.jpg\" alt=\"\" class=\"wp-image-4049\" srcset=\"https:\/\/urlaub.vogt-clan.de\/wp-content\/uploads\/2022\/05\/IMG_20220524_162702-1024x768.jpg 1024w, https:\/\/urlaub.vogt-clan.de\/wp-content\/uploads\/2022\/05\/IMG_20220524_162702-300x225.jpg 300w, https:\/\/urlaub.vogt-clan.de\/wp-content\/uploads\/2022\/05\/IMG_20220524_162702-768x576.jpg 768w, https:\/\/urlaub.vogt-clan.de\/wp-content\/uploads\/2022\/05\/IMG_20220524_162702-1536x1152.jpg 1536w, https:\/\/urlaub.vogt-clan.de\/wp-content\/uploads\/2022\/05\/IMG_20220524_162702-2048x1536.jpg 2048w, https:\/\/urlaub.vogt-clan.de\/wp-content\/uploads\/2022\/05\/IMG_20220524_162702-1200x900.jpg 1200w\" sizes=\"auto, (max-width: 709px) 85vw, (max-width: 909px) 67vw, (max-width: 1362px) 62vw, 840px\" \/><\/a><figcaption>Parkplatz mit Teppich<\/figcaption><\/figure>\n\n\n\n<figure class=\"wp-block-image size-large\"><a href=\"https:\/\/urlaub.vogt-clan.de\/wp-content\/uploads\/2022\/05\/IMG_20220524_133215-scaled.jpg\"><img loading=\"lazy\" decoding=\"async\" width=\"1024\" height=\"768\" src=\"https:\/\/urlaub.vogt-clan.de\/wp-content\/uploads\/2022\/05\/IMG_20220524_133215-1024x768.jpg\" alt=\"\" class=\"wp-image-4048\" srcset=\"https:\/\/urlaub.vogt-clan.de\/wp-content\/uploads\/2022\/05\/IMG_20220524_133215-1024x768.jpg 1024w, https:\/\/urlaub.vogt-clan.de\/wp-content\/uploads\/2022\/05\/IMG_20220524_133215-300x225.jpg 300w, https:\/\/urlaub.vogt-clan.de\/wp-content\/uploads\/2022\/05\/IMG_20220524_133215-768x576.jpg 768w, https:\/\/urlaub.vogt-clan.de\/wp-content\/uploads\/2022\/05\/IMG_20220524_133215-1536x1152.jpg 1536w, https:\/\/urlaub.vogt-clan.de\/wp-content\/uploads\/2022\/05\/IMG_20220524_133215-2048x1536.jpg 2048w, https:\/\/urlaub.vogt-clan.de\/wp-content\/uploads\/2022\/05\/IMG_20220524_133215-1200x900.jpg 1200w\" sizes=\"auto, (max-width: 709px) 85vw, (max-width: 909px) 67vw, (max-width: 1362px) 62vw, 840px\" \/><\/a><figcaption>Salzburg<\/figcaption><\/figure>\n\n\n\n<p>Die Zimmer sind gegen 15:00 Uhr bezugsfertig, so stellen wir unser Gep\u00e4ck unter, essen unsere Sandwiches und fahren anschlie\u00dfend mit dem Bus ins Zentrum. Ein Bierchen beim Sternbr\u00e4u, schlendern durch die Fu\u00dfg\u00e4ngerzone und zum Abschluss des Nachmittags der Augustinerkeller. So l\u00e4sst sich auch der immer wieder fallende Regen aushalten. Gegen 16:15 Uhr sind wir wieder im Hotel und erfrischen uns f\u00fcr das Abendessen.<\/p>\n\n\n\n<figure class=\"wp-block-image size-large\"><a href=\"https:\/\/urlaub.vogt-clan.de\/wp-content\/uploads\/2022\/05\/IMG_20220524_150111-scaled.jpg\"><img loading=\"lazy\" decoding=\"async\" width=\"1024\" height=\"768\" src=\"https:\/\/urlaub.vogt-clan.de\/wp-content\/uploads\/2022\/05\/IMG_20220524_150111-1024x768.jpg\" alt=\"\" class=\"wp-image-4050\" srcset=\"https:\/\/urlaub.vogt-clan.de\/wp-content\/uploads\/2022\/05\/IMG_20220524_150111-1024x768.jpg 1024w, https:\/\/urlaub.vogt-clan.de\/wp-content\/uploads\/2022\/05\/IMG_20220524_150111-300x225.jpg 300w, https:\/\/urlaub.vogt-clan.de\/wp-content\/uploads\/2022\/05\/IMG_20220524_150111-768x576.jpg 768w, https:\/\/urlaub.vogt-clan.de\/wp-content\/uploads\/2022\/05\/IMG_20220524_150111-1536x1152.jpg 1536w, https:\/\/urlaub.vogt-clan.de\/wp-content\/uploads\/2022\/05\/IMG_20220524_150111-2048x1536.jpg 2048w, https:\/\/urlaub.vogt-clan.de\/wp-content\/uploads\/2022\/05\/IMG_20220524_150111-1200x900.jpg 1200w\" sizes=\"auto, (max-width: 709px) 85vw, (max-width: 909px) 67vw, (max-width: 1362px) 62vw, 840px\" \/><\/a><figcaption>Augustiner Br\u00e4ust\u00fcberl<\/figcaption><\/figure>\n\n\n\n<p>Heute essen wir fu\u00dfl\u00e4ufig beim Griechen direkt gegen\u00fcber des Hotels. Lecker, reichlich und nah. Anschlie\u00dfend noch R\u00fcckschau auf dem Zimmer und Planung des morgigen Ablaufs. <\/p>\n","protected":false},"excerpt":{"rendered":"<p>Wir starten nach sehr gutem Fr\u00fchst\u00fcck bereits um 9:15 Uhr, da heute ab 10:00 Uhr Regen angesagt ist. Es sieht zwar noch nicht danach aus, aber sicher ist sicher. Im Ort versorgen wir uns noch mit einer Kleinigkeit f\u00fcr die Mittagspause und los geht\u2018s. Der Weg f\u00fchrt uns immer wieder die Saalach entlang, bis wir &hellip; <a href=\"https:\/\/urlaub.vogt-clan.de\/?p=4017\" class=\"more-link\"><span class=\"screen-reader-text\">\u201eLofer bis Salzburg\u201c <\/span>weiterlesen<\/a><\/p>\n","protected":false},"author":3,"featured_media":0,"comment_status":"open","ping_status":"open","sticky":false,"template":"","format":"standard","meta":{"_s2mail":"","footnotes":""},"categories":[300],"tags":[301],"class_list":["post-4017","post","type-post","status-publish","format-standard","hentry","category-2022-tauernradweg","tag-radfahren"],"jetpack_featured_media_url":"","_links":{"self":[{"href":"https:\/\/urlaub.vogt-clan.de\/index.php?rest_route=\/wp\/v2\/posts\/4017","targetHints":{"allow":["GET"]}}],"collection":[{"href":"https:\/\/urlaub.vogt-clan.de\/index.php?rest_route=\/wp\/v2\/posts"}],"about":[{"href":"https:\/\/urlaub.vogt-clan.de\/index.php?rest_route=\/wp\/v2\/types\/post"}],"author":[{"embeddable":true,"href":"https:\/\/urlaub.vogt-clan.de\/index.php?rest_route=\/wp\/v2\/users\/3"}],"replies":[{"embeddable":true,"href":"https:\/\/urlaub.vogt-clan.de\/index.php?rest_route=%2Fwp%2Fv2%2Fcomments&post=4017"}],"version-history":[{"count":4,"href":"https:\/\/urlaub.vogt-clan.de\/index.php?rest_route=\/wp\/v2\/posts\/4017\/revisions"}],"predecessor-version":[{"id":4051,"href":"https:\/\/urlaub.vogt-clan.de\/index.php?rest_route=\/wp\/v2\/posts\/4017\/revisions\/4051"}],"wp:attachment":[{"href":"https:\/\/urlaub.vogt-clan.de\/index.php?rest_route=%2Fwp%2Fv2%2Fmedia&parent=4017"}],"wp:term":[{"taxonomy":"category","embeddable":true,"href":"https:\/\/urlaub.vogt-clan.de\/index.php?rest_route=%2Fwp%2Fv2%2Fcategories&post=4017"},{"taxonomy":"post_tag","embeddable":true,"href":"https:\/\/urlaub.vogt-clan.de\/index.php?rest_route=%2Fwp%2Fv2%2Ftags&post=4017"}],"curies":[{"name":"wp","href":"https:\/\/api.w.org\/{rel}","templated":true}]}}