{"id":4014,"date":"2022-05-23T18:05:00","date_gmt":"2022-05-23T16:05:00","guid":{"rendered":"https:\/\/urlaub.vogt-clan.de\/?p=4014"},"modified":"2022-05-29T11:25:26","modified_gmt":"2022-05-29T09:25:26","slug":"zell-am-see-bis-lofer","status":"publish","type":"post","link":"https:\/\/urlaub.vogt-clan.de\/?p=4014","title":{"rendered":"Zell am See bis Lofer"},"content":{"rendered":"\n<p>Das Wetter sieht beim Start um 9:30 Uhr ganz durchwachsen aus. Wir haben vorher noch schnell Verpflegung f\u00fcr die Mittagsrast eingekauft und fahren gem\u00fctlich Richtung See. Da wir nicht zu fr\u00fch in Lofer ankommen wollen, machen wir kleinere Pausen und h\u00e4ufiger einen Fotostopp.<\/p>\n\n\n\n<figure class=\"wp-block-image size-large\"><a href=\"https:\/\/urlaub.vogt-clan.de\/wp-content\/uploads\/2022\/05\/IMG_20220523_093859-scaled.jpg\"><img loading=\"lazy\" decoding=\"async\" width=\"768\" height=\"1024\" src=\"https:\/\/urlaub.vogt-clan.de\/wp-content\/uploads\/2022\/05\/IMG_20220523_093859-768x1024.jpg\" alt=\"\" class=\"wp-image-4039\" srcset=\"https:\/\/urlaub.vogt-clan.de\/wp-content\/uploads\/2022\/05\/IMG_20220523_093859-768x1024.jpg 768w, https:\/\/urlaub.vogt-clan.de\/wp-content\/uploads\/2022\/05\/IMG_20220523_093859-225x300.jpg 225w, https:\/\/urlaub.vogt-clan.de\/wp-content\/uploads\/2022\/05\/IMG_20220523_093859-1152x1536.jpg 1152w, https:\/\/urlaub.vogt-clan.de\/wp-content\/uploads\/2022\/05\/IMG_20220523_093859-1536x2048.jpg 1536w, https:\/\/urlaub.vogt-clan.de\/wp-content\/uploads\/2022\/05\/IMG_20220523_093859-1200x1600.jpg 1200w, https:\/\/urlaub.vogt-clan.de\/wp-content\/uploads\/2022\/05\/IMG_20220523_093859-scaled.jpg 1920w\" sizes=\"auto, (max-width: 709px) 85vw, (max-width: 909px) 67vw, (max-width: 984px) 61vw, (max-width: 1362px) 45vw, 600px\" \/><\/a><figcaption>Zell am See<\/figcaption><\/figure>\n\n\n\n<p>Heute fahren wir an wunderbar gr\u00fcnen Wiesen vorbei, im Hintergrund sind immer die hohen Berge zu sehen. In Maria Alm verfahren wir uns vom Navi geleitet und spulen dadurch 6 zus\u00e4tzliche Kilometer ab. Nachdem wir wieder auf der richtigen Spur sind, machen wir in Saalfelden eine Getr\u00e4nkepause. Dort finde ich auch einen Optiker, der meine B\u00fcgel wieder befestigt, so dass ich keinen weiteren Ausfall bef\u00fcrchten muss.<\/p>\n\n\n\n<figure class=\"wp-block-image size-large\"><a href=\"https:\/\/urlaub.vogt-clan.de\/wp-content\/uploads\/2022\/05\/IMG_20220523_102214-scaled.jpg\"><img loading=\"lazy\" decoding=\"async\" width=\"1024\" height=\"768\" src=\"https:\/\/urlaub.vogt-clan.de\/wp-content\/uploads\/2022\/05\/IMG_20220523_102214-1024x768.jpg\" alt=\"\" class=\"wp-image-4040\" srcset=\"https:\/\/urlaub.vogt-clan.de\/wp-content\/uploads\/2022\/05\/IMG_20220523_102214-1024x768.jpg 1024w, https:\/\/urlaub.vogt-clan.de\/wp-content\/uploads\/2022\/05\/IMG_20220523_102214-300x225.jpg 300w, https:\/\/urlaub.vogt-clan.de\/wp-content\/uploads\/2022\/05\/IMG_20220523_102214-768x576.jpg 768w, https:\/\/urlaub.vogt-clan.de\/wp-content\/uploads\/2022\/05\/IMG_20220523_102214-1536x1152.jpg 1536w, https:\/\/urlaub.vogt-clan.de\/wp-content\/uploads\/2022\/05\/IMG_20220523_102214-2048x1536.jpg 2048w, https:\/\/urlaub.vogt-clan.de\/wp-content\/uploads\/2022\/05\/IMG_20220523_102214-1200x900.jpg 1200w\" sizes=\"auto, (max-width: 709px) 85vw, (max-width: 909px) 67vw, (max-width: 1362px) 62vw, 840px\" \/><\/a><\/figure>\n\n\n\n<figure class=\"wp-block-image size-large\"><a href=\"https:\/\/urlaub.vogt-clan.de\/wp-content\/uploads\/2022\/05\/IMG_20220523_124053-scaled.jpg\"><img loading=\"lazy\" decoding=\"async\" width=\"768\" height=\"1024\" src=\"https:\/\/urlaub.vogt-clan.de\/wp-content\/uploads\/2022\/05\/IMG_20220523_124053-768x1024.jpg\" alt=\"\" class=\"wp-image-4041\" srcset=\"https:\/\/urlaub.vogt-clan.de\/wp-content\/uploads\/2022\/05\/IMG_20220523_124053-768x1024.jpg 768w, https:\/\/urlaub.vogt-clan.de\/wp-content\/uploads\/2022\/05\/IMG_20220523_124053-225x300.jpg 225w, https:\/\/urlaub.vogt-clan.de\/wp-content\/uploads\/2022\/05\/IMG_20220523_124053-1152x1536.jpg 1152w, https:\/\/urlaub.vogt-clan.de\/wp-content\/uploads\/2022\/05\/IMG_20220523_124053-1536x2048.jpg 1536w, https:\/\/urlaub.vogt-clan.de\/wp-content\/uploads\/2022\/05\/IMG_20220523_124053-1200x1600.jpg 1200w, https:\/\/urlaub.vogt-clan.de\/wp-content\/uploads\/2022\/05\/IMG_20220523_124053-scaled.jpg 1920w\" sizes=\"auto, (max-width: 709px) 85vw, (max-width: 909px) 67vw, (max-width: 984px) 61vw, (max-width: 1362px) 45vw, 600px\" \/><\/a><\/figure>\n\n\n\n<p>Im weiteren Verlauf machen wir noch eine kurze Rast, um unsere Landj\u00e4ger zu verdr\u00fccken. Gegen 14:30 Uhr kommen wir dann im Landgasthof Neuwirt in Lofer an. Wir beziehen sehr sch\u00f6ne Zimmer mit Balkon und drehen anschlie\u00dfend eine kleine Runde durch den Ort. <\/p>\n\n\n\n<figure class=\"wp-block-image size-large\"><a href=\"https:\/\/urlaub.vogt-clan.de\/wp-content\/uploads\/2022\/05\/IMG_20220523_142441-scaled.jpg\"><img loading=\"lazy\" decoding=\"async\" width=\"1024\" height=\"768\" src=\"https:\/\/urlaub.vogt-clan.de\/wp-content\/uploads\/2022\/05\/IMG_20220523_142441-1024x768.jpg\" alt=\"\" class=\"wp-image-4042\" srcset=\"https:\/\/urlaub.vogt-clan.de\/wp-content\/uploads\/2022\/05\/IMG_20220523_142441-1024x768.jpg 1024w, https:\/\/urlaub.vogt-clan.de\/wp-content\/uploads\/2022\/05\/IMG_20220523_142441-300x225.jpg 300w, https:\/\/urlaub.vogt-clan.de\/wp-content\/uploads\/2022\/05\/IMG_20220523_142441-768x576.jpg 768w, https:\/\/urlaub.vogt-clan.de\/wp-content\/uploads\/2022\/05\/IMG_20220523_142441-1536x1152.jpg 1536w, https:\/\/urlaub.vogt-clan.de\/wp-content\/uploads\/2022\/05\/IMG_20220523_142441-2048x1536.jpg 2048w, https:\/\/urlaub.vogt-clan.de\/wp-content\/uploads\/2022\/05\/IMG_20220523_142441-1200x900.jpg 1200w\" sizes=\"auto, (max-width: 709px) 85vw, (max-width: 909px) 67vw, (max-width: 1362px) 62vw, 840px\" \/><\/a><figcaption>Landgasthof Neuwirt<\/figcaption><\/figure>\n\n\n\n<p>Gegen 17:00 Uhr gibt es das angek\u00fcndigte Gewitter, auch f\u00fcr Morgen ist Dauerregen angesagt. Hoffen wir mal das Beste, nach den 2 sch\u00f6nen Tagen ist die Aussicht auf eine Tagestour im Regen nicht aufmunternd.<\/p>\n\n\n\n<figure class=\"wp-block-image size-large\"><a href=\"https:\/\/urlaub.vogt-clan.de\/wp-content\/uploads\/2022\/05\/IMG_20220523_160051-scaled.jpg\"><img loading=\"lazy\" decoding=\"async\" width=\"1024\" height=\"768\" src=\"https:\/\/urlaub.vogt-clan.de\/wp-content\/uploads\/2022\/05\/IMG_20220523_160051-1024x768.jpg\" alt=\"\" class=\"wp-image-4043\" srcset=\"https:\/\/urlaub.vogt-clan.de\/wp-content\/uploads\/2022\/05\/IMG_20220523_160051-1024x768.jpg 1024w, https:\/\/urlaub.vogt-clan.de\/wp-content\/uploads\/2022\/05\/IMG_20220523_160051-300x225.jpg 300w, https:\/\/urlaub.vogt-clan.de\/wp-content\/uploads\/2022\/05\/IMG_20220523_160051-768x576.jpg 768w, https:\/\/urlaub.vogt-clan.de\/wp-content\/uploads\/2022\/05\/IMG_20220523_160051-1536x1152.jpg 1536w, https:\/\/urlaub.vogt-clan.de\/wp-content\/uploads\/2022\/05\/IMG_20220523_160051-2048x1536.jpg 2048w, https:\/\/urlaub.vogt-clan.de\/wp-content\/uploads\/2022\/05\/IMG_20220523_160051-1200x900.jpg 1200w\" sizes=\"auto, (max-width: 709px) 85vw, (max-width: 909px) 67vw, (max-width: 1362px) 62vw, 840px\" \/><\/a><figcaption>Terrassenblick<\/figcaption><\/figure>\n","protected":false},"excerpt":{"rendered":"<p>Das Wetter sieht beim Start um 9:30 Uhr ganz durchwachsen aus. Wir haben vorher noch schnell Verpflegung f\u00fcr die Mittagsrast eingekauft und fahren gem\u00fctlich Richtung See. Da wir nicht zu fr\u00fch in Lofer ankommen wollen, machen wir kleinere Pausen und h\u00e4ufiger einen Fotostopp. Heute fahren wir an wunderbar gr\u00fcnen Wiesen vorbei, im Hintergrund sind immer &hellip; <a href=\"https:\/\/urlaub.vogt-clan.de\/?p=4014\" class=\"more-link\"><span class=\"screen-reader-text\">\u201eZell am See bis Lofer\u201c <\/span>weiterlesen<\/a><\/p>\n","protected":false},"author":3,"featured_media":0,"comment_status":"open","ping_status":"open","sticky":false,"template":"","format":"standard","meta":{"_s2mail":"","footnotes":""},"categories":[300],"tags":[301],"class_list":["post-4014","post","type-post","status-publish","format-standard","hentry","category-2022-tauernradweg","tag-radfahren"],"jetpack_featured_media_url":"","_links":{"self":[{"href":"https:\/\/urlaub.vogt-clan.de\/index.php?rest_route=\/wp\/v2\/posts\/4014","targetHints":{"allow":["GET"]}}],"collection":[{"href":"https:\/\/urlaub.vogt-clan.de\/index.php?rest_route=\/wp\/v2\/posts"}],"about":[{"href":"https:\/\/urlaub.vogt-clan.de\/index.php?rest_route=\/wp\/v2\/types\/post"}],"author":[{"embeddable":true,"href":"https:\/\/urlaub.vogt-clan.de\/index.php?rest_route=\/wp\/v2\/users\/3"}],"replies":[{"embeddable":true,"href":"https:\/\/urlaub.vogt-clan.de\/index.php?rest_route=%2Fwp%2Fv2%2Fcomments&post=4014"}],"version-history":[{"count":3,"href":"https:\/\/urlaub.vogt-clan.de\/index.php?rest_route=\/wp\/v2\/posts\/4014\/revisions"}],"predecessor-version":[{"id":4044,"href":"https:\/\/urlaub.vogt-clan.de\/index.php?rest_route=\/wp\/v2\/posts\/4014\/revisions\/4044"}],"wp:attachment":[{"href":"https:\/\/urlaub.vogt-clan.de\/index.php?rest_route=%2Fwp%2Fv2%2Fmedia&parent=4014"}],"wp:term":[{"taxonomy":"category","embeddable":true,"href":"https:\/\/urlaub.vogt-clan.de\/index.php?rest_route=%2Fwp%2Fv2%2Fcategories&post=4014"},{"taxonomy":"post_tag","embeddable":true,"href":"https:\/\/urlaub.vogt-clan.de\/index.php?rest_route=%2Fwp%2Fv2%2Ftags&post=4014"}],"curies":[{"name":"wp","href":"https:\/\/api.w.org\/{rel}","templated":true}]}}