{"id":4012,"date":"2022-05-22T21:18:00","date_gmt":"2022-05-22T19:18:00","guid":{"rendered":"https:\/\/urlaub.vogt-clan.de\/?p=4012"},"modified":"2022-05-29T11:20:18","modified_gmt":"2022-05-29T09:20:18","slug":"von-krimml-nach-zell-am-see","status":"publish","type":"post","link":"https:\/\/urlaub.vogt-clan.de\/?p=4012","title":{"rendered":"Von Krimml nach Zell am See"},"content":{"rendered":"\n<p>Um 8:00 Uhr beginnen wir frisch mit einem sehr guten Fr\u00fchst\u00fcck und sitzen kurz vor neun auf den R\u00e4dern. Unser Tagesgep\u00e4ck m\u00fcssen wir noch etwas sortieren, aber kurz darauf brechen wir auf in Richtung der Wasserf\u00e4lle. Dort beginnt auch der Tauernradweg, den wir heute f\u00fcr ca.65 km befahren wollen.<\/p>\n\n\n\n<figure class=\"wp-block-image size-large\"><a href=\"https:\/\/urlaub.vogt-clan.de\/wp-content\/uploads\/2022\/05\/IMG_20220522_073451-scaled.jpg\"><img loading=\"lazy\" decoding=\"async\" width=\"1024\" height=\"768\" src=\"https:\/\/urlaub.vogt-clan.de\/wp-content\/uploads\/2022\/05\/IMG_20220522_073451-1024x768.jpg\" alt=\"\" class=\"wp-image-4032\" srcset=\"https:\/\/urlaub.vogt-clan.de\/wp-content\/uploads\/2022\/05\/IMG_20220522_073451-1024x768.jpg 1024w, https:\/\/urlaub.vogt-clan.de\/wp-content\/uploads\/2022\/05\/IMG_20220522_073451-300x225.jpg 300w, https:\/\/urlaub.vogt-clan.de\/wp-content\/uploads\/2022\/05\/IMG_20220522_073451-768x576.jpg 768w, https:\/\/urlaub.vogt-clan.de\/wp-content\/uploads\/2022\/05\/IMG_20220522_073451-1536x1152.jpg 1536w, https:\/\/urlaub.vogt-clan.de\/wp-content\/uploads\/2022\/05\/IMG_20220522_073451-2048x1536.jpg 2048w, https:\/\/urlaub.vogt-clan.de\/wp-content\/uploads\/2022\/05\/IMG_20220522_073451-1200x900.jpg 1200w\" sizes=\"auto, (max-width: 709px) 85vw, (max-width: 909px) 67vw, (max-width: 1362px) 62vw, 840px\" \/><\/a><figcaption>Sch\u00f6nes Wetter in Krimml<\/figcaption><\/figure>\n\n\n\n<p>Wir schauen uns den unteren Wasserfall an, mit den Radschuhen versp\u00fcren wir nicht viel Lust, eine Stunde zur Zwischenstufe zu laufen. Daher starten wir gegen 10:00 Uhr mit der Tour.<\/p>\n\n\n\n<figure class=\"wp-block-image size-large\"><a href=\"https:\/\/urlaub.vogt-clan.de\/wp-content\/uploads\/2022\/05\/IMG_20220522_095241-scaled.jpg\"><img loading=\"lazy\" decoding=\"async\" width=\"768\" height=\"1024\" src=\"https:\/\/urlaub.vogt-clan.de\/wp-content\/uploads\/2022\/05\/IMG_20220522_095241-768x1024.jpg\" alt=\"\" class=\"wp-image-4033\" srcset=\"https:\/\/urlaub.vogt-clan.de\/wp-content\/uploads\/2022\/05\/IMG_20220522_095241-768x1024.jpg 768w, https:\/\/urlaub.vogt-clan.de\/wp-content\/uploads\/2022\/05\/IMG_20220522_095241-225x300.jpg 225w, https:\/\/urlaub.vogt-clan.de\/wp-content\/uploads\/2022\/05\/IMG_20220522_095241-1152x1536.jpg 1152w, https:\/\/urlaub.vogt-clan.de\/wp-content\/uploads\/2022\/05\/IMG_20220522_095241-1536x2048.jpg 1536w, https:\/\/urlaub.vogt-clan.de\/wp-content\/uploads\/2022\/05\/IMG_20220522_095241-1200x1600.jpg 1200w, https:\/\/urlaub.vogt-clan.de\/wp-content\/uploads\/2022\/05\/IMG_20220522_095241-scaled.jpg 1920w\" sizes=\"auto, (max-width: 709px) 85vw, (max-width: 909px) 67vw, (max-width: 984px) 61vw, (max-width: 1362px) 45vw, 600px\" \/><\/a><\/figure>\n\n\n\n<figure class=\"wp-block-image size-large\"><a href=\"https:\/\/urlaub.vogt-clan.de\/wp-content\/uploads\/2022\/05\/IMG_20220522_094220-scaled.jpg\"><img loading=\"lazy\" decoding=\"async\" width=\"768\" height=\"1024\" src=\"https:\/\/urlaub.vogt-clan.de\/wp-content\/uploads\/2022\/05\/IMG_20220522_094220-768x1024.jpg\" alt=\"\" class=\"wp-image-4034\" srcset=\"https:\/\/urlaub.vogt-clan.de\/wp-content\/uploads\/2022\/05\/IMG_20220522_094220-768x1024.jpg 768w, https:\/\/urlaub.vogt-clan.de\/wp-content\/uploads\/2022\/05\/IMG_20220522_094220-225x300.jpg 225w, https:\/\/urlaub.vogt-clan.de\/wp-content\/uploads\/2022\/05\/IMG_20220522_094220-1152x1536.jpg 1152w, https:\/\/urlaub.vogt-clan.de\/wp-content\/uploads\/2022\/05\/IMG_20220522_094220-1536x2048.jpg 1536w, https:\/\/urlaub.vogt-clan.de\/wp-content\/uploads\/2022\/05\/IMG_20220522_094220-1200x1600.jpg 1200w, https:\/\/urlaub.vogt-clan.de\/wp-content\/uploads\/2022\/05\/IMG_20220522_094220-scaled.jpg 1920w\" sizes=\"auto, (max-width: 709px) 85vw, (max-width: 909px) 67vw, (max-width: 984px) 61vw, (max-width: 1362px) 45vw, 600px\" \/><\/a><figcaption>Krimmler Waasserf\u00e4lle<\/figcaption><\/figure>\n\n\n\n<p>Es geht \u00fcberwiegend abw\u00e4rts, aber es kommen auch immer wieder Abschnitte, bei denen wir bergauf fahren m\u00fcssen. Gr\u00f6\u00dfenteils geht es \u00fcber Felder oder kleine Nebenstra\u00dfen, in den D\u00f6rfern gibt es &#8211; wenigstens am Sonntag &#8211; keine Einkehrm\u00f6glichkeit. Erst in Mittersill gibt es einen Marktplatz, an dem es auch Bestuhlung gibt. Da wir die H\u00e4lfte der Strecke geschafft haben und es nach 12:00 Uhr ist, darf die verdiente Erfrischung gehopft sein.<\/p>\n\n\n\n<figure class=\"wp-block-image size-large\"><a href=\"https:\/\/urlaub.vogt-clan.de\/wp-content\/uploads\/2022\/05\/IMG_20220522_104602-scaled.jpg\"><img loading=\"lazy\" decoding=\"async\" width=\"768\" height=\"1024\" src=\"https:\/\/urlaub.vogt-clan.de\/wp-content\/uploads\/2022\/05\/IMG_20220522_104602-768x1024.jpg\" alt=\"\" class=\"wp-image-4035\" srcset=\"https:\/\/urlaub.vogt-clan.de\/wp-content\/uploads\/2022\/05\/IMG_20220522_104602-768x1024.jpg 768w, https:\/\/urlaub.vogt-clan.de\/wp-content\/uploads\/2022\/05\/IMG_20220522_104602-225x300.jpg 225w, https:\/\/urlaub.vogt-clan.de\/wp-content\/uploads\/2022\/05\/IMG_20220522_104602-1152x1536.jpg 1152w, https:\/\/urlaub.vogt-clan.de\/wp-content\/uploads\/2022\/05\/IMG_20220522_104602-1536x2048.jpg 1536w, https:\/\/urlaub.vogt-clan.de\/wp-content\/uploads\/2022\/05\/IMG_20220522_104602-1200x1600.jpg 1200w, https:\/\/urlaub.vogt-clan.de\/wp-content\/uploads\/2022\/05\/IMG_20220522_104602-scaled.jpg 1920w\" sizes=\"auto, (max-width: 709px) 85vw, (max-width: 909px) 67vw, (max-width: 984px) 61vw, (max-width: 1362px) 45vw, 600px\" \/><\/a><\/figure>\n\n\n\n<p>Nach der Pause geht es frisch weiter, an der Strecke \u00e4ndert sich nichts, manchmal kommen Radwege am Rand der Bundesstra\u00dfe hinzu. Irgendwann haben wir scheinbar auch einen Abzweig verpasst und befinden uns nicht mehr auf dem Tauernradweg, aber egal, die letzten 10 km schaffen wir auch so.<\/p>\n\n\n\n<figure class=\"wp-block-image size-large\"><a href=\"https:\/\/urlaub.vogt-clan.de\/wp-content\/uploads\/2022\/05\/IMG_20220522_131958-scaled.jpg\"><img loading=\"lazy\" decoding=\"async\" width=\"1024\" height=\"768\" src=\"https:\/\/urlaub.vogt-clan.de\/wp-content\/uploads\/2022\/05\/IMG_20220522_131958-1024x768.jpg\" alt=\"\" class=\"wp-image-4036\" srcset=\"https:\/\/urlaub.vogt-clan.de\/wp-content\/uploads\/2022\/05\/IMG_20220522_131958-1024x768.jpg 1024w, https:\/\/urlaub.vogt-clan.de\/wp-content\/uploads\/2022\/05\/IMG_20220522_131958-300x225.jpg 300w, https:\/\/urlaub.vogt-clan.de\/wp-content\/uploads\/2022\/05\/IMG_20220522_131958-768x576.jpg 768w, https:\/\/urlaub.vogt-clan.de\/wp-content\/uploads\/2022\/05\/IMG_20220522_131958-1536x1152.jpg 1536w, https:\/\/urlaub.vogt-clan.de\/wp-content\/uploads\/2022\/05\/IMG_20220522_131958-2048x1536.jpg 2048w, https:\/\/urlaub.vogt-clan.de\/wp-content\/uploads\/2022\/05\/IMG_20220522_131958-1200x900.jpg 1200w\" sizes=\"auto, (max-width: 709px) 85vw, (max-width: 909px) 67vw, (max-width: 1362px) 62vw, 840px\" \/><\/a><\/figure>\n\n\n\n<p>Unser Hotel befindet sich in Sch\u00fcttdorf, scheinbar ein Vorort von Zell am See. Leider sind die Einzelzimmer winzig, theoretisch m\u00fcsste ich den Koffer auf den Balkon legen, um ihn zu \u00f6ffnen. Ein anderer Platz findet sich nicht, wenn er nicht das Bett blockieren soll. Auch essenstechnisch ist es hier ziemlich mau: entweder Buffet im Hotel, wieder italienisch oder asiatisch.<\/p>\n\n\n\n<figure class=\"wp-block-image size-large\"><a href=\"https:\/\/urlaub.vogt-clan.de\/wp-content\/uploads\/2022\/05\/IMG_20220522_150714-scaled.jpg\"><img loading=\"lazy\" decoding=\"async\" width=\"768\" height=\"1024\" src=\"https:\/\/urlaub.vogt-clan.de\/wp-content\/uploads\/2022\/05\/IMG_20220522_150714-768x1024.jpg\" alt=\"\" class=\"wp-image-4037\" srcset=\"https:\/\/urlaub.vogt-clan.de\/wp-content\/uploads\/2022\/05\/IMG_20220522_150714-768x1024.jpg 768w, https:\/\/urlaub.vogt-clan.de\/wp-content\/uploads\/2022\/05\/IMG_20220522_150714-225x300.jpg 225w, https:\/\/urlaub.vogt-clan.de\/wp-content\/uploads\/2022\/05\/IMG_20220522_150714-1152x1536.jpg 1152w, https:\/\/urlaub.vogt-clan.de\/wp-content\/uploads\/2022\/05\/IMG_20220522_150714-1536x2048.jpg 1536w, https:\/\/urlaub.vogt-clan.de\/wp-content\/uploads\/2022\/05\/IMG_20220522_150714-1200x1600.jpg 1200w, https:\/\/urlaub.vogt-clan.de\/wp-content\/uploads\/2022\/05\/IMG_20220522_150714-scaled.jpg 1920w\" sizes=\"auto, (max-width: 709px) 85vw, (max-width: 909px) 67vw, (max-width: 984px) 61vw, (max-width: 1362px) 45vw, 600px\" \/><\/a><\/figure>\n\n\n\n<p>Ich entscheide mich f\u00fcr den Chinesen und werde nicht entt\u00e4uscht, absolut lecker und und faire Preise. Abends noch auf dem Balkon etwas lesen, dann fr\u00fch zu Bett. Morgen wartet die n\u00e4chste Etappe, noch soll es trocken bleiben.<\/p>\n","protected":false},"excerpt":{"rendered":"<p>Um 8:00 Uhr beginnen wir frisch mit einem sehr guten Fr\u00fchst\u00fcck und sitzen kurz vor neun auf den R\u00e4dern. Unser Tagesgep\u00e4ck m\u00fcssen wir noch etwas sortieren, aber kurz darauf brechen wir auf in Richtung der Wasserf\u00e4lle. Dort beginnt auch der Tauernradweg, den wir heute f\u00fcr ca.65 km befahren wollen. Wir schauen uns den unteren Wasserfall &hellip; <a href=\"https:\/\/urlaub.vogt-clan.de\/?p=4012\" class=\"more-link\"><span class=\"screen-reader-text\">\u201eVon Krimml nach Zell am See\u201c <\/span>weiterlesen<\/a><\/p>\n","protected":false},"author":3,"featured_media":0,"comment_status":"open","ping_status":"open","sticky":false,"template":"","format":"standard","meta":{"_s2mail":"","footnotes":""},"categories":[300],"tags":[301],"class_list":["post-4012","post","type-post","status-publish","format-standard","hentry","category-2022-tauernradweg","tag-radfahren"],"jetpack_featured_media_url":"","_links":{"self":[{"href":"https:\/\/urlaub.vogt-clan.de\/index.php?rest_route=\/wp\/v2\/posts\/4012","targetHints":{"allow":["GET"]}}],"collection":[{"href":"https:\/\/urlaub.vogt-clan.de\/index.php?rest_route=\/wp\/v2\/posts"}],"about":[{"href":"https:\/\/urlaub.vogt-clan.de\/index.php?rest_route=\/wp\/v2\/types\/post"}],"author":[{"embeddable":true,"href":"https:\/\/urlaub.vogt-clan.de\/index.php?rest_route=\/wp\/v2\/users\/3"}],"replies":[{"embeddable":true,"href":"https:\/\/urlaub.vogt-clan.de\/index.php?rest_route=%2Fwp%2Fv2%2Fcomments&post=4012"}],"version-history":[{"count":2,"href":"https:\/\/urlaub.vogt-clan.de\/index.php?rest_route=\/wp\/v2\/posts\/4012\/revisions"}],"predecessor-version":[{"id":4038,"href":"https:\/\/urlaub.vogt-clan.de\/index.php?rest_route=\/wp\/v2\/posts\/4012\/revisions\/4038"}],"wp:attachment":[{"href":"https:\/\/urlaub.vogt-clan.de\/index.php?rest_route=%2Fwp%2Fv2%2Fmedia&parent=4012"}],"wp:term":[{"taxonomy":"category","embeddable":true,"href":"https:\/\/urlaub.vogt-clan.de\/index.php?rest_route=%2Fwp%2Fv2%2Fcategories&post=4012"},{"taxonomy":"post_tag","embeddable":true,"href":"https:\/\/urlaub.vogt-clan.de\/index.php?rest_route=%2Fwp%2Fv2%2Ftags&post=4012"}],"curies":[{"name":"wp","href":"https:\/\/api.w.org\/{rel}","templated":true}]}}