{"id":4010,"date":"2022-05-21T22:19:00","date_gmt":"2022-05-21T20:19:00","guid":{"rendered":"https:\/\/urlaub.vogt-clan.de\/?p=4010"},"modified":"2022-05-29T11:08:21","modified_gmt":"2022-05-29T09:08:21","slug":"anstrengende-anreise","status":"publish","type":"post","link":"https:\/\/urlaub.vogt-clan.de\/?p=4010","title":{"rendered":"Anstrengende Anreise"},"content":{"rendered":"\n<p>Am 21.05.22 geht es fr\u00fch um 5:00 Uhr mit dem Auto los Richtung Passau. Mit 2 Pausen ben\u00f6tigen wir 7 3\/4 Stunden f\u00fcr die Strecke und sind um 12:45 Uhr am reservierten Parkplatz. Hier startet planm\u00e4\u00dfig auch um 14:00 Uhr der Shuttlebus Richtung Krimml.<\/p>\n\n\n\n<figure class=\"wp-block-image size-large\"><a href=\"https:\/\/urlaub.vogt-clan.de\/wp-content\/uploads\/2022\/05\/IMG_20220521_164535-scaled.jpg\"><img loading=\"lazy\" decoding=\"async\" width=\"1024\" height=\"768\" src=\"https:\/\/urlaub.vogt-clan.de\/wp-content\/uploads\/2022\/05\/IMG_20220521_164535-1024x768.jpg\" alt=\"\" class=\"wp-image-4029\" srcset=\"https:\/\/urlaub.vogt-clan.de\/wp-content\/uploads\/2022\/05\/IMG_20220521_164535-1024x768.jpg 1024w, https:\/\/urlaub.vogt-clan.de\/wp-content\/uploads\/2022\/05\/IMG_20220521_164535-300x225.jpg 300w, https:\/\/urlaub.vogt-clan.de\/wp-content\/uploads\/2022\/05\/IMG_20220521_164535-768x576.jpg 768w, https:\/\/urlaub.vogt-clan.de\/wp-content\/uploads\/2022\/05\/IMG_20220521_164535-1536x1152.jpg 1536w, https:\/\/urlaub.vogt-clan.de\/wp-content\/uploads\/2022\/05\/IMG_20220521_164535-2048x1536.jpg 2048w, https:\/\/urlaub.vogt-clan.de\/wp-content\/uploads\/2022\/05\/IMG_20220521_164535-1200x900.jpg 1200w\" sizes=\"auto, (max-width: 709px) 85vw, (max-width: 909px) 67vw, (max-width: 1362px) 62vw, 840px\" \/><\/a><figcaption>Shuttlebus<\/figcaption><\/figure>\n\n\n\n<p>Das Auto bekommt den vorbestellten Platz im Parkhaus, Gep\u00e4ck und R\u00e4der werden verladen und um 13:45 Uhr geht es ab Richtung Sch\u00e4rding, wo weitere G\u00e4ste aufgenommen werden. Der Bus ist mit 20 Personen voll belegt, bequem ist anders. Mit einer Pause unterwegs ben\u00f6tigen wird fast 5 Stunden und kommen gegen 18:30 Uhr im Hotel Krimmlerf\u00e4lle an.<\/p>\n\n\n\n<p>Schnell ausladen und dann geht es zu einer Pizzeria, bei der wir drau\u00dfen sitzend essen k\u00f6nnen. Au\u00dferdem haben die Wirtsleute kleine Schraubendreher, so dass meine Brille, an der die Halteschraube des B\u00fcgels abgefallen ist, repariert werden kann.<\/p>\n\n\n\n<figure class=\"wp-block-image size-large\"><a href=\"https:\/\/urlaub.vogt-clan.de\/wp-content\/uploads\/2022\/05\/IMG_20220521_192212-scaled.jpg\"><img loading=\"lazy\" decoding=\"async\" width=\"1024\" height=\"768\" src=\"https:\/\/urlaub.vogt-clan.de\/wp-content\/uploads\/2022\/05\/IMG_20220521_192212-1024x768.jpg\" alt=\"\" class=\"wp-image-4030\" srcset=\"https:\/\/urlaub.vogt-clan.de\/wp-content\/uploads\/2022\/05\/IMG_20220521_192212-1024x768.jpg 1024w, https:\/\/urlaub.vogt-clan.de\/wp-content\/uploads\/2022\/05\/IMG_20220521_192212-300x225.jpg 300w, https:\/\/urlaub.vogt-clan.de\/wp-content\/uploads\/2022\/05\/IMG_20220521_192212-768x576.jpg 768w, https:\/\/urlaub.vogt-clan.de\/wp-content\/uploads\/2022\/05\/IMG_20220521_192212-1536x1152.jpg 1536w, https:\/\/urlaub.vogt-clan.de\/wp-content\/uploads\/2022\/05\/IMG_20220521_192212-2048x1536.jpg 2048w, https:\/\/urlaub.vogt-clan.de\/wp-content\/uploads\/2022\/05\/IMG_20220521_192212-1200x900.jpg 1200w\" sizes=\"auto, (max-width: 709px) 85vw, (max-width: 909px) 67vw, (max-width: 1362px) 62vw, 840px\" \/><\/a><figcaption>Blick vom Balkon<\/figcaption><\/figure>\n\n\n\n<p>Gegen 21:30 Uhr sind wir wieder im Hotel und begeben uns zur Ruhe, war ein langer Tag.<\/p>\n","protected":false},"excerpt":{"rendered":"<p>Am 21.05.22 geht es fr\u00fch um 5:00 Uhr mit dem Auto los Richtung Passau. Mit 2 Pausen ben\u00f6tigen wir 7 3\/4 Stunden f\u00fcr die Strecke und sind um 12:45 Uhr am reservierten Parkplatz. Hier startet planm\u00e4\u00dfig auch um 14:00 Uhr der Shuttlebus Richtung Krimml. Das Auto bekommt den vorbestellten Platz im Parkhaus, Gep\u00e4ck und R\u00e4der &hellip; <a href=\"https:\/\/urlaub.vogt-clan.de\/?p=4010\" class=\"more-link\"><span class=\"screen-reader-text\">\u201eAnstrengende Anreise\u201c <\/span>weiterlesen<\/a><\/p>\n","protected":false},"author":3,"featured_media":0,"comment_status":"open","ping_status":"open","sticky":false,"template":"","format":"standard","meta":{"_s2mail":"","footnotes":""},"categories":[300],"tags":[301],"class_list":["post-4010","post","type-post","status-publish","format-standard","hentry","category-2022-tauernradweg","tag-radfahren"],"jetpack_featured_media_url":"","_links":{"self":[{"href":"https:\/\/urlaub.vogt-clan.de\/index.php?rest_route=\/wp\/v2\/posts\/4010","targetHints":{"allow":["GET"]}}],"collection":[{"href":"https:\/\/urlaub.vogt-clan.de\/index.php?rest_route=\/wp\/v2\/posts"}],"about":[{"href":"https:\/\/urlaub.vogt-clan.de\/index.php?rest_route=\/wp\/v2\/types\/post"}],"author":[{"embeddable":true,"href":"https:\/\/urlaub.vogt-clan.de\/index.php?rest_route=\/wp\/v2\/users\/3"}],"replies":[{"embeddable":true,"href":"https:\/\/urlaub.vogt-clan.de\/index.php?rest_route=%2Fwp%2Fv2%2Fcomments&post=4010"}],"version-history":[{"count":2,"href":"https:\/\/urlaub.vogt-clan.de\/index.php?rest_route=\/wp\/v2\/posts\/4010\/revisions"}],"predecessor-version":[{"id":4031,"href":"https:\/\/urlaub.vogt-clan.de\/index.php?rest_route=\/wp\/v2\/posts\/4010\/revisions\/4031"}],"wp:attachment":[{"href":"https:\/\/urlaub.vogt-clan.de\/index.php?rest_route=%2Fwp%2Fv2%2Fmedia&parent=4010"}],"wp:term":[{"taxonomy":"category","embeddable":true,"href":"https:\/\/urlaub.vogt-clan.de\/index.php?rest_route=%2Fwp%2Fv2%2Fcategories&post=4010"},{"taxonomy":"post_tag","embeddable":true,"href":"https:\/\/urlaub.vogt-clan.de\/index.php?rest_route=%2Fwp%2Fv2%2Ftags&post=4010"}],"curies":[{"name":"wp","href":"https:\/\/api.w.org\/{rel}","templated":true}]}}