{"id":3832,"date":"2021-07-24T11:16:00","date_gmt":"2021-07-24T09:16:00","guid":{"rendered":"https:\/\/urlaub.vogt-clan.de\/?p=3832"},"modified":"2021-09-13T17:05:50","modified_gmt":"2021-09-13T15:05:50","slug":"von-weissenbach-nach-pflach","status":"publish","type":"post","link":"https:\/\/urlaub.vogt-clan.de\/?p=3832","title":{"rendered":"Von Wei\u00dfenbach nach Pflach"},"content":{"rendered":"\n<p>Ja, wir laufen die einzelnen Abschnitte etwas durcheinander, das liegt daran, dass wir die einzelnen Unterk\u00fcnfte f\u00fcr mehrere Tage gebucht haben und dann erst vom Hotel weg Richtung Reutte und am n\u00e4chsten Tag auf das Hotel zu laufen.<\/p>\n\n\n\n<p>Demnach geht es heute von Wei\u00dfenbach nach Pflach, wobei wir den Weg etwas angepasst haben, da das Original sehr viele H\u00f6henmeter umfasst.<\/p>\n\n\n\n<p>Zur fast \u00fcblichen Zeit um 9:30 Uhr laufen wir los, das Wetter ist sehr angenehm und wir kommen flott voran. Nach 5,5 km machen wir die erste Pause, bisher sind wir meist den Lech entlang gelaufen.<\/p>\n\n\n\n<figure class=\"wp-block-image size-large\"><a href=\"https:\/\/urlaub.vogt-clan.de\/wp-content\/uploads\/2021\/09\/IMG_20210724_094803-scaled.jpg\"><img loading=\"lazy\" decoding=\"async\" width=\"768\" height=\"1024\" src=\"https:\/\/urlaub.vogt-clan.de\/wp-content\/uploads\/2021\/09\/IMG_20210724_094803-768x1024.jpg\" alt=\"\" class=\"wp-image-3904\" srcset=\"https:\/\/urlaub.vogt-clan.de\/wp-content\/uploads\/2021\/09\/IMG_20210724_094803-768x1024.jpg 768w, https:\/\/urlaub.vogt-clan.de\/wp-content\/uploads\/2021\/09\/IMG_20210724_094803-225x300.jpg 225w, https:\/\/urlaub.vogt-clan.de\/wp-content\/uploads\/2021\/09\/IMG_20210724_094803-1152x1536.jpg 1152w, https:\/\/urlaub.vogt-clan.de\/wp-content\/uploads\/2021\/09\/IMG_20210724_094803-1536x2048.jpg 1536w, https:\/\/urlaub.vogt-clan.de\/wp-content\/uploads\/2021\/09\/IMG_20210724_094803-1200x1600.jpg 1200w, https:\/\/urlaub.vogt-clan.de\/wp-content\/uploads\/2021\/09\/IMG_20210724_094803-scaled.jpg 1920w\" sizes=\"auto, (max-width: 709px) 85vw, (max-width: 909px) 67vw, (max-width: 984px) 61vw, (max-width: 1362px) 45vw, 600px\" \/><\/a><\/figure>\n\n\n\n<figure class=\"wp-block-image size-large\"><a href=\"https:\/\/urlaub.vogt-clan.de\/wp-content\/uploads\/2021\/09\/IMG_20210724_101451-scaled.jpg\"><img loading=\"lazy\" decoding=\"async\" width=\"768\" height=\"1024\" src=\"https:\/\/urlaub.vogt-clan.de\/wp-content\/uploads\/2021\/09\/IMG_20210724_101451-768x1024.jpg\" alt=\"\" class=\"wp-image-3905\" srcset=\"https:\/\/urlaub.vogt-clan.de\/wp-content\/uploads\/2021\/09\/IMG_20210724_101451-768x1024.jpg 768w, https:\/\/urlaub.vogt-clan.de\/wp-content\/uploads\/2021\/09\/IMG_20210724_101451-225x300.jpg 225w, https:\/\/urlaub.vogt-clan.de\/wp-content\/uploads\/2021\/09\/IMG_20210724_101451-1152x1536.jpg 1152w, https:\/\/urlaub.vogt-clan.de\/wp-content\/uploads\/2021\/09\/IMG_20210724_101451-1536x2048.jpg 1536w, https:\/\/urlaub.vogt-clan.de\/wp-content\/uploads\/2021\/09\/IMG_20210724_101451-1200x1600.jpg 1200w, https:\/\/urlaub.vogt-clan.de\/wp-content\/uploads\/2021\/09\/IMG_20210724_101451-scaled.jpg 1920w\" sizes=\"auto, (max-width: 709px) 85vw, (max-width: 909px) 67vw, (max-width: 984px) 61vw, (max-width: 1362px) 45vw, 600px\" \/><\/a><\/figure>\n\n\n\n<p>Auch der zweite Abschnitt l\u00e4sst sich gut an, ab W\u00e4ngle weichen wir vom eigentlichen Pfad ab, da wir H\u00f6henmeter sparen wollen. Aber Dank der Navi-App werden wir trotzdem gut gef\u00fchrt. Vor 5 Jahren w\u00e4re so etwas nicht so einfach gewesen, da w\u00e4re man auf Wanderkarten und genaue Notizen angewiesen gewesen.<\/p>\n\n\n\n<figure class=\"wp-block-image size-large\"><a href=\"https:\/\/urlaub.vogt-clan.de\/wp-content\/uploads\/2021\/09\/P1000602-scaled.jpg\"><img loading=\"lazy\" decoding=\"async\" width=\"1024\" height=\"768\" src=\"https:\/\/urlaub.vogt-clan.de\/wp-content\/uploads\/2021\/09\/P1000602-1024x768.jpg\" alt=\"\" class=\"wp-image-3906\" srcset=\"https:\/\/urlaub.vogt-clan.de\/wp-content\/uploads\/2021\/09\/P1000602-1024x768.jpg 1024w, https:\/\/urlaub.vogt-clan.de\/wp-content\/uploads\/2021\/09\/P1000602-300x225.jpg 300w, https:\/\/urlaub.vogt-clan.de\/wp-content\/uploads\/2021\/09\/P1000602-768x576.jpg 768w, https:\/\/urlaub.vogt-clan.de\/wp-content\/uploads\/2021\/09\/P1000602-1536x1152.jpg 1536w, https:\/\/urlaub.vogt-clan.de\/wp-content\/uploads\/2021\/09\/P1000602-2048x1536.jpg 2048w, https:\/\/urlaub.vogt-clan.de\/wp-content\/uploads\/2021\/09\/P1000602-1200x900.jpg 1200w\" sizes=\"auto, (max-width: 709px) 85vw, (max-width: 909px) 67vw, (max-width: 1362px) 62vw, 840px\" \/><\/a><\/figure>\n\n\n\n<figure class=\"wp-block-image size-large\"><a href=\"https:\/\/urlaub.vogt-clan.de\/wp-content\/uploads\/2021\/09\/P1000604-scaled.jpg\"><img loading=\"lazy\" decoding=\"async\" width=\"768\" height=\"1024\" src=\"https:\/\/urlaub.vogt-clan.de\/wp-content\/uploads\/2021\/09\/P1000604-768x1024.jpg\" alt=\"\" class=\"wp-image-3907\" srcset=\"https:\/\/urlaub.vogt-clan.de\/wp-content\/uploads\/2021\/09\/P1000604-768x1024.jpg 768w, https:\/\/urlaub.vogt-clan.de\/wp-content\/uploads\/2021\/09\/P1000604-225x300.jpg 225w, https:\/\/urlaub.vogt-clan.de\/wp-content\/uploads\/2021\/09\/P1000604-1152x1536.jpg 1152w, https:\/\/urlaub.vogt-clan.de\/wp-content\/uploads\/2021\/09\/P1000604-1536x2048.jpg 1536w, https:\/\/urlaub.vogt-clan.de\/wp-content\/uploads\/2021\/09\/P1000604-1200x1600.jpg 1200w, https:\/\/urlaub.vogt-clan.de\/wp-content\/uploads\/2021\/09\/P1000604-scaled.jpg 1920w\" sizes=\"auto, (max-width: 709px) 85vw, (max-width: 909px) 67vw, (max-width: 984px) 61vw, (max-width: 1362px) 45vw, 600px\" \/><\/a><\/figure>\n\n\n\n<figure class=\"wp-block-image size-large\"><a href=\"https:\/\/urlaub.vogt-clan.de\/wp-content\/uploads\/2021\/09\/IMG_20210724_114011-scaled.jpg\"><img loading=\"lazy\" decoding=\"async\" width=\"768\" height=\"1024\" src=\"https:\/\/urlaub.vogt-clan.de\/wp-content\/uploads\/2021\/09\/IMG_20210724_114011-768x1024.jpg\" alt=\"\" class=\"wp-image-3908\" srcset=\"https:\/\/urlaub.vogt-clan.de\/wp-content\/uploads\/2021\/09\/IMG_20210724_114011-768x1024.jpg 768w, https:\/\/urlaub.vogt-clan.de\/wp-content\/uploads\/2021\/09\/IMG_20210724_114011-225x300.jpg 225w, https:\/\/urlaub.vogt-clan.de\/wp-content\/uploads\/2021\/09\/IMG_20210724_114011-1152x1536.jpg 1152w, https:\/\/urlaub.vogt-clan.de\/wp-content\/uploads\/2021\/09\/IMG_20210724_114011-1536x2048.jpg 1536w, https:\/\/urlaub.vogt-clan.de\/wp-content\/uploads\/2021\/09\/IMG_20210724_114011-1200x1600.jpg 1200w, https:\/\/urlaub.vogt-clan.de\/wp-content\/uploads\/2021\/09\/IMG_20210724_114011-scaled.jpg 1920w\" sizes=\"auto, (max-width: 709px) 85vw, (max-width: 909px) 67vw, (max-width: 984px) 61vw, (max-width: 1362px) 45vw, 600px\" \/><\/a><\/figure>\n\n\n\n<p>Nach entspannten 15,5 km kommen wir gegen 13:30 Uhr in Pflach an und m\u00fcssen erschreckt feststellen, dass unser bisheriger Begleiter, der Bus 110, hier gar nicht f\u00e4hrt. Ein Blick in die Auskunft zeigt, dass die n\u00e4chste R\u00fcckfahrt um 14:55 Uhr mit dem Zug nach Reutte und dann weiter mit dem Bus besteht.<\/p>\n\n\n\n<p>Also kehren wir f\u00fcr eine Schorle in den Gasthof ein und \u00fcben uns in Geduld. Immerhin sind die Verbindungen p\u00fcnktlich und wir kommen p\u00fcnktlich zum Sturzregen in Wei\u00dfenbach an. Wir fl\u00fcchten in den Supermarkt, kaufen ein und anschlie\u00dfend ist der Regen auch schon vorbei.<\/p>\n\n\n\n<p>Es gibt ein Bier auf der Terrasse, das Abendessen ist okay, nicht herausragend und die lahme Bedienung wie gestern: lahm. Abends planen wir noch die Wanderung f\u00fcr Morgen, den erneuten Sturmregen mit Gewitter k\u00f6nnen wir auf dem Balkon gut aussitzen. <\/p>\n\n\n\n<figure class=\"wp-block-image size-large\"><a href=\"https:\/\/urlaub.vogt-clan.de\/wp-content\/uploads\/2021\/09\/P1000605-scaled.jpg\"><img loading=\"lazy\" decoding=\"async\" width=\"1024\" height=\"768\" src=\"https:\/\/urlaub.vogt-clan.de\/wp-content\/uploads\/2021\/09\/P1000605-1024x768.jpg\" alt=\"\" class=\"wp-image-3909\" srcset=\"https:\/\/urlaub.vogt-clan.de\/wp-content\/uploads\/2021\/09\/P1000605-1024x768.jpg 1024w, https:\/\/urlaub.vogt-clan.de\/wp-content\/uploads\/2021\/09\/P1000605-300x225.jpg 300w, https:\/\/urlaub.vogt-clan.de\/wp-content\/uploads\/2021\/09\/P1000605-768x576.jpg 768w, https:\/\/urlaub.vogt-clan.de\/wp-content\/uploads\/2021\/09\/P1000605-1536x1152.jpg 1536w, https:\/\/urlaub.vogt-clan.de\/wp-content\/uploads\/2021\/09\/P1000605-2048x1536.jpg 2048w, https:\/\/urlaub.vogt-clan.de\/wp-content\/uploads\/2021\/09\/P1000605-1200x900.jpg 1200w\" sizes=\"auto, (max-width: 709px) 85vw, (max-width: 909px) 67vw, (max-width: 1362px) 62vw, 840px\" \/><\/a><\/figure>\n","protected":false},"excerpt":{"rendered":"<p>Ja, wir laufen die einzelnen Abschnitte etwas durcheinander, das liegt daran, dass wir die einzelnen Unterk\u00fcnfte f\u00fcr mehrere Tage gebucht haben und dann erst vom Hotel weg Richtung Reutte und am n\u00e4chsten Tag auf das Hotel zu laufen. Demnach geht es heute von Wei\u00dfenbach nach Pflach, wobei wir den Weg etwas angepasst haben, da das &hellip; <a href=\"https:\/\/urlaub.vogt-clan.de\/?p=3832\" class=\"more-link\"><span class=\"screen-reader-text\">\u201eVon Wei\u00dfenbach nach Pflach\u201c <\/span>weiterlesen<\/a><\/p>\n","protected":false},"author":3,"featured_media":0,"comment_status":"open","ping_status":"open","sticky":false,"template":"","format":"standard","meta":{"_s2mail":"","footnotes":""},"categories":[297],"tags":[281],"class_list":["post-3832","post","type-post","status-publish","format-standard","hentry","category-lechweg21","tag-wandern"],"jetpack_featured_media_url":"","_links":{"self":[{"href":"https:\/\/urlaub.vogt-clan.de\/index.php?rest_route=\/wp\/v2\/posts\/3832","targetHints":{"allow":["GET"]}}],"collection":[{"href":"https:\/\/urlaub.vogt-clan.de\/index.php?rest_route=\/wp\/v2\/posts"}],"about":[{"href":"https:\/\/urlaub.vogt-clan.de\/index.php?rest_route=\/wp\/v2\/types\/post"}],"author":[{"embeddable":true,"href":"https:\/\/urlaub.vogt-clan.de\/index.php?rest_route=\/wp\/v2\/users\/3"}],"replies":[{"embeddable":true,"href":"https:\/\/urlaub.vogt-clan.de\/index.php?rest_route=%2Fwp%2Fv2%2Fcomments&post=3832"}],"version-history":[{"count":3,"href":"https:\/\/urlaub.vogt-clan.de\/index.php?rest_route=\/wp\/v2\/posts\/3832\/revisions"}],"predecessor-version":[{"id":3910,"href":"https:\/\/urlaub.vogt-clan.de\/index.php?rest_route=\/wp\/v2\/posts\/3832\/revisions\/3910"}],"wp:attachment":[{"href":"https:\/\/urlaub.vogt-clan.de\/index.php?rest_route=%2Fwp%2Fv2%2Fmedia&parent=3832"}],"wp:term":[{"taxonomy":"category","embeddable":true,"href":"https:\/\/urlaub.vogt-clan.de\/index.php?rest_route=%2Fwp%2Fv2%2Fcategories&post=3832"},{"taxonomy":"post_tag","embeddable":true,"href":"https:\/\/urlaub.vogt-clan.de\/index.php?rest_route=%2Fwp%2Fv2%2Ftags&post=3832"}],"curies":[{"name":"wp","href":"https:\/\/api.w.org\/{rel}","templated":true}]}}