{"id":3830,"date":"2021-07-23T21:17:47","date_gmt":"2021-07-23T19:17:47","guid":{"rendered":"https:\/\/urlaub.vogt-clan.de\/?p=3830"},"modified":"2021-09-13T17:05:50","modified_gmt":"2021-09-13T15:05:50","slug":"joechelspitze-steeg-nach-holzgau","status":"publish","type":"post","link":"https:\/\/urlaub.vogt-clan.de\/?p=3830","title":{"rendered":"J\u00f6chelspitze, Steeg nach Holzgau"},"content":{"rendered":"\n<p>Heute, 23.07.21, ist wieder Umzugstag. Wir packen also nach gutem Fr\u00fchst\u00fcck unsere diversen Taschen und beladen das Auto. Gl\u00fccklicherweise d\u00fcrfen wir den Wagen auf dem Hotelparkplatz stehen lassen, so nehmen wir den Bus um 10:30 Uhr zur Talstation der J\u00f6chelspitzbahn. Sehr positiv sticht hier heraus, dass mit den G\u00e4stekarten die Busbenutzung sowie diverse andere Sachen, so auch die genannte Bahn, kostenfrei zu nutzen sind.<\/p>\n\n\n\n<figure class=\"wp-block-image size-large\"><a href=\"https:\/\/urlaub.vogt-clan.de\/wp-content\/uploads\/2021\/09\/IMG_20210723_111807-scaled.jpg\"><img loading=\"lazy\" decoding=\"async\" width=\"768\" height=\"1024\" src=\"https:\/\/urlaub.vogt-clan.de\/wp-content\/uploads\/2021\/09\/IMG_20210723_111807-768x1024.jpg\" alt=\"\" class=\"wp-image-3899\" srcset=\"https:\/\/urlaub.vogt-clan.de\/wp-content\/uploads\/2021\/09\/IMG_20210723_111807-768x1024.jpg 768w, https:\/\/urlaub.vogt-clan.de\/wp-content\/uploads\/2021\/09\/IMG_20210723_111807-225x300.jpg 225w, https:\/\/urlaub.vogt-clan.de\/wp-content\/uploads\/2021\/09\/IMG_20210723_111807-1152x1536.jpg 1152w, https:\/\/urlaub.vogt-clan.de\/wp-content\/uploads\/2021\/09\/IMG_20210723_111807-1536x2048.jpg 1536w, https:\/\/urlaub.vogt-clan.de\/wp-content\/uploads\/2021\/09\/IMG_20210723_111807-1200x1600.jpg 1200w, https:\/\/urlaub.vogt-clan.de\/wp-content\/uploads\/2021\/09\/IMG_20210723_111807-scaled.jpg 1920w\" sizes=\"auto, (max-width: 709px) 85vw, (max-width: 909px) 67vw, (max-width: 984px) 61vw, (max-width: 1362px) 45vw, 600px\" \/><\/a><\/figure>\n\n\n\n<p>Nat\u00fcrlich wollen wir das auskosten und fahren deshalb nach Ankunft kurz aus besagten Berg. Hier halten wir uns nur f\u00fcr 15 Minuten auf, da bereits um 11:40 Uhr der Bus nach Steeg geht. Dort wollen wir die Wanderung wieder aufnehmen, wenn auch nur f\u00fcr ein kurzes St\u00fcck, die letzten Tage h\u00e4ngen uns in den Knochen.<\/p>\n\n\n\n<figure class=\"wp-block-image size-large\"><a href=\"https:\/\/urlaub.vogt-clan.de\/wp-content\/uploads\/2021\/09\/IMG_20210723_110009-scaled.jpg\"><img loading=\"lazy\" decoding=\"async\" width=\"768\" height=\"1024\" src=\"https:\/\/urlaub.vogt-clan.de\/wp-content\/uploads\/2021\/09\/IMG_20210723_110009-768x1024.jpg\" alt=\"\" class=\"wp-image-3900\" srcset=\"https:\/\/urlaub.vogt-clan.de\/wp-content\/uploads\/2021\/09\/IMG_20210723_110009-768x1024.jpg 768w, https:\/\/urlaub.vogt-clan.de\/wp-content\/uploads\/2021\/09\/IMG_20210723_110009-225x300.jpg 225w, https:\/\/urlaub.vogt-clan.de\/wp-content\/uploads\/2021\/09\/IMG_20210723_110009-1152x1536.jpg 1152w, https:\/\/urlaub.vogt-clan.de\/wp-content\/uploads\/2021\/09\/IMG_20210723_110009-1536x2048.jpg 1536w, https:\/\/urlaub.vogt-clan.de\/wp-content\/uploads\/2021\/09\/IMG_20210723_110009-1200x1600.jpg 1200w, https:\/\/urlaub.vogt-clan.de\/wp-content\/uploads\/2021\/09\/IMG_20210723_110009-scaled.jpg 1920w\" sizes=\"auto, (max-width: 709px) 85vw, (max-width: 909px) 67vw, (max-width: 984px) 61vw, (max-width: 1362px) 45vw, 600px\" \/><\/a><\/figure>\n\n\n\n<p>Um kurz nach zw\u00f6lf kommen wir in Steeg an und wandern einen sch\u00f6nen Pfad am Lech entlang Richtung Holzgau. Dort bewundern wir die L\u00fcftlmalereinen an den H\u00e4usern, Holzgau ist daf\u00fcr ber\u00fchmt. Um 14:20 Uhr nehmen wir den Bus zur\u00fcck nach Bach und fahren Richtung Wei\u00dfenbach.<\/p>\n\n\n\n<figure class=\"wp-block-image size-large\"><a href=\"https:\/\/urlaub.vogt-clan.de\/wp-content\/uploads\/2021\/09\/P1000578-scaled.jpg\"><img loading=\"lazy\" decoding=\"async\" width=\"1024\" height=\"768\" src=\"https:\/\/urlaub.vogt-clan.de\/wp-content\/uploads\/2021\/09\/P1000578-1024x768.jpg\" alt=\"\" class=\"wp-image-3901\" srcset=\"https:\/\/urlaub.vogt-clan.de\/wp-content\/uploads\/2021\/09\/P1000578-1024x768.jpg 1024w, https:\/\/urlaub.vogt-clan.de\/wp-content\/uploads\/2021\/09\/P1000578-300x225.jpg 300w, https:\/\/urlaub.vogt-clan.de\/wp-content\/uploads\/2021\/09\/P1000578-768x576.jpg 768w, https:\/\/urlaub.vogt-clan.de\/wp-content\/uploads\/2021\/09\/P1000578-1536x1152.jpg 1536w, https:\/\/urlaub.vogt-clan.de\/wp-content\/uploads\/2021\/09\/P1000578-2048x1536.jpg 2048w, https:\/\/urlaub.vogt-clan.de\/wp-content\/uploads\/2021\/09\/P1000578-1200x900.jpg 1200w\" sizes=\"auto, (max-width: 709px) 85vw, (max-width: 909px) 67vw, (max-width: 1362px) 62vw, 840px\" \/><\/a><\/figure>\n\n\n\n<figure class=\"wp-block-image size-large\"><a href=\"https:\/\/urlaub.vogt-clan.de\/wp-content\/uploads\/2021\/09\/P1000580-scaled.jpg\"><img loading=\"lazy\" decoding=\"async\" width=\"768\" height=\"1024\" src=\"https:\/\/urlaub.vogt-clan.de\/wp-content\/uploads\/2021\/09\/P1000580-768x1024.jpg\" alt=\"\" class=\"wp-image-3902\" srcset=\"https:\/\/urlaub.vogt-clan.de\/wp-content\/uploads\/2021\/09\/P1000580-768x1024.jpg 768w, https:\/\/urlaub.vogt-clan.de\/wp-content\/uploads\/2021\/09\/P1000580-225x300.jpg 225w, https:\/\/urlaub.vogt-clan.de\/wp-content\/uploads\/2021\/09\/P1000580-1152x1536.jpg 1152w, https:\/\/urlaub.vogt-clan.de\/wp-content\/uploads\/2021\/09\/P1000580-1536x2048.jpg 1536w, https:\/\/urlaub.vogt-clan.de\/wp-content\/uploads\/2021\/09\/P1000580-1200x1600.jpg 1200w, https:\/\/urlaub.vogt-clan.de\/wp-content\/uploads\/2021\/09\/P1000580-scaled.jpg 1920w\" sizes=\"auto, (max-width: 709px) 85vw, (max-width: 909px) 67vw, (max-width: 984px) 61vw, (max-width: 1362px) 45vw, 600px\" \/><\/a><\/figure>\n\n\n\n<p>Auf dem Weg machen wir einen kurzen Einkaufsstop und kaufen bei der Touri-Info Pins, gegen 16:00 Uhr checken wir im Goldenen Lamm in Wei\u00dfenbach ein. <\/p>\n\n\n\n<p>Leider macht der Service schon beim Ankunfts-Bier einen \u00fcberforderten Eindruck, das setzt sich auch beim m\u00e4\u00dfigen Abendessen fort, wo das Dessert nach Nachfrage nach ca. 40 Minuten den Weg zu uns findet. Fairerweise muss man sagen, dass die beiden Damen alleine einen gro\u00dfen Gastraum und die Au\u00dfenterrasse bedienen m\u00fcssen, aber es sind leider nicht beide flott.<\/p>\n\n\n\n<p>So sitzen wir ab 20:00 Uhr gem\u00fctlich auf dem Balkon und lassen den Abend ausklingen. Das Wetter soll schlechter werden, wir m\u00fcssen die kommenden Touren planen.<\/p>\n","protected":false},"excerpt":{"rendered":"<p>Heute, 23.07.21, ist wieder Umzugstag. Wir packen also nach gutem Fr\u00fchst\u00fcck unsere diversen Taschen und beladen das Auto. Gl\u00fccklicherweise d\u00fcrfen wir den Wagen auf dem Hotelparkplatz stehen lassen, so nehmen wir den Bus um 10:30 Uhr zur Talstation der J\u00f6chelspitzbahn. Sehr positiv sticht hier heraus, dass mit den G\u00e4stekarten die Busbenutzung sowie diverse andere Sachen, &hellip; <a href=\"https:\/\/urlaub.vogt-clan.de\/?p=3830\" class=\"more-link\"><span class=\"screen-reader-text\">\u201eJ\u00f6chelspitze, Steeg nach Holzgau\u201c <\/span>weiterlesen<\/a><\/p>\n","protected":false},"author":3,"featured_media":0,"comment_status":"open","ping_status":"open","sticky":false,"template":"","format":"standard","meta":{"_s2mail":"","footnotes":""},"categories":[297],"tags":[281],"class_list":["post-3830","post","type-post","status-publish","format-standard","hentry","category-lechweg21","tag-wandern"],"jetpack_featured_media_url":"","_links":{"self":[{"href":"https:\/\/urlaub.vogt-clan.de\/index.php?rest_route=\/wp\/v2\/posts\/3830","targetHints":{"allow":["GET"]}}],"collection":[{"href":"https:\/\/urlaub.vogt-clan.de\/index.php?rest_route=\/wp\/v2\/posts"}],"about":[{"href":"https:\/\/urlaub.vogt-clan.de\/index.php?rest_route=\/wp\/v2\/types\/post"}],"author":[{"embeddable":true,"href":"https:\/\/urlaub.vogt-clan.de\/index.php?rest_route=\/wp\/v2\/users\/3"}],"replies":[{"embeddable":true,"href":"https:\/\/urlaub.vogt-clan.de\/index.php?rest_route=%2Fwp%2Fv2%2Fcomments&post=3830"}],"version-history":[{"count":3,"href":"https:\/\/urlaub.vogt-clan.de\/index.php?rest_route=\/wp\/v2\/posts\/3830\/revisions"}],"predecessor-version":[{"id":3903,"href":"https:\/\/urlaub.vogt-clan.de\/index.php?rest_route=\/wp\/v2\/posts\/3830\/revisions\/3903"}],"wp:attachment":[{"href":"https:\/\/urlaub.vogt-clan.de\/index.php?rest_route=%2Fwp%2Fv2%2Fmedia&parent=3830"}],"wp:term":[{"taxonomy":"category","embeddable":true,"href":"https:\/\/urlaub.vogt-clan.de\/index.php?rest_route=%2Fwp%2Fv2%2Fcategories&post=3830"},{"taxonomy":"post_tag","embeddable":true,"href":"https:\/\/urlaub.vogt-clan.de\/index.php?rest_route=%2Fwp%2Fv2%2Ftags&post=3830"}],"curies":[{"name":"wp","href":"https:\/\/api.w.org\/{rel}","templated":true}]}}