{"id":3828,"date":"2021-07-22T21:18:24","date_gmt":"2021-07-22T19:18:24","guid":{"rendered":"https:\/\/urlaub.vogt-clan.de\/?p=3828"},"modified":"2021-09-13T17:05:50","modified_gmt":"2021-09-13T15:05:50","slug":"bach-nach-elmen","status":"publish","type":"post","link":"https:\/\/urlaub.vogt-clan.de\/?p=3828","title":{"rendered":"Bach nach Elmen"},"content":{"rendered":"\n<p>Nachdem die gestrige Strecke ziemlich anstrengend war, wollen wir heute etwas gem\u00fctlicher unterwegs sein. Wir wollen von Bach \u00fcber Elbigenalp nach H\u00e4selgehr und &#8211; wenn wir dann noch Lust haben &#8211; weiter nach Elmen. Wenigstens das erste St\u00fcck (10 km) geht meistens am Lech entlang, den zweiten Abschnitt (5 km) haben wir uns nicht so genau angesehen.<\/p>\n\n\n\n<figure class=\"wp-block-image size-large\"><a href=\"https:\/\/urlaub.vogt-clan.de\/wp-content\/uploads\/2021\/09\/P1000538-1-scaled.jpg\"><img loading=\"lazy\" decoding=\"async\" width=\"768\" height=\"1024\" src=\"https:\/\/urlaub.vogt-clan.de\/wp-content\/uploads\/2021\/09\/P1000538-1-768x1024.jpg\" alt=\"\" class=\"wp-image-3893\" srcset=\"https:\/\/urlaub.vogt-clan.de\/wp-content\/uploads\/2021\/09\/P1000538-1-768x1024.jpg 768w, https:\/\/urlaub.vogt-clan.de\/wp-content\/uploads\/2021\/09\/P1000538-1-225x300.jpg 225w, https:\/\/urlaub.vogt-clan.de\/wp-content\/uploads\/2021\/09\/P1000538-1-1152x1536.jpg 1152w, https:\/\/urlaub.vogt-clan.de\/wp-content\/uploads\/2021\/09\/P1000538-1-1536x2048.jpg 1536w, https:\/\/urlaub.vogt-clan.de\/wp-content\/uploads\/2021\/09\/P1000538-1-1200x1600.jpg 1200w, https:\/\/urlaub.vogt-clan.de\/wp-content\/uploads\/2021\/09\/P1000538-1-scaled.jpg 1920w\" sizes=\"auto, (max-width: 709px) 85vw, (max-width: 909px) 67vw, (max-width: 984px) 61vw, (max-width: 1362px) 45vw, 600px\" \/><\/a><\/figure>\n\n\n\n<figure class=\"wp-block-image size-large\"><a href=\"https:\/\/urlaub.vogt-clan.de\/wp-content\/uploads\/2021\/09\/P1000540-1-scaled.jpg\"><img loading=\"lazy\" decoding=\"async\" width=\"1024\" height=\"768\" src=\"https:\/\/urlaub.vogt-clan.de\/wp-content\/uploads\/2021\/09\/P1000540-1-1024x768.jpg\" alt=\"\" class=\"wp-image-3894\" srcset=\"https:\/\/urlaub.vogt-clan.de\/wp-content\/uploads\/2021\/09\/P1000540-1-1024x768.jpg 1024w, https:\/\/urlaub.vogt-clan.de\/wp-content\/uploads\/2021\/09\/P1000540-1-300x225.jpg 300w, https:\/\/urlaub.vogt-clan.de\/wp-content\/uploads\/2021\/09\/P1000540-1-768x576.jpg 768w, https:\/\/urlaub.vogt-clan.de\/wp-content\/uploads\/2021\/09\/P1000540-1-1536x1152.jpg 1536w, https:\/\/urlaub.vogt-clan.de\/wp-content\/uploads\/2021\/09\/P1000540-1-2048x1536.jpg 2048w, https:\/\/urlaub.vogt-clan.de\/wp-content\/uploads\/2021\/09\/P1000540-1-1200x900.jpg 1200w\" sizes=\"auto, (max-width: 709px) 85vw, (max-width: 909px) 67vw, (max-width: 1362px) 62vw, 840px\" \/><\/a><\/figure>\n\n\n\n<p>Frohen Mutes geht es um 9:30 Uhr los und wir kommen gut voran. Der Weg ist gut zu gehen und wir sind um 12:20 Uhr in H\u00e4selgehr, wo wir uns die sehenswerte Kirche anschauen.<\/p>\n\n\n\n<figure class=\"wp-block-image size-large\"><a href=\"https:\/\/urlaub.vogt-clan.de\/wp-content\/uploads\/2021\/09\/IMG_20210722_122559-scaled.jpg\"><img loading=\"lazy\" decoding=\"async\" width=\"768\" height=\"1024\" src=\"https:\/\/urlaub.vogt-clan.de\/wp-content\/uploads\/2021\/09\/IMG_20210722_122559-768x1024.jpg\" alt=\"\" class=\"wp-image-3895\" srcset=\"https:\/\/urlaub.vogt-clan.de\/wp-content\/uploads\/2021\/09\/IMG_20210722_122559-768x1024.jpg 768w, https:\/\/urlaub.vogt-clan.de\/wp-content\/uploads\/2021\/09\/IMG_20210722_122559-225x300.jpg 225w, https:\/\/urlaub.vogt-clan.de\/wp-content\/uploads\/2021\/09\/IMG_20210722_122559-1152x1536.jpg 1152w, https:\/\/urlaub.vogt-clan.de\/wp-content\/uploads\/2021\/09\/IMG_20210722_122559-1536x2048.jpg 1536w, https:\/\/urlaub.vogt-clan.de\/wp-content\/uploads\/2021\/09\/IMG_20210722_122559-1200x1600.jpg 1200w, https:\/\/urlaub.vogt-clan.de\/wp-content\/uploads\/2021\/09\/IMG_20210722_122559-scaled.jpg 1920w\" sizes=\"auto, (max-width: 709px) 85vw, (max-width: 909px) 67vw, (max-width: 984px) 61vw, (max-width: 1362px) 45vw, 600px\" \/><\/a><\/figure>\n\n\n\n<figure class=\"wp-block-image size-large\"><a href=\"https:\/\/urlaub.vogt-clan.de\/wp-content\/uploads\/2021\/09\/IMG_20210722_122850-scaled.jpg\"><img loading=\"lazy\" decoding=\"async\" width=\"768\" height=\"1024\" src=\"https:\/\/urlaub.vogt-clan.de\/wp-content\/uploads\/2021\/09\/IMG_20210722_122850-768x1024.jpg\" alt=\"\" class=\"wp-image-3896\" srcset=\"https:\/\/urlaub.vogt-clan.de\/wp-content\/uploads\/2021\/09\/IMG_20210722_122850-768x1024.jpg 768w, https:\/\/urlaub.vogt-clan.de\/wp-content\/uploads\/2021\/09\/IMG_20210722_122850-225x300.jpg 225w, https:\/\/urlaub.vogt-clan.de\/wp-content\/uploads\/2021\/09\/IMG_20210722_122850-1152x1536.jpg 1152w, https:\/\/urlaub.vogt-clan.de\/wp-content\/uploads\/2021\/09\/IMG_20210722_122850-1536x2048.jpg 1536w, https:\/\/urlaub.vogt-clan.de\/wp-content\/uploads\/2021\/09\/IMG_20210722_122850-1200x1600.jpg 1200w, https:\/\/urlaub.vogt-clan.de\/wp-content\/uploads\/2021\/09\/IMG_20210722_122850-scaled.jpg 1920w\" sizes=\"auto, (max-width: 709px) 85vw, (max-width: 909px) 67vw, (max-width: 984px) 61vw, (max-width: 1362px) 45vw, 600px\" \/><\/a><\/figure>\n\n\n\n<p>Anschlie\u00dfend sehen wir ein Schild \u201aElmen: 2 Stunden\u2018 und denken uns, das kann ja f\u00fcr 5 km nicht passen. Leicht ansteigend kommen wir zum Doserwasserfall, danach steigt der Weg als schmaler Pfad brutal an. Hatten wir auf den ersten 10 km insgesamt 100 H\u00f6henmeter erstiegen, kommen hier in kurzer Zeit weitere 220 HM hinzu. Damit h\u00e4tten wir nicht gerechnet, entsprechend fertig sind wir, als wir endlich nach 18 km Elmen erreichen.<\/p>\n\n\n\n<figure class=\"wp-block-image size-large\"><a href=\"https:\/\/urlaub.vogt-clan.de\/wp-content\/uploads\/2021\/09\/IMG_20210722_124835-scaled.jpg\"><img loading=\"lazy\" decoding=\"async\" width=\"768\" height=\"1024\" src=\"https:\/\/urlaub.vogt-clan.de\/wp-content\/uploads\/2021\/09\/IMG_20210722_124835-768x1024.jpg\" alt=\"\" class=\"wp-image-3897\" srcset=\"https:\/\/urlaub.vogt-clan.de\/wp-content\/uploads\/2021\/09\/IMG_20210722_124835-768x1024.jpg 768w, https:\/\/urlaub.vogt-clan.de\/wp-content\/uploads\/2021\/09\/IMG_20210722_124835-225x300.jpg 225w, https:\/\/urlaub.vogt-clan.de\/wp-content\/uploads\/2021\/09\/IMG_20210722_124835-1152x1536.jpg 1152w, https:\/\/urlaub.vogt-clan.de\/wp-content\/uploads\/2021\/09\/IMG_20210722_124835-1536x2048.jpg 1536w, https:\/\/urlaub.vogt-clan.de\/wp-content\/uploads\/2021\/09\/IMG_20210722_124835-1200x1600.jpg 1200w, https:\/\/urlaub.vogt-clan.de\/wp-content\/uploads\/2021\/09\/IMG_20210722_124835-scaled.jpg 1920w\" sizes=\"auto, (max-width: 709px) 85vw, (max-width: 909px) 67vw, (max-width: 984px) 61vw, (max-width: 1362px) 45vw, 600px\" \/><\/a><\/figure>\n\n\n\n<p>Auf den Bus warten wir ca. 20 Minuten und kommen kurz nach 16:00 Uhr endlich am Hotel an. Wir sind uns einig, dass wir Morgen nur kurze Abschnitte laufen und zuk\u00fcnftig auf die H\u00f6henangaben achten werden.<\/p>\n","protected":false},"excerpt":{"rendered":"<p>Nachdem die gestrige Strecke ziemlich anstrengend war, wollen wir heute etwas gem\u00fctlicher unterwegs sein. Wir wollen von Bach \u00fcber Elbigenalp nach H\u00e4selgehr und &#8211; wenn wir dann noch Lust haben &#8211; weiter nach Elmen. Wenigstens das erste St\u00fcck (10 km) geht meistens am Lech entlang, den zweiten Abschnitt (5 km) haben wir uns nicht so &hellip; <a href=\"https:\/\/urlaub.vogt-clan.de\/?p=3828\" class=\"more-link\"><span class=\"screen-reader-text\">\u201eBach nach Elmen\u201c <\/span>weiterlesen<\/a><\/p>\n","protected":false},"author":3,"featured_media":0,"comment_status":"open","ping_status":"open","sticky":false,"template":"","format":"standard","meta":{"_s2mail":"","footnotes":""},"categories":[297],"tags":[281],"class_list":["post-3828","post","type-post","status-publish","format-standard","hentry","category-lechweg21","tag-wandern"],"jetpack_featured_media_url":"","_links":{"self":[{"href":"https:\/\/urlaub.vogt-clan.de\/index.php?rest_route=\/wp\/v2\/posts\/3828","targetHints":{"allow":["GET"]}}],"collection":[{"href":"https:\/\/urlaub.vogt-clan.de\/index.php?rest_route=\/wp\/v2\/posts"}],"about":[{"href":"https:\/\/urlaub.vogt-clan.de\/index.php?rest_route=\/wp\/v2\/types\/post"}],"author":[{"embeddable":true,"href":"https:\/\/urlaub.vogt-clan.de\/index.php?rest_route=\/wp\/v2\/users\/3"}],"replies":[{"embeddable":true,"href":"https:\/\/urlaub.vogt-clan.de\/index.php?rest_route=%2Fwp%2Fv2%2Fcomments&post=3828"}],"version-history":[{"count":3,"href":"https:\/\/urlaub.vogt-clan.de\/index.php?rest_route=\/wp\/v2\/posts\/3828\/revisions"}],"predecessor-version":[{"id":3898,"href":"https:\/\/urlaub.vogt-clan.de\/index.php?rest_route=\/wp\/v2\/posts\/3828\/revisions\/3898"}],"wp:attachment":[{"href":"https:\/\/urlaub.vogt-clan.de\/index.php?rest_route=%2Fwp%2Fv2%2Fmedia&parent=3828"}],"wp:term":[{"taxonomy":"category","embeddable":true,"href":"https:\/\/urlaub.vogt-clan.de\/index.php?rest_route=%2Fwp%2Fv2%2Fcategories&post=3828"},{"taxonomy":"post_tag","embeddable":true,"href":"https:\/\/urlaub.vogt-clan.de\/index.php?rest_route=%2Fwp%2Fv2%2Ftags&post=3828"}],"curies":[{"name":"wp","href":"https:\/\/api.w.org\/{rel}","templated":true}]}}