{"id":3813,"date":"2021-07-18T16:55:46","date_gmt":"2021-07-18T14:55:46","guid":{"rendered":"https:\/\/urlaub.vogt-clan.de\/?p=3813"},"modified":"2021-09-13T17:17:33","modified_gmt":"2021-09-13T15:17:33","slug":"von-warth-nach-steeg","status":"publish","type":"post","link":"https:\/\/urlaub.vogt-clan.de\/?p=3813","title":{"rendered":"Von Warth nach Steeg"},"content":{"rendered":"\n<p>Wegen des anhaltend schlechten Wetters laufen wir heute den Weg von Warth nach Steeg. Das es zum Start schon kr\u00e4ftig regnet, ziehen wir direkt die Regenponchos an. Nicht sch\u00f6n, aber halbwegs trocken.<\/p>\n\n\n\n<figure class=\"wp-block-image size-large\"><a href=\"https:\/\/urlaub.vogt-clan.de\/wp-content\/uploads\/2021\/09\/IMG_20210718_100129-scaled.jpg\"><img loading=\"lazy\" decoding=\"async\" width=\"768\" height=\"1024\" src=\"https:\/\/urlaub.vogt-clan.de\/wp-content\/uploads\/2021\/09\/IMG_20210718_100129-768x1024.jpg\" alt=\"\" class=\"wp-image-3868\" srcset=\"https:\/\/urlaub.vogt-clan.de\/wp-content\/uploads\/2021\/09\/IMG_20210718_100129-768x1024.jpg 768w, https:\/\/urlaub.vogt-clan.de\/wp-content\/uploads\/2021\/09\/IMG_20210718_100129-225x300.jpg 225w, https:\/\/urlaub.vogt-clan.de\/wp-content\/uploads\/2021\/09\/IMG_20210718_100129-1152x1536.jpg 1152w, https:\/\/urlaub.vogt-clan.de\/wp-content\/uploads\/2021\/09\/IMG_20210718_100129-1536x2048.jpg 1536w, https:\/\/urlaub.vogt-clan.de\/wp-content\/uploads\/2021\/09\/IMG_20210718_100129-1200x1600.jpg 1200w, https:\/\/urlaub.vogt-clan.de\/wp-content\/uploads\/2021\/09\/IMG_20210718_100129-scaled.jpg 1920w\" sizes=\"auto, (max-width: 709px) 85vw, (max-width: 909px) 67vw, (max-width: 984px) 61vw, (max-width: 1362px) 45vw, 600px\" \/><\/a><\/figure>\n\n\n\n<p>Wir m\u00fcssen einen matschigen Abstieg bew\u00e4ltigen, queren einen Bach und steigen dann wieder bergauf. Das Wasser str\u00f6mt uns den  Weg entgegen, ein Hoch auf dichtes Schuhwerk.<\/p>\n\n\n\n<figure class=\"wp-block-image size-large\"><a href=\"https:\/\/urlaub.vogt-clan.de\/wp-content\/uploads\/2021\/09\/IMG_20210718_110217-scaled.jpg\"><img loading=\"lazy\" decoding=\"async\" width=\"1024\" height=\"768\" src=\"https:\/\/urlaub.vogt-clan.de\/wp-content\/uploads\/2021\/09\/IMG_20210718_110217-1024x768.jpg\" alt=\"\" class=\"wp-image-3869\" srcset=\"https:\/\/urlaub.vogt-clan.de\/wp-content\/uploads\/2021\/09\/IMG_20210718_110217-1024x768.jpg 1024w, https:\/\/urlaub.vogt-clan.de\/wp-content\/uploads\/2021\/09\/IMG_20210718_110217-300x225.jpg 300w, https:\/\/urlaub.vogt-clan.de\/wp-content\/uploads\/2021\/09\/IMG_20210718_110217-768x576.jpg 768w, https:\/\/urlaub.vogt-clan.de\/wp-content\/uploads\/2021\/09\/IMG_20210718_110217-1536x1152.jpg 1536w, https:\/\/urlaub.vogt-clan.de\/wp-content\/uploads\/2021\/09\/IMG_20210718_110217-2048x1536.jpg 2048w, https:\/\/urlaub.vogt-clan.de\/wp-content\/uploads\/2021\/09\/IMG_20210718_110217-1200x900.jpg 1200w\" sizes=\"auto, (max-width: 709px) 85vw, (max-width: 909px) 67vw, (max-width: 1362px) 62vw, 840px\" \/><\/a><\/figure>\n\n\n\n<p>Gut 2 Stunden sind wir unterwegs, als uns der erste entgegenkommende Wanderer sagt, dass man nicht bis Steeg kommt. Die Wassermassen st\u00fcrzen so vom Berg, dass man die Ger\u00f6llfelder nicht \u00fcberqueren kann. Normalerweise sind das nur kleine Rinnsale, die man leicht \u00fcbersteigt.<\/p>\n\n\n\n<p>Wir gehen erstmal weiter bis Lechleiten, weitere Wanderer weisen uns auf die Unpassierbarkeit hin. Also steigen wir von Lechleiten hinab zur Bundesstra\u00dfe und haben Gl\u00fcck: Durch die 5-min\u00fctige Versp\u00e4tung des Busses bleibt uns eine lange Wartezeit erspart. So kommen wir nach nur 8 Kilometern schon wieder am Hotel an und h\u00e4ngen die Sachen in den Trockenraum.<\/p>\n\n\n\n<figure class=\"wp-block-image size-large\"><a href=\"https:\/\/urlaub.vogt-clan.de\/wp-content\/uploads\/2021\/09\/IMG_20210718_101433-scaled.jpg\"><img loading=\"lazy\" decoding=\"async\" width=\"768\" height=\"1024\" src=\"https:\/\/urlaub.vogt-clan.de\/wp-content\/uploads\/2021\/09\/IMG_20210718_101433-768x1024.jpg\" alt=\"\" class=\"wp-image-3870\" srcset=\"https:\/\/urlaub.vogt-clan.de\/wp-content\/uploads\/2021\/09\/IMG_20210718_101433-768x1024.jpg 768w, https:\/\/urlaub.vogt-clan.de\/wp-content\/uploads\/2021\/09\/IMG_20210718_101433-225x300.jpg 225w, https:\/\/urlaub.vogt-clan.de\/wp-content\/uploads\/2021\/09\/IMG_20210718_101433-1152x1536.jpg 1152w, https:\/\/urlaub.vogt-clan.de\/wp-content\/uploads\/2021\/09\/IMG_20210718_101433-1536x2048.jpg 1536w, https:\/\/urlaub.vogt-clan.de\/wp-content\/uploads\/2021\/09\/IMG_20210718_101433-1200x1600.jpg 1200w, https:\/\/urlaub.vogt-clan.de\/wp-content\/uploads\/2021\/09\/IMG_20210718_101433-scaled.jpg 1920w\" sizes=\"auto, (max-width: 709px) 85vw, (max-width: 909px) 67vw, (max-width: 984px) 61vw, (max-width: 1362px) 45vw, 600px\" \/><\/a><\/figure>\n\n\n\n<p>Am Nachmittag drehen wir noch eine Runde durch den Ort, Abends g\u00f6nnen wir uns das wieder mal hervorragende 5-Gang Men\u00fc im Hotelrestaurant.<\/p>\n","protected":false},"excerpt":{"rendered":"<p>Wegen des anhaltend schlechten Wetters laufen wir heute den Weg von Warth nach Steeg. Das es zum Start schon kr\u00e4ftig regnet, ziehen wir direkt die Regenponchos an. Nicht sch\u00f6n, aber halbwegs trocken. Wir m\u00fcssen einen matschigen Abstieg bew\u00e4ltigen, queren einen Bach und steigen dann wieder bergauf. Das Wasser str\u00f6mt uns den Weg entgegen, ein Hoch &hellip; <a href=\"https:\/\/urlaub.vogt-clan.de\/?p=3813\" class=\"more-link\"><span class=\"screen-reader-text\">\u201eVon Warth nach Steeg\u201c <\/span>weiterlesen<\/a><\/p>\n","protected":false},"author":3,"featured_media":0,"comment_status":"open","ping_status":"open","sticky":false,"template":"","format":"standard","meta":{"_s2mail":"","footnotes":""},"categories":[297],"tags":[281],"class_list":["post-3813","post","type-post","status-publish","format-standard","hentry","category-lechweg21","tag-wandern"],"jetpack_featured_media_url":"","_links":{"self":[{"href":"https:\/\/urlaub.vogt-clan.de\/index.php?rest_route=\/wp\/v2\/posts\/3813","targetHints":{"allow":["GET"]}}],"collection":[{"href":"https:\/\/urlaub.vogt-clan.de\/index.php?rest_route=\/wp\/v2\/posts"}],"about":[{"href":"https:\/\/urlaub.vogt-clan.de\/index.php?rest_route=\/wp\/v2\/types\/post"}],"author":[{"embeddable":true,"href":"https:\/\/urlaub.vogt-clan.de\/index.php?rest_route=\/wp\/v2\/users\/3"}],"replies":[{"embeddable":true,"href":"https:\/\/urlaub.vogt-clan.de\/index.php?rest_route=%2Fwp%2Fv2%2Fcomments&post=3813"}],"version-history":[{"count":6,"href":"https:\/\/urlaub.vogt-clan.de\/index.php?rest_route=\/wp\/v2\/posts\/3813\/revisions"}],"predecessor-version":[{"id":3952,"href":"https:\/\/urlaub.vogt-clan.de\/index.php?rest_route=\/wp\/v2\/posts\/3813\/revisions\/3952"}],"wp:attachment":[{"href":"https:\/\/urlaub.vogt-clan.de\/index.php?rest_route=%2Fwp%2Fv2%2Fmedia&parent=3813"}],"wp:term":[{"taxonomy":"category","embeddable":true,"href":"https:\/\/urlaub.vogt-clan.de\/index.php?rest_route=%2Fwp%2Fv2%2Fcategories&post=3813"},{"taxonomy":"post_tag","embeddable":true,"href":"https:\/\/urlaub.vogt-clan.de\/index.php?rest_route=%2Fwp%2Fv2%2Ftags&post=3813"}],"curies":[{"name":"wp","href":"https:\/\/api.w.org\/{rel}","templated":true}]}}