{"id":3811,"date":"2021-07-17T20:33:53","date_gmt":"2021-07-17T18:33:53","guid":{"rendered":"https:\/\/urlaub.vogt-clan.de\/?p=3811"},"modified":"2021-09-13T17:03:57","modified_gmt":"2021-09-13T15:03:57","slug":"anreise-teil-2","status":"publish","type":"post","link":"https:\/\/urlaub.vogt-clan.de\/?p=3811","title":{"rendered":"Anreise Teil 2"},"content":{"rendered":"\n<p>Nach gutem Fr\u00fchst\u00fcck brechen wir um 9:30 Uhr von Ochsenfurt auf und machen uns \u00fcber die A7 auf den Weg nach Warth im Vorarlberg. Der Verkehr ist nicht so extrem wie gestern, einen Stau umfahren wir dank Navi. Der angesagte Stau im Grenztunnel F\u00fcssen hat sich zum Gl\u00fcck aufgel\u00f6st, so dass wir mit Tankstopp knapp 5 Stunden bis Warth brauchen.<\/p>\n\n\n\n<figure class=\"wp-block-image size-large\"><a href=\"https:\/\/urlaub.vogt-clan.de\/wp-content\/uploads\/2021\/09\/P1000491-scaled.jpg\"><img loading=\"lazy\" decoding=\"async\" width=\"1024\" height=\"768\" src=\"https:\/\/urlaub.vogt-clan.de\/wp-content\/uploads\/2021\/09\/P1000491-1024x768.jpg\" alt=\"\" class=\"wp-image-3865\" srcset=\"https:\/\/urlaub.vogt-clan.de\/wp-content\/uploads\/2021\/09\/P1000491-1024x768.jpg 1024w, https:\/\/urlaub.vogt-clan.de\/wp-content\/uploads\/2021\/09\/P1000491-300x225.jpg 300w, https:\/\/urlaub.vogt-clan.de\/wp-content\/uploads\/2021\/09\/P1000491-768x576.jpg 768w, https:\/\/urlaub.vogt-clan.de\/wp-content\/uploads\/2021\/09\/P1000491-1536x1152.jpg 1536w, https:\/\/urlaub.vogt-clan.de\/wp-content\/uploads\/2021\/09\/P1000491-2048x1536.jpg 2048w, https:\/\/urlaub.vogt-clan.de\/wp-content\/uploads\/2021\/09\/P1000491-1200x900.jpg 1200w\" sizes=\"auto, (max-width: 709px) 85vw, (max-width: 909px) 67vw, (max-width: 1362px) 62vw, 840px\" \/><\/a><\/figure>\n\n\n\n<p>Unser Hotel Walserstube erreichen wir im str\u00f6menden Regen, zum Gl\u00fcck bekommen wir einen Parkplatz in der Tiefgarage, so k\u00f6nnen wir das Auto im Trockenen ausr\u00e4umen. Immerhin bleiben wir hier f\u00fcr 4 Tage.<\/p>\n\n\n\n<p>Nach Bezug des sch\u00f6nen Zimmers drehen wir noch eine kurze Runde durch den Ort, leider regnet es fast ununterbrochen. Die Vorhersage f\u00fcr den Sonntag spricht von 99{e06c4460f0f60654014d232aa1c4c6d9683f9a595a6456ccce0ce1d3af8c9561} Regenwahrscheinlichkeit, so dass wir die Etappe nach Steeg ins Auge fassen, da wir den ersten Anschnitt ab Formarinsee bei guten Wetter laufen wollen.<\/p>\n\n\n\n<p>Ab 18:00 Uhr gibt es Abendessen, wir speisen ungef\u00e4hr 2 Stunden und sind uns einig, dass wir Morgen unbedingt laufen m\u00fcssen.<\/p>\n\n\n\n<figure class=\"wp-block-image size-large\"><a href=\"https:\/\/urlaub.vogt-clan.de\/wp-content\/uploads\/2021\/09\/P1000375-scaled.jpg\"><img loading=\"lazy\" decoding=\"async\" width=\"768\" height=\"1024\" src=\"https:\/\/urlaub.vogt-clan.de\/wp-content\/uploads\/2021\/09\/P1000375-768x1024.jpg\" alt=\"\" class=\"wp-image-3866\" srcset=\"https:\/\/urlaub.vogt-clan.de\/wp-content\/uploads\/2021\/09\/P1000375-768x1024.jpg 768w, https:\/\/urlaub.vogt-clan.de\/wp-content\/uploads\/2021\/09\/P1000375-225x300.jpg 225w, https:\/\/urlaub.vogt-clan.de\/wp-content\/uploads\/2021\/09\/P1000375-1152x1536.jpg 1152w, https:\/\/urlaub.vogt-clan.de\/wp-content\/uploads\/2021\/09\/P1000375-1536x2048.jpg 1536w, https:\/\/urlaub.vogt-clan.de\/wp-content\/uploads\/2021\/09\/P1000375-1200x1600.jpg 1200w, https:\/\/urlaub.vogt-clan.de\/wp-content\/uploads\/2021\/09\/P1000375-scaled.jpg 1920w\" sizes=\"auto, (max-width: 709px) 85vw, (max-width: 909px) 67vw, (max-width: 984px) 61vw, (max-width: 1362px) 45vw, 600px\" \/><\/a><\/figure>\n","protected":false},"excerpt":{"rendered":"<p>Nach gutem Fr\u00fchst\u00fcck brechen wir um 9:30 Uhr von Ochsenfurt auf und machen uns \u00fcber die A7 auf den Weg nach Warth im Vorarlberg. Der Verkehr ist nicht so extrem wie gestern, einen Stau umfahren wir dank Navi. Der angesagte Stau im Grenztunnel F\u00fcssen hat sich zum Gl\u00fcck aufgel\u00f6st, so dass wir mit Tankstopp knapp &hellip; <a href=\"https:\/\/urlaub.vogt-clan.de\/?p=3811\" class=\"more-link\"><span class=\"screen-reader-text\">\u201eAnreise Teil 2\u201c <\/span>weiterlesen<\/a><\/p>\n","protected":false},"author":3,"featured_media":0,"comment_status":"open","ping_status":"open","sticky":false,"template":"","format":"standard","meta":{"_s2mail":"","footnotes":""},"categories":[297],"tags":[281],"class_list":["post-3811","post","type-post","status-publish","format-standard","hentry","category-lechweg21","tag-wandern"],"jetpack_featured_media_url":"","_links":{"self":[{"href":"https:\/\/urlaub.vogt-clan.de\/index.php?rest_route=\/wp\/v2\/posts\/3811","targetHints":{"allow":["GET"]}}],"collection":[{"href":"https:\/\/urlaub.vogt-clan.de\/index.php?rest_route=\/wp\/v2\/posts"}],"about":[{"href":"https:\/\/urlaub.vogt-clan.de\/index.php?rest_route=\/wp\/v2\/types\/post"}],"author":[{"embeddable":true,"href":"https:\/\/urlaub.vogt-clan.de\/index.php?rest_route=\/wp\/v2\/users\/3"}],"replies":[{"embeddable":true,"href":"https:\/\/urlaub.vogt-clan.de\/index.php?rest_route=%2Fwp%2Fv2%2Fcomments&post=3811"}],"version-history":[{"count":2,"href":"https:\/\/urlaub.vogt-clan.de\/index.php?rest_route=\/wp\/v2\/posts\/3811\/revisions"}],"predecessor-version":[{"id":3867,"href":"https:\/\/urlaub.vogt-clan.de\/index.php?rest_route=\/wp\/v2\/posts\/3811\/revisions\/3867"}],"wp:attachment":[{"href":"https:\/\/urlaub.vogt-clan.de\/index.php?rest_route=%2Fwp%2Fv2%2Fmedia&parent=3811"}],"wp:term":[{"taxonomy":"category","embeddable":true,"href":"https:\/\/urlaub.vogt-clan.de\/index.php?rest_route=%2Fwp%2Fv2%2Fcategories&post=3811"},{"taxonomy":"post_tag","embeddable":true,"href":"https:\/\/urlaub.vogt-clan.de\/index.php?rest_route=%2Fwp%2Fv2%2Ftags&post=3811"}],"curies":[{"name":"wp","href":"https:\/\/api.w.org\/{rel}","templated":true}]}}