{"id":3808,"date":"2021-07-16T16:53:12","date_gmt":"2021-07-16T14:53:12","guid":{"rendered":"https:\/\/urlaub.vogt-clan.de\/?p=3808"},"modified":"2021-09-13T17:16:07","modified_gmt":"2021-09-13T15:16:07","slug":"anreise-teil-1","status":"publish","type":"post","link":"https:\/\/urlaub.vogt-clan.de\/?p=3808","title":{"rendered":"Anreise Teil 1"},"content":{"rendered":"\n<p>Am 16.07.21 starten wir in einen 14-t\u00e4gigen Wanderurlaub in Richtung Vorarlberg. Da wir morgens noch arbeiten, teilen wir die Anfahrt auf und fahren daher nur bis Ochsenfurt. Da auf der A3 gef\u00fchlt ein Stau den n\u00e4chsten abl\u00f6st, ben\u00f6tigen wir f\u00fcr die knapp 400 km ungef\u00e4hr 6,5 Stunden, bis wir im Gasthof zum Kauzen einchecken.<\/p>\n\n\n\n<p>Nach der langen Fahrt gibt es erst einmal ein lokales Bier, danach schauen wir uns bei bestem Wetter die sch\u00f6ne Innenstadt an.<\/p>\n\n\n\n<figure class=\"wp-block-image size-large\"><a href=\"https:\/\/urlaub.vogt-clan.de\/wp-content\/uploads\/2021\/09\/IMG_20210716_172803-scaled.jpg\"><img loading=\"lazy\" decoding=\"async\" width=\"768\" height=\"1024\" src=\"https:\/\/urlaub.vogt-clan.de\/wp-content\/uploads\/2021\/09\/IMG_20210716_172803-768x1024.jpg\" alt=\"\" class=\"wp-image-3860\" srcset=\"https:\/\/urlaub.vogt-clan.de\/wp-content\/uploads\/2021\/09\/IMG_20210716_172803-768x1024.jpg 768w, https:\/\/urlaub.vogt-clan.de\/wp-content\/uploads\/2021\/09\/IMG_20210716_172803-225x300.jpg 225w, https:\/\/urlaub.vogt-clan.de\/wp-content\/uploads\/2021\/09\/IMG_20210716_172803-1152x1536.jpg 1152w, https:\/\/urlaub.vogt-clan.de\/wp-content\/uploads\/2021\/09\/IMG_20210716_172803-1536x2048.jpg 1536w, https:\/\/urlaub.vogt-clan.de\/wp-content\/uploads\/2021\/09\/IMG_20210716_172803-1200x1600.jpg 1200w, https:\/\/urlaub.vogt-clan.de\/wp-content\/uploads\/2021\/09\/IMG_20210716_172803-scaled.jpg 1920w\" sizes=\"auto, (max-width: 709px) 85vw, (max-width: 909px) 67vw, (max-width: 984px) 61vw, (max-width: 1362px) 45vw, 600px\" \/><\/a><\/figure>\n\n\n\n<figure class=\"wp-block-image size-large\"><a href=\"https:\/\/urlaub.vogt-clan.de\/wp-content\/uploads\/2021\/09\/IMG_20210716_175804-scaled.jpg\"><img loading=\"lazy\" decoding=\"async\" width=\"1024\" height=\"768\" src=\"https:\/\/urlaub.vogt-clan.de\/wp-content\/uploads\/2021\/09\/IMG_20210716_175804-1024x768.jpg\" alt=\"\" class=\"wp-image-3861\" srcset=\"https:\/\/urlaub.vogt-clan.de\/wp-content\/uploads\/2021\/09\/IMG_20210716_175804-1024x768.jpg 1024w, https:\/\/urlaub.vogt-clan.de\/wp-content\/uploads\/2021\/09\/IMG_20210716_175804-300x225.jpg 300w, https:\/\/urlaub.vogt-clan.de\/wp-content\/uploads\/2021\/09\/IMG_20210716_175804-768x576.jpg 768w, https:\/\/urlaub.vogt-clan.de\/wp-content\/uploads\/2021\/09\/IMG_20210716_175804-1536x1152.jpg 1536w, https:\/\/urlaub.vogt-clan.de\/wp-content\/uploads\/2021\/09\/IMG_20210716_175804-2048x1536.jpg 2048w, https:\/\/urlaub.vogt-clan.de\/wp-content\/uploads\/2021\/09\/IMG_20210716_175804-1200x900.jpg 1200w\" sizes=\"auto, (max-width: 709px) 85vw, (max-width: 909px) 67vw, (max-width: 1362px) 62vw, 840px\" \/><\/a><\/figure>\n\n\n\n<p>Essen k\u00f6nnen wir im Biergarten unserer Unterkunft, es gibt Sch\u00e4ufele und fr\u00e4nkischen Sauerbraten.<\/p>\n\n\n\n<figure class=\"wp-block-image size-large\"><a href=\"https:\/\/urlaub.vogt-clan.de\/wp-content\/uploads\/2021\/09\/P1000352-scaled.jpg\"><img loading=\"lazy\" decoding=\"async\" width=\"1024\" height=\"768\" src=\"https:\/\/urlaub.vogt-clan.de\/wp-content\/uploads\/2021\/09\/P1000352-1024x768.jpg\" alt=\"\" class=\"wp-image-3862\" srcset=\"https:\/\/urlaub.vogt-clan.de\/wp-content\/uploads\/2021\/09\/P1000352-1024x768.jpg 1024w, https:\/\/urlaub.vogt-clan.de\/wp-content\/uploads\/2021\/09\/P1000352-300x225.jpg 300w, https:\/\/urlaub.vogt-clan.de\/wp-content\/uploads\/2021\/09\/P1000352-768x576.jpg 768w, https:\/\/urlaub.vogt-clan.de\/wp-content\/uploads\/2021\/09\/P1000352-1536x1152.jpg 1536w, https:\/\/urlaub.vogt-clan.de\/wp-content\/uploads\/2021\/09\/P1000352-2048x1536.jpg 2048w, https:\/\/urlaub.vogt-clan.de\/wp-content\/uploads\/2021\/09\/P1000352-1200x900.jpg 1200w\" sizes=\"auto, (max-width: 709px) 85vw, (max-width: 909px) 67vw, (max-width: 1362px) 62vw, 840px\" \/><\/a><\/figure>\n\n\n\n<p>Abends um 21:00 Uhr nehmen wir an einer Nachtw\u00e4chterf\u00fchrung teil und erfahren einiges \u00fcber den Ort. Danach gibt es noch um 22:30 Uhr ein Tagesabschluss-Bier, dann endet der lange Tag.<\/p>\n\n\n\n<figure class=\"wp-block-image size-large\"><a href=\"https:\/\/urlaub.vogt-clan.de\/wp-content\/uploads\/2021\/09\/P1000360-scaled.jpg\"><img loading=\"lazy\" decoding=\"async\" width=\"768\" height=\"1024\" src=\"https:\/\/urlaub.vogt-clan.de\/wp-content\/uploads\/2021\/09\/P1000360-768x1024.jpg\" alt=\"\" class=\"wp-image-3863\" srcset=\"https:\/\/urlaub.vogt-clan.de\/wp-content\/uploads\/2021\/09\/P1000360-768x1024.jpg 768w, https:\/\/urlaub.vogt-clan.de\/wp-content\/uploads\/2021\/09\/P1000360-225x300.jpg 225w, https:\/\/urlaub.vogt-clan.de\/wp-content\/uploads\/2021\/09\/P1000360-1152x1536.jpg 1152w, https:\/\/urlaub.vogt-clan.de\/wp-content\/uploads\/2021\/09\/P1000360-1536x2048.jpg 1536w, https:\/\/urlaub.vogt-clan.de\/wp-content\/uploads\/2021\/09\/P1000360-1200x1600.jpg 1200w, https:\/\/urlaub.vogt-clan.de\/wp-content\/uploads\/2021\/09\/P1000360-scaled.jpg 1920w\" sizes=\"auto, (max-width: 709px) 85vw, (max-width: 909px) 67vw, (max-width: 984px) 61vw, (max-width: 1362px) 45vw, 600px\" \/><\/a><\/figure>\n\n\n\n<p><\/p>\n","protected":false},"excerpt":{"rendered":"<p>Am 16.07.21 starten wir in einen 14-t\u00e4gigen Wanderurlaub in Richtung Vorarlberg. Da wir morgens noch arbeiten, teilen wir die Anfahrt auf und fahren daher nur bis Ochsenfurt. Da auf der A3 gef\u00fchlt ein Stau den n\u00e4chsten abl\u00f6st, ben\u00f6tigen wir f\u00fcr die knapp 400 km ungef\u00e4hr 6,5 Stunden, bis wir im Gasthof zum Kauzen einchecken. Nach &hellip; <a href=\"https:\/\/urlaub.vogt-clan.de\/?p=3808\" class=\"more-link\"><span class=\"screen-reader-text\">\u201eAnreise Teil 1\u201c <\/span>weiterlesen<\/a><\/p>\n","protected":false},"author":3,"featured_media":0,"comment_status":"open","ping_status":"open","sticky":false,"template":"","format":"standard","meta":{"_s2mail":"","footnotes":""},"categories":[297],"tags":[281],"class_list":["post-3808","post","type-post","status-publish","format-standard","hentry","category-lechweg21","tag-wandern"],"jetpack_featured_media_url":"","_links":{"self":[{"href":"https:\/\/urlaub.vogt-clan.de\/index.php?rest_route=\/wp\/v2\/posts\/3808","targetHints":{"allow":["GET"]}}],"collection":[{"href":"https:\/\/urlaub.vogt-clan.de\/index.php?rest_route=\/wp\/v2\/posts"}],"about":[{"href":"https:\/\/urlaub.vogt-clan.de\/index.php?rest_route=\/wp\/v2\/types\/post"}],"author":[{"embeddable":true,"href":"https:\/\/urlaub.vogt-clan.de\/index.php?rest_route=\/wp\/v2\/users\/3"}],"replies":[{"embeddable":true,"href":"https:\/\/urlaub.vogt-clan.de\/index.php?rest_route=%2Fwp%2Fv2%2Fcomments&post=3808"}],"version-history":[{"count":4,"href":"https:\/\/urlaub.vogt-clan.de\/index.php?rest_route=\/wp\/v2\/posts\/3808\/revisions"}],"predecessor-version":[{"id":3950,"href":"https:\/\/urlaub.vogt-clan.de\/index.php?rest_route=\/wp\/v2\/posts\/3808\/revisions\/3950"}],"wp:attachment":[{"href":"https:\/\/urlaub.vogt-clan.de\/index.php?rest_route=%2Fwp%2Fv2%2Fmedia&parent=3808"}],"wp:term":[{"taxonomy":"category","embeddable":true,"href":"https:\/\/urlaub.vogt-clan.de\/index.php?rest_route=%2Fwp%2Fv2%2Fcategories&post=3808"},{"taxonomy":"post_tag","embeddable":true,"href":"https:\/\/urlaub.vogt-clan.de\/index.php?rest_route=%2Fwp%2Fv2%2Ftags&post=3808"}],"curies":[{"name":"wp","href":"https:\/\/api.w.org\/{rel}","templated":true}]}}