{"id":3782,"date":"2020-07-10T18:45:54","date_gmt":"2020-07-10T16:45:54","guid":{"rendered":"https:\/\/urlaub.vogt-clan.de\/?p=3782"},"modified":"2020-07-10T18:45:54","modified_gmt":"2020-07-10T16:45:54","slug":"abreise-und-fazit","status":"publish","type":"post","link":"https:\/\/urlaub.vogt-clan.de\/?p=3782","title":{"rendered":"Abreise und Fazit"},"content":{"rendered":"\n<p>Die Nachtruhe war um 5:30 Uhr vorbei, da dann der starke Verkehr auf der Brennerstra\u00dfe begann. Leiser w\u00e4re es nat\u00fcrlich bei geschlossener Balkont\u00fcr gewesen, dann h\u00e4tte man aber wegen der Hitze nicht schlafen k\u00f6nnen.<\/p>\n\n\n\n<p>Alles in allem war es okay und auch das gute Fr\u00fchst\u00fcck soll erw\u00e4hnt werden.<\/p>\n\n\n\n<p>Der Bus sammelt uns p\u00fcnktlich um 8:45 Uhr gegen\u00fcber des Hotels ein, nach z\u00fcgiger Fahrt erreichen wir schon den 11:00 Uhr Zug von Gmund nach M\u00fcnchen. Dort haben wir knapp zwei Stunden Aufenthalt, um 19:00 Uhr kommen wir in Duisburg an und bedauern, dass diese Tour bereits zu Ende ist.<\/p>\n\n\n\n<p>Zusammenfassend kann ich aus meiner Sicht sagen, dass es zum Teil anstrengende, aber machbare Etappen sind. Wer nicht so gut zu Fu\u00df oder nicht trittsicher ist, sollte an manchen Stellen die Alternativen nutzen (Schiff zur Gaisalm oder den Forstwege bei der Tour zum Melchboden oder vom Pfitscher-Joch-Haus).<\/p>\n\n\n\n<p>Ungl\u00fccklich finde ich, dass zum Start der Tour keine Begr\u00fc\u00dfung durch den Veranstalter stattfand, gerade beim Transfer nach Wildbad Kreuth w\u00e4re es im Bus m\u00f6glich gewesen.<\/p>\n\n\n\n<p>Noch schlimmer fand ich allerdings, dass die R\u00fcckfahrt von Sterzing mit 2 Bussen stattfand. Hatte man am Vortag noch geglaubt, man sehe die anderen Wanderer im Bus und k\u00f6nnte sich verabschieden, musste man am Abreisetag leider feststellen, dass dazu keine M\u00f6glichkeit mehr bestand.<\/p>\n\n\n\n<p>Ein schales Gef\u00fchl hinterlie\u00df auch die Hotelzuweisung. Es kam bei mir schon der Eindruck auf, dass die gef\u00fchrte Gruppe durchweg in den besseren Hotels untergebracht war.<\/p>\n\n\n\n<p>Sollte ich die Tour noch einmal buchen, w\u00fcrde ich nach heutigen Stand um Unterbringung in folgenden Unterk\u00fcnften bitten:<\/p>\n\n\n\n<ul class=\"wp-block-list\"><li>Bad Wiessee: Bussi Baby<\/li><li>Achenkirch: Panoramahotel<\/li><li>F\u00fcgen: Kosis Sports Lifestyle Hotel<\/li><li>Hochf\u00fcgen: Berghotel Hochf\u00fcgen<\/li><li>Mayrhofen: Perauer<\/li><li>Pfitschtal: Hotel Kranebitt<\/li><li>Sterzing: Hotel Lamm<\/li><\/ul>\n\n\n\n<p>Ich will damit nicht sagen, dass die anderen Unterk\u00fcnfte schlecht waren, aber von der Lage her erscheinen mir die genannten in einigen F\u00e4llen besser.<\/p>\n\n\n\n<p>Alles in allem war es aber ein tolles Erlebnis und hat richtig Freude gemacht, auch dank des fast perfekten Wetters.<\/p>\n\n\n\n<figure class=\"wp-block-image size-large\"><img loading=\"lazy\" decoding=\"async\" width=\"1024\" height=\"768\" src=\"https:\/\/urlaub.vogt-clan.de\/wp-content\/uploads\/2020\/07\/pin-1024x768.jpg\" alt=\"\" class=\"wp-image-3785\" srcset=\"https:\/\/urlaub.vogt-clan.de\/wp-content\/uploads\/2020\/07\/pin-1024x768.jpg 1024w, https:\/\/urlaub.vogt-clan.de\/wp-content\/uploads\/2020\/07\/pin-300x225.jpg 300w, https:\/\/urlaub.vogt-clan.de\/wp-content\/uploads\/2020\/07\/pin-768x576.jpg 768w, https:\/\/urlaub.vogt-clan.de\/wp-content\/uploads\/2020\/07\/pin-1536x1152.jpg 1536w, https:\/\/urlaub.vogt-clan.de\/wp-content\/uploads\/2020\/07\/pin-2048x1536.jpg 2048w, https:\/\/urlaub.vogt-clan.de\/wp-content\/uploads\/2020\/07\/pin-1200x900.jpg 1200w\" sizes=\"auto, (max-width: 709px) 85vw, (max-width: 909px) 67vw, (max-width: 1362px) 62vw, 840px\" \/><\/figure>\n\n\n\n<p><\/p>\n","protected":false},"excerpt":{"rendered":"<p>Die Nachtruhe war um 5:30 Uhr vorbei, da dann der starke Verkehr auf der Brennerstra\u00dfe begann. Leiser w\u00e4re es nat\u00fcrlich bei geschlossener Balkont\u00fcr gewesen, dann h\u00e4tte man aber wegen der Hitze nicht schlafen k\u00f6nnen. Alles in allem war es okay und auch das gute Fr\u00fchst\u00fcck soll erw\u00e4hnt werden. Der Bus sammelt uns p\u00fcnktlich um 8:45 &hellip; <a href=\"https:\/\/urlaub.vogt-clan.de\/?p=3782\" class=\"more-link\"><span class=\"screen-reader-text\">\u201eAbreise und Fazit\u201c <\/span>weiterlesen<\/a><\/p>\n","protected":false},"author":3,"featured_media":0,"comment_status":"open","ping_status":"open","sticky":false,"template":"","format":"standard","meta":{"_s2mail":"","footnotes":""},"categories":[295],"tags":[279,296,281],"class_list":["post-3782","post","type-post","status-publish","format-standard","hentry","category-alpen20","tag-deutschland","tag-europa","tag-wandern"],"jetpack_featured_media_url":"","_links":{"self":[{"href":"https:\/\/urlaub.vogt-clan.de\/index.php?rest_route=\/wp\/v2\/posts\/3782","targetHints":{"allow":["GET"]}}],"collection":[{"href":"https:\/\/urlaub.vogt-clan.de\/index.php?rest_route=\/wp\/v2\/posts"}],"about":[{"href":"https:\/\/urlaub.vogt-clan.de\/index.php?rest_route=\/wp\/v2\/types\/post"}],"author":[{"embeddable":true,"href":"https:\/\/urlaub.vogt-clan.de\/index.php?rest_route=\/wp\/v2\/users\/3"}],"replies":[{"embeddable":true,"href":"https:\/\/urlaub.vogt-clan.de\/index.php?rest_route=%2Fwp%2Fv2%2Fcomments&post=3782"}],"version-history":[{"count":2,"href":"https:\/\/urlaub.vogt-clan.de\/index.php?rest_route=\/wp\/v2\/posts\/3782\/revisions"}],"predecessor-version":[{"id":3786,"href":"https:\/\/urlaub.vogt-clan.de\/index.php?rest_route=\/wp\/v2\/posts\/3782\/revisions\/3786"}],"wp:attachment":[{"href":"https:\/\/urlaub.vogt-clan.de\/index.php?rest_route=%2Fwp%2Fv2%2Fmedia&parent=3782"}],"wp:term":[{"taxonomy":"category","embeddable":true,"href":"https:\/\/urlaub.vogt-clan.de\/index.php?rest_route=%2Fwp%2Fv2%2Fcategories&post=3782"},{"taxonomy":"post_tag","embeddable":true,"href":"https:\/\/urlaub.vogt-clan.de\/index.php?rest_route=%2Fwp%2Fv2%2Ftags&post=3782"}],"curies":[{"name":"wp","href":"https:\/\/api.w.org\/{rel}","templated":true}]}}