{"id":3754,"date":"2020-07-08T21:13:00","date_gmt":"2020-07-08T19:13:00","guid":{"rendered":"https:\/\/urlaub.vogt-clan.de\/?p=3754"},"modified":"2020-07-08T21:13:00","modified_gmt":"2020-07-08T19:13:00","slug":"st-jakob-bis-sterzing","status":"publish","type":"post","link":"https:\/\/urlaub.vogt-clan.de\/?p=3754","title":{"rendered":"St. Jakob bis Sterzing"},"content":{"rendered":"\n<p>Letzter Abschnitt der Alpen\u00fcberquerung. Wir fr\u00fchst\u00fccken gut im Hotel Dorfwirt, es gibt gute Br\u00f6tchen und leckeren Aufschnitt. Wir sind wieder zeitig unterwegs, so dass wir um 8:15 Uhr aufbrechen und die letzten 20 km in Angriff nehmen.<\/p>\n\n\n\n<figure class=\"wp-block-image size-large\"><img loading=\"lazy\" decoding=\"async\" width=\"1024\" height=\"768\" src=\"https:\/\/urlaub.vogt-clan.de\/wp-content\/uploads\/2020\/07\/image-54-1024x768.jpeg\" alt=\"\" class=\"wp-image-3766\" srcset=\"https:\/\/urlaub.vogt-clan.de\/wp-content\/uploads\/2020\/07\/image-54-1024x768.jpeg 1024w, https:\/\/urlaub.vogt-clan.de\/wp-content\/uploads\/2020\/07\/image-54-300x225.jpeg 300w, https:\/\/urlaub.vogt-clan.de\/wp-content\/uploads\/2020\/07\/image-54-768x576.jpeg 768w, https:\/\/urlaub.vogt-clan.de\/wp-content\/uploads\/2020\/07\/image-54-1536x1152.jpeg 1536w, https:\/\/urlaub.vogt-clan.de\/wp-content\/uploads\/2020\/07\/image-54-2048x1536.jpeg 2048w, https:\/\/urlaub.vogt-clan.de\/wp-content\/uploads\/2020\/07\/image-54-1200x900.jpeg 1200w\" sizes=\"auto, (max-width: 709px) 85vw, (max-width: 909px) 67vw, (max-width: 1362px) 62vw, 840px\" \/><\/figure>\n\n\n\n<figure class=\"wp-block-image size-large\"><img loading=\"lazy\" decoding=\"async\" width=\"1024\" height=\"768\" src=\"https:\/\/urlaub.vogt-clan.de\/wp-content\/uploads\/2020\/07\/image-53-1024x768.jpeg\" alt=\"\" class=\"wp-image-3765\" srcset=\"https:\/\/urlaub.vogt-clan.de\/wp-content\/uploads\/2020\/07\/image-53-1024x768.jpeg 1024w, https:\/\/urlaub.vogt-clan.de\/wp-content\/uploads\/2020\/07\/image-53-300x225.jpeg 300w, https:\/\/urlaub.vogt-clan.de\/wp-content\/uploads\/2020\/07\/image-53-768x576.jpeg 768w, https:\/\/urlaub.vogt-clan.de\/wp-content\/uploads\/2020\/07\/image-53-1536x1152.jpeg 1536w, https:\/\/urlaub.vogt-clan.de\/wp-content\/uploads\/2020\/07\/image-53-2048x1536.jpeg 2048w, https:\/\/urlaub.vogt-clan.de\/wp-content\/uploads\/2020\/07\/image-53-1200x900.jpeg 1200w\" sizes=\"auto, (max-width: 709px) 85vw, (max-width: 909px) 67vw, (max-width: 1362px) 62vw, 840px\" \/><figcaption>Kirche im Kematen<\/figcaption><\/figure>\n\n\n\n<figure class=\"wp-block-image size-large\"><img loading=\"lazy\" decoding=\"async\" width=\"768\" height=\"1024\" src=\"https:\/\/urlaub.vogt-clan.de\/wp-content\/uploads\/2020\/07\/image-55-768x1024.jpeg\" alt=\"\" class=\"wp-image-3767\" srcset=\"https:\/\/urlaub.vogt-clan.de\/wp-content\/uploads\/2020\/07\/image-55-768x1024.jpeg 768w, https:\/\/urlaub.vogt-clan.de\/wp-content\/uploads\/2020\/07\/image-55-225x300.jpeg 225w, https:\/\/urlaub.vogt-clan.de\/wp-content\/uploads\/2020\/07\/image-55-1152x1536.jpeg 1152w, https:\/\/urlaub.vogt-clan.de\/wp-content\/uploads\/2020\/07\/image-55-1536x2048.jpeg 1536w, https:\/\/urlaub.vogt-clan.de\/wp-content\/uploads\/2020\/07\/image-55-1200x1600.jpeg 1200w, https:\/\/urlaub.vogt-clan.de\/wp-content\/uploads\/2020\/07\/image-55-scaled.jpeg 1920w\" sizes=\"auto, (max-width: 709px) 85vw, (max-width: 909px) 67vw, (max-width: 984px) 61vw, (max-width: 1362px) 45vw, 600px\" \/><\/figure>\n\n\n\n<figure class=\"wp-block-image size-large\"><img loading=\"lazy\" decoding=\"async\" width=\"768\" height=\"1024\" src=\"https:\/\/urlaub.vogt-clan.de\/wp-content\/uploads\/2020\/07\/image-56-768x1024.jpeg\" alt=\"\" class=\"wp-image-3768\" srcset=\"https:\/\/urlaub.vogt-clan.de\/wp-content\/uploads\/2020\/07\/image-56-768x1024.jpeg 768w, https:\/\/urlaub.vogt-clan.de\/wp-content\/uploads\/2020\/07\/image-56-225x300.jpeg 225w, https:\/\/urlaub.vogt-clan.de\/wp-content\/uploads\/2020\/07\/image-56-1152x1536.jpeg 1152w, https:\/\/urlaub.vogt-clan.de\/wp-content\/uploads\/2020\/07\/image-56-1536x2048.jpeg 1536w, https:\/\/urlaub.vogt-clan.de\/wp-content\/uploads\/2020\/07\/image-56-1200x1600.jpeg 1200w, https:\/\/urlaub.vogt-clan.de\/wp-content\/uploads\/2020\/07\/image-56-scaled.jpeg 1920w\" sizes=\"auto, (max-width: 709px) 85vw, (max-width: 909px) 67vw, (max-width: 984px) 61vw, (max-width: 1362px) 45vw, 600px\" \/><\/figure>\n\n\n\n<p>Wir legen ein flottes Tempo vor und sind gegen 12:15 Uhr in Wiesen Prati, wo wir eine Rast machen und uns st\u00e4rken.<\/p>\n\n\n\n<figure class=\"wp-block-image size-large\"><img loading=\"lazy\" decoding=\"async\" width=\"768\" height=\"1024\" src=\"https:\/\/urlaub.vogt-clan.de\/wp-content\/uploads\/2020\/07\/image-57-768x1024.jpeg\" alt=\"\" class=\"wp-image-3769\" srcset=\"https:\/\/urlaub.vogt-clan.de\/wp-content\/uploads\/2020\/07\/image-57-768x1024.jpeg 768w, https:\/\/urlaub.vogt-clan.de\/wp-content\/uploads\/2020\/07\/image-57-225x300.jpeg 225w, https:\/\/urlaub.vogt-clan.de\/wp-content\/uploads\/2020\/07\/image-57-1152x1536.jpeg 1152w, https:\/\/urlaub.vogt-clan.de\/wp-content\/uploads\/2020\/07\/image-57-1536x2048.jpeg 1536w, https:\/\/urlaub.vogt-clan.de\/wp-content\/uploads\/2020\/07\/image-57-1200x1600.jpeg 1200w, https:\/\/urlaub.vogt-clan.de\/wp-content\/uploads\/2020\/07\/image-57-scaled.jpeg 1920w\" sizes=\"auto, (max-width: 709px) 85vw, (max-width: 909px) 67vw, (max-width: 984px) 61vw, (max-width: 1362px) 45vw, 600px\" \/><figcaption>S\u00fcdtiroler Gedeck<\/figcaption><\/figure>\n\n\n\n<figure class=\"wp-block-image size-large\"><img loading=\"lazy\" decoding=\"async\" width=\"768\" height=\"1024\" src=\"https:\/\/urlaub.vogt-clan.de\/wp-content\/uploads\/2020\/07\/image-58-768x1024.jpeg\" alt=\"\" class=\"wp-image-3770\" srcset=\"https:\/\/urlaub.vogt-clan.de\/wp-content\/uploads\/2020\/07\/image-58-768x1024.jpeg 768w, https:\/\/urlaub.vogt-clan.de\/wp-content\/uploads\/2020\/07\/image-58-225x300.jpeg 225w, https:\/\/urlaub.vogt-clan.de\/wp-content\/uploads\/2020\/07\/image-58-1152x1536.jpeg 1152w, https:\/\/urlaub.vogt-clan.de\/wp-content\/uploads\/2020\/07\/image-58-1536x2048.jpeg 1536w, https:\/\/urlaub.vogt-clan.de\/wp-content\/uploads\/2020\/07\/image-58-1200x1600.jpeg 1200w, https:\/\/urlaub.vogt-clan.de\/wp-content\/uploads\/2020\/07\/image-58-scaled.jpeg 1920w\" sizes=\"auto, (max-width: 709px) 85vw, (max-width: 909px) 67vw, (max-width: 984px) 61vw, (max-width: 1362px) 45vw, 600px\" \/><\/figure>\n\n\n\n<p>Danach nehmen wir die letzten 3 km in Angriff nach Sterzing und biegen direkt ab Richtung Hotel Klammer, welchen an der Brennerstra\u00dfe liegt. Hier erfahren wir, dass<\/p>\n\n\n\n<p>alle neuen Zimmer zur Stra\u00dfe liegen<\/p>\n\n\n\n<p>Feuer &amp; Eis nur neue Zimmer bucht <\/p>\n\n\n\n<p>wir die Einzigen aus unsere Gruppe in diesem Hotel sind.<\/p>\n\n\n\n<p>Das Hotel im Zentrum (Lamm) ist scheinbar der gef\u00fchrten Gruppe vorbehalten.<\/p>\n\n\n\n<figure class=\"wp-block-image size-large\"><img loading=\"lazy\" decoding=\"async\" width=\"768\" height=\"1024\" src=\"https:\/\/urlaub.vogt-clan.de\/wp-content\/uploads\/2020\/07\/image-59-768x1024.jpeg\" alt=\"\" class=\"wp-image-3771\" srcset=\"https:\/\/urlaub.vogt-clan.de\/wp-content\/uploads\/2020\/07\/image-59-768x1024.jpeg 768w, https:\/\/urlaub.vogt-clan.de\/wp-content\/uploads\/2020\/07\/image-59-225x300.jpeg 225w, https:\/\/urlaub.vogt-clan.de\/wp-content\/uploads\/2020\/07\/image-59-1152x1536.jpeg 1152w, https:\/\/urlaub.vogt-clan.de\/wp-content\/uploads\/2020\/07\/image-59-1536x2048.jpeg 1536w, https:\/\/urlaub.vogt-clan.de\/wp-content\/uploads\/2020\/07\/image-59-1200x1600.jpeg 1200w, https:\/\/urlaub.vogt-clan.de\/wp-content\/uploads\/2020\/07\/image-59-scaled.jpeg 1920w\" sizes=\"auto, (max-width: 709px) 85vw, (max-width: 909px) 67vw, (max-width: 984px) 61vw, (max-width: 1362px) 45vw, 600px\" \/><figcaption>Angekommen <\/figcaption><\/figure>\n\n\n\n<p>Am Nachmittag schauen wir uns noch die Innenstadt von Sterzing an, sehr sch\u00f6n mit vielen M\u00f6glichkeiten, drau\u00dfen zu sitzen und das Leben zu genie\u00dfen.<\/p>\n\n\n\n<figure class=\"wp-block-image size-large\"><img loading=\"lazy\" decoding=\"async\" width=\"768\" height=\"1024\" src=\"https:\/\/urlaub.vogt-clan.de\/wp-content\/uploads\/2020\/07\/image-61-768x1024.jpeg\" alt=\"\" class=\"wp-image-3774\" srcset=\"https:\/\/urlaub.vogt-clan.de\/wp-content\/uploads\/2020\/07\/image-61-768x1024.jpeg 768w, https:\/\/urlaub.vogt-clan.de\/wp-content\/uploads\/2020\/07\/image-61-225x300.jpeg 225w, https:\/\/urlaub.vogt-clan.de\/wp-content\/uploads\/2020\/07\/image-61-1152x1536.jpeg 1152w, https:\/\/urlaub.vogt-clan.de\/wp-content\/uploads\/2020\/07\/image-61-1536x2048.jpeg 1536w, https:\/\/urlaub.vogt-clan.de\/wp-content\/uploads\/2020\/07\/image-61-1200x1600.jpeg 1200w, https:\/\/urlaub.vogt-clan.de\/wp-content\/uploads\/2020\/07\/image-61-scaled.jpeg 1920w\" sizes=\"auto, (max-width: 709px) 85vw, (max-width: 909px) 67vw, (max-width: 984px) 61vw, (max-width: 1362px) 45vw, 600px\" \/><\/figure>\n\n\n\n<figure class=\"wp-block-image size-large\"><img loading=\"lazy\" decoding=\"async\" width=\"768\" height=\"1024\" src=\"https:\/\/urlaub.vogt-clan.de\/wp-content\/uploads\/2020\/07\/image-62-768x1024.jpeg\" alt=\"\" class=\"wp-image-3775\" srcset=\"https:\/\/urlaub.vogt-clan.de\/wp-content\/uploads\/2020\/07\/image-62-768x1024.jpeg 768w, https:\/\/urlaub.vogt-clan.de\/wp-content\/uploads\/2020\/07\/image-62-225x300.jpeg 225w, https:\/\/urlaub.vogt-clan.de\/wp-content\/uploads\/2020\/07\/image-62-1152x1536.jpeg 1152w, https:\/\/urlaub.vogt-clan.de\/wp-content\/uploads\/2020\/07\/image-62-1536x2048.jpeg 1536w, https:\/\/urlaub.vogt-clan.de\/wp-content\/uploads\/2020\/07\/image-62-1200x1600.jpeg 1200w, https:\/\/urlaub.vogt-clan.de\/wp-content\/uploads\/2020\/07\/image-62-scaled.jpeg 1920w\" sizes=\"auto, (max-width: 709px) 85vw, (max-width: 909px) 67vw, (max-width: 984px) 61vw, (max-width: 1362px) 45vw, 600px\" \/><\/figure>\n\n\n\n<p>Am Abend essen wir sehr gut im Hotel Klammer, sowohl Speisen als auch der freundliche Service waren hervorragend.<\/p>\n\n\n\n<figure class=\"wp-block-image size-large\"><img loading=\"lazy\" decoding=\"async\" width=\"768\" height=\"1024\" src=\"https:\/\/urlaub.vogt-clan.de\/wp-content\/uploads\/2020\/07\/image-63-768x1024.jpeg\" alt=\"\" class=\"wp-image-3776\" srcset=\"https:\/\/urlaub.vogt-clan.de\/wp-content\/uploads\/2020\/07\/image-63-768x1024.jpeg 768w, https:\/\/urlaub.vogt-clan.de\/wp-content\/uploads\/2020\/07\/image-63-225x300.jpeg 225w, https:\/\/urlaub.vogt-clan.de\/wp-content\/uploads\/2020\/07\/image-63-1152x1536.jpeg 1152w, https:\/\/urlaub.vogt-clan.de\/wp-content\/uploads\/2020\/07\/image-63-1536x2048.jpeg 1536w, https:\/\/urlaub.vogt-clan.de\/wp-content\/uploads\/2020\/07\/image-63-1200x1600.jpeg 1200w, https:\/\/urlaub.vogt-clan.de\/wp-content\/uploads\/2020\/07\/image-63-scaled.jpeg 1920w\" sizes=\"auto, (max-width: 709px) 85vw, (max-width: 909px) 67vw, (max-width: 984px) 61vw, (max-width: 1362px) 45vw, 600px\" \/><\/figure>\n\n\n\n<figure class=\"wp-block-image size-large\"><img loading=\"lazy\" decoding=\"async\" width=\"494\" height=\"1024\" src=\"https:\/\/urlaub.vogt-clan.de\/wp-content\/uploads\/2020\/07\/image-60-494x1024.jpeg\" alt=\"\" class=\"wp-image-3772\" srcset=\"https:\/\/urlaub.vogt-clan.de\/wp-content\/uploads\/2020\/07\/image-60-494x1024.jpeg 494w, https:\/\/urlaub.vogt-clan.de\/wp-content\/uploads\/2020\/07\/image-60-145x300.jpeg 145w, https:\/\/urlaub.vogt-clan.de\/wp-content\/uploads\/2020\/07\/image-60-768x1593.jpeg 768w, https:\/\/urlaub.vogt-clan.de\/wp-content\/uploads\/2020\/07\/image-60-741x1536.jpeg 741w, https:\/\/urlaub.vogt-clan.de\/wp-content\/uploads\/2020\/07\/image-60-987x2048.jpeg 987w, https:\/\/urlaub.vogt-clan.de\/wp-content\/uploads\/2020\/07\/image-60.jpeg 1080w\" sizes=\"auto, (max-width: 494px) 85vw, 494px\" \/><\/figure>\n","protected":false},"excerpt":{"rendered":"<p>Letzter Abschnitt der Alpen\u00fcberquerung. Wir fr\u00fchst\u00fccken gut im Hotel Dorfwirt, es gibt gute Br\u00f6tchen und leckeren Aufschnitt. Wir sind wieder zeitig unterwegs, so dass wir um 8:15 Uhr aufbrechen und die letzten 20 km in Angriff nehmen. Wir legen ein flottes Tempo vor und sind gegen 12:15 Uhr in Wiesen Prati, wo wir eine Rast &hellip; <a href=\"https:\/\/urlaub.vogt-clan.de\/?p=3754\" class=\"more-link\"><span class=\"screen-reader-text\">\u201eSt. Jakob bis Sterzing\u201c <\/span>weiterlesen<\/a><\/p>\n","protected":false},"author":3,"featured_media":0,"comment_status":"open","ping_status":"open","sticky":false,"template":"","format":"standard","meta":{"_s2mail":"","footnotes":""},"categories":[295],"tags":[279,296,281],"class_list":["post-3754","post","type-post","status-publish","format-standard","hentry","category-alpen20","tag-deutschland","tag-europa","tag-wandern"],"jetpack_featured_media_url":"","_links":{"self":[{"href":"https:\/\/urlaub.vogt-clan.de\/index.php?rest_route=\/wp\/v2\/posts\/3754","targetHints":{"allow":["GET"]}}],"collection":[{"href":"https:\/\/urlaub.vogt-clan.de\/index.php?rest_route=\/wp\/v2\/posts"}],"about":[{"href":"https:\/\/urlaub.vogt-clan.de\/index.php?rest_route=\/wp\/v2\/types\/post"}],"author":[{"embeddable":true,"href":"https:\/\/urlaub.vogt-clan.de\/index.php?rest_route=\/wp\/v2\/users\/3"}],"replies":[{"embeddable":true,"href":"https:\/\/urlaub.vogt-clan.de\/index.php?rest_route=%2Fwp%2Fv2%2Fcomments&post=3754"}],"version-history":[{"count":6,"href":"https:\/\/urlaub.vogt-clan.de\/index.php?rest_route=\/wp\/v2\/posts\/3754\/revisions"}],"predecessor-version":[{"id":3778,"href":"https:\/\/urlaub.vogt-clan.de\/index.php?rest_route=\/wp\/v2\/posts\/3754\/revisions\/3778"}],"wp:attachment":[{"href":"https:\/\/urlaub.vogt-clan.de\/index.php?rest_route=%2Fwp%2Fv2%2Fmedia&parent=3754"}],"wp:term":[{"taxonomy":"category","embeddable":true,"href":"https:\/\/urlaub.vogt-clan.de\/index.php?rest_route=%2Fwp%2Fv2%2Fcategories&post=3754"},{"taxonomy":"post_tag","embeddable":true,"href":"https:\/\/urlaub.vogt-clan.de\/index.php?rest_route=%2Fwp%2Fv2%2Ftags&post=3754"}],"curies":[{"name":"wp","href":"https:\/\/api.w.org\/{rel}","templated":true}]}}