{"id":3678,"date":"2020-07-03T19:55:00","date_gmt":"2020-07-03T17:55:00","guid":{"rendered":"https:\/\/urlaub.vogt-clan.de\/?p=3678"},"modified":"2020-07-04T21:12:50","modified_gmt":"2020-07-04T19:12:50","slug":"wildbad-kreuth-nach-achenkirch","status":"publish","type":"post","link":"https:\/\/urlaub.vogt-clan.de\/?p=3678","title":{"rendered":"Wildbad Kreuth nach Achenkirch"},"content":{"rendered":"\n<p>Das Corona-bedingt abgespeckte Fr\u00fchst\u00fcck ist der Zimmerqualit\u00e4t angepasst, so haben wir kein Problem, p\u00fcnktlich um 8:30 Uhr auf den Bus zum Wanderparkplatz Wildbad Kreuth zu warten.<\/p>\n\n\n\n<p>Etwas entsetzt sind wir, als ein Doppeldecker Bus um die Ecke biegt, aber wir sind \u201anur\u2018 ca. 30 Mitfahrer.<\/p>\n\n\n\n<p>Innerhalb von ca. 20 Minuten haben wir den Startpunkt erreicht, dank der fr\u00fcheren Wanderung wei\u00df ich, welche Richtung wir einschlagen m\u00fcssen. <\/p>\n\n\n\n<figure class=\"wp-block-image size-large\"><img loading=\"lazy\" decoding=\"async\" width=\"1024\" height=\"768\" src=\"https:\/\/urlaub.vogt-clan.de\/wp-content\/uploads\/2020\/07\/image-8-1024x768.jpeg\" alt=\"\" class=\"wp-image-3694\" srcset=\"https:\/\/urlaub.vogt-clan.de\/wp-content\/uploads\/2020\/07\/image-8-1024x768.jpeg 1024w, https:\/\/urlaub.vogt-clan.de\/wp-content\/uploads\/2020\/07\/image-8-300x225.jpeg 300w, https:\/\/urlaub.vogt-clan.de\/wp-content\/uploads\/2020\/07\/image-8-768x576.jpeg 768w, https:\/\/urlaub.vogt-clan.de\/wp-content\/uploads\/2020\/07\/image-8-1536x1152.jpeg 1536w, https:\/\/urlaub.vogt-clan.de\/wp-content\/uploads\/2020\/07\/image-8-2048x1536.jpeg 2048w, https:\/\/urlaub.vogt-clan.de\/wp-content\/uploads\/2020\/07\/image-8-1200x900.jpeg 1200w\" sizes=\"auto, (max-width: 709px) 85vw, (max-width: 909px) 67vw, (max-width: 1362px) 62vw, 840px\" \/><\/figure>\n\n\n\n<p>Leider ist das Wetter diesig, st\u00e4ndig nieselt es und dadurch ist die Sicht nat\u00fcrlich stark eingeschr\u00e4nkt. <\/p>\n\n\n\n<figure class=\"wp-block-image size-large\"><img loading=\"lazy\" decoding=\"async\" width=\"1024\" height=\"768\" src=\"https:\/\/urlaub.vogt-clan.de\/wp-content\/uploads\/2020\/07\/image-4-1024x768.jpeg\" alt=\"\" class=\"wp-image-3689\" srcset=\"https:\/\/urlaub.vogt-clan.de\/wp-content\/uploads\/2020\/07\/image-4-1024x768.jpeg 1024w, https:\/\/urlaub.vogt-clan.de\/wp-content\/uploads\/2020\/07\/image-4-300x225.jpeg 300w, https:\/\/urlaub.vogt-clan.de\/wp-content\/uploads\/2020\/07\/image-4-768x576.jpeg 768w, https:\/\/urlaub.vogt-clan.de\/wp-content\/uploads\/2020\/07\/image-4-1536x1152.jpeg 1536w, https:\/\/urlaub.vogt-clan.de\/wp-content\/uploads\/2020\/07\/image-4-2048x1536.jpeg 2048w, https:\/\/urlaub.vogt-clan.de\/wp-content\/uploads\/2020\/07\/image-4-1200x900.jpeg 1200w\" sizes=\"auto, (max-width: 709px) 85vw, (max-width: 909px) 67vw, (max-width: 1362px) 62vw, 840px\" \/><\/figure>\n\n\n\n<p>Die Etappe ist ziemlich anstrengend mit 850 H\u00f6henmetern auf knapp 18 Kilometern , aber sehr gut ausgeschildert, so dass es trotzdem viel Spa\u00df macht. Da wir in der \u201aSpitzengruppe\u2018 unterwegs sind, finden wir noch einen Platz in der Blaubergalm und machen dort Brotzeit.<\/p>\n\n\n\n<figure class=\"wp-block-image size-large\"><img loading=\"lazy\" decoding=\"async\" width=\"768\" height=\"1024\" src=\"https:\/\/urlaub.vogt-clan.de\/wp-content\/uploads\/2020\/07\/image-5-768x1024.jpeg\" alt=\"\" class=\"wp-image-3690\" srcset=\"https:\/\/urlaub.vogt-clan.de\/wp-content\/uploads\/2020\/07\/image-5-768x1024.jpeg 768w, https:\/\/urlaub.vogt-clan.de\/wp-content\/uploads\/2020\/07\/image-5-225x300.jpeg 225w, https:\/\/urlaub.vogt-clan.de\/wp-content\/uploads\/2020\/07\/image-5-1152x1536.jpeg 1152w, https:\/\/urlaub.vogt-clan.de\/wp-content\/uploads\/2020\/07\/image-5-1536x2048.jpeg 1536w, https:\/\/urlaub.vogt-clan.de\/wp-content\/uploads\/2020\/07\/image-5-1200x1600.jpeg 1200w, https:\/\/urlaub.vogt-clan.de\/wp-content\/uploads\/2020\/07\/image-5-scaled.jpeg 1920w\" sizes=\"auto, (max-width: 709px) 85vw, (max-width: 909px) 67vw, (max-width: 984px) 61vw, (max-width: 1362px) 45vw, 600px\" \/><\/figure>\n\n\n\n<figure class=\"wp-block-image size-large\"><img loading=\"lazy\" decoding=\"async\" width=\"1024\" height=\"768\" src=\"https:\/\/urlaub.vogt-clan.de\/wp-content\/uploads\/2020\/07\/image-6-1024x768.jpeg\" alt=\"\" class=\"wp-image-3691\" srcset=\"https:\/\/urlaub.vogt-clan.de\/wp-content\/uploads\/2020\/07\/image-6-1024x768.jpeg 1024w, https:\/\/urlaub.vogt-clan.de\/wp-content\/uploads\/2020\/07\/image-6-300x225.jpeg 300w, https:\/\/urlaub.vogt-clan.de\/wp-content\/uploads\/2020\/07\/image-6-768x576.jpeg 768w, https:\/\/urlaub.vogt-clan.de\/wp-content\/uploads\/2020\/07\/image-6-1536x1152.jpeg 1536w, https:\/\/urlaub.vogt-clan.de\/wp-content\/uploads\/2020\/07\/image-6-2048x1536.jpeg 2048w, https:\/\/urlaub.vogt-clan.de\/wp-content\/uploads\/2020\/07\/image-6-1200x900.jpeg 1200w\" sizes=\"auto, (max-width: 709px) 85vw, (max-width: 909px) 67vw, (max-width: 1362px) 62vw, 840px\" \/><\/figure>\n\n\n\n<p>Der Abstieg geht \u00fcber eine Forststra\u00dfe, bequem zu laufen.<\/p>\n\n\n\n<figure class=\"wp-block-image size-large\"><img loading=\"lazy\" decoding=\"async\" width=\"768\" height=\"1024\" src=\"https:\/\/urlaub.vogt-clan.de\/wp-content\/uploads\/2020\/07\/image-7-768x1024.jpeg\" alt=\"\" class=\"wp-image-3692\" srcset=\"https:\/\/urlaub.vogt-clan.de\/wp-content\/uploads\/2020\/07\/image-7-768x1024.jpeg 768w, https:\/\/urlaub.vogt-clan.de\/wp-content\/uploads\/2020\/07\/image-7-225x300.jpeg 225w, https:\/\/urlaub.vogt-clan.de\/wp-content\/uploads\/2020\/07\/image-7-1152x1536.jpeg 1152w, https:\/\/urlaub.vogt-clan.de\/wp-content\/uploads\/2020\/07\/image-7-1536x2048.jpeg 1536w, https:\/\/urlaub.vogt-clan.de\/wp-content\/uploads\/2020\/07\/image-7-1200x1600.jpeg 1200w, https:\/\/urlaub.vogt-clan.de\/wp-content\/uploads\/2020\/07\/image-7-scaled.jpeg 1920w\" sizes=\"auto, (max-width: 709px) 85vw, (max-width: 909px) 67vw, (max-width: 984px) 61vw, (max-width: 1362px) 45vw, 600px\" \/><\/figure>\n\n\n\n<p>In Achenwald sind wir so zeitig, dass wir bereits den Bus um 14:47 Uhr nach Achenkirch zum Panoramahotel nehmen k\u00f6nnen.<\/p>\n\n\n\n<p>Was f\u00fcr Unterschied: die freundliche Wirtin gibt uns extra ein ger\u00e4umiges Zimmer mit 2,10 Meter langen Bett, einen Balkon sowie ein Bad mit Fenster (das gestrige hatte nicht einmal eine L\u00fcftung). Das Essen im Rahmen der Halbpension rundet den Tag ab, so dass wir zufrieden dem n\u00e4chsten Tag entgegen sehen.<\/p>\n\n\n\n<figure class=\"wp-block-image size-large\"><img loading=\"lazy\" decoding=\"async\" width=\"494\" height=\"1024\" src=\"https:\/\/urlaub.vogt-clan.de\/wp-content\/uploads\/2020\/07\/image-15-494x1024.jpeg\" alt=\"\" class=\"wp-image-3704\" srcset=\"https:\/\/urlaub.vogt-clan.de\/wp-content\/uploads\/2020\/07\/image-15-494x1024.jpeg 494w, https:\/\/urlaub.vogt-clan.de\/wp-content\/uploads\/2020\/07\/image-15-145x300.jpeg 145w, https:\/\/urlaub.vogt-clan.de\/wp-content\/uploads\/2020\/07\/image-15-768x1593.jpeg 768w, https:\/\/urlaub.vogt-clan.de\/wp-content\/uploads\/2020\/07\/image-15-741x1536.jpeg 741w, https:\/\/urlaub.vogt-clan.de\/wp-content\/uploads\/2020\/07\/image-15-987x2048.jpeg 987w, https:\/\/urlaub.vogt-clan.de\/wp-content\/uploads\/2020\/07\/image-15.jpeg 1080w\" sizes=\"auto, (max-width: 494px) 85vw, 494px\" \/><\/figure>\n","protected":false},"excerpt":{"rendered":"<p>Das Corona-bedingt abgespeckte Fr\u00fchst\u00fcck ist der Zimmerqualit\u00e4t angepasst, so haben wir kein Problem, p\u00fcnktlich um 8:30 Uhr auf den Bus zum Wanderparkplatz Wildbad Kreuth zu warten. Etwas entsetzt sind wir, als ein Doppeldecker Bus um die Ecke biegt, aber wir sind \u201anur\u2018 ca. 30 Mitfahrer. Innerhalb von ca. 20 Minuten haben wir den Startpunkt erreicht, &hellip; <a href=\"https:\/\/urlaub.vogt-clan.de\/?p=3678\" class=\"more-link\"><span class=\"screen-reader-text\">\u201eWildbad Kreuth nach Achenkirch\u201c <\/span>weiterlesen<\/a><\/p>\n","protected":false},"author":3,"featured_media":0,"comment_status":"open","ping_status":"open","sticky":false,"template":"","format":"standard","meta":{"_s2mail":"","footnotes":""},"categories":[295],"tags":[279,281],"class_list":["post-3678","post","type-post","status-publish","format-standard","hentry","category-alpen20","tag-deutschland","tag-wandern"],"jetpack_featured_media_url":"","_links":{"self":[{"href":"https:\/\/urlaub.vogt-clan.de\/index.php?rest_route=\/wp\/v2\/posts\/3678","targetHints":{"allow":["GET"]}}],"collection":[{"href":"https:\/\/urlaub.vogt-clan.de\/index.php?rest_route=\/wp\/v2\/posts"}],"about":[{"href":"https:\/\/urlaub.vogt-clan.de\/index.php?rest_route=\/wp\/v2\/types\/post"}],"author":[{"embeddable":true,"href":"https:\/\/urlaub.vogt-clan.de\/index.php?rest_route=\/wp\/v2\/users\/3"}],"replies":[{"embeddable":true,"href":"https:\/\/urlaub.vogt-clan.de\/index.php?rest_route=%2Fwp%2Fv2%2Fcomments&post=3678"}],"version-history":[{"count":6,"href":"https:\/\/urlaub.vogt-clan.de\/index.php?rest_route=\/wp\/v2\/posts\/3678\/revisions"}],"predecessor-version":[{"id":3705,"href":"https:\/\/urlaub.vogt-clan.de\/index.php?rest_route=\/wp\/v2\/posts\/3678\/revisions\/3705"}],"wp:attachment":[{"href":"https:\/\/urlaub.vogt-clan.de\/index.php?rest_route=%2Fwp%2Fv2%2Fmedia&parent=3678"}],"wp:term":[{"taxonomy":"category","embeddable":true,"href":"https:\/\/urlaub.vogt-clan.de\/index.php?rest_route=%2Fwp%2Fv2%2Fcategories&post=3678"},{"taxonomy":"post_tag","embeddable":true,"href":"https:\/\/urlaub.vogt-clan.de\/index.php?rest_route=%2Fwp%2Fv2%2Ftags&post=3678"}],"curies":[{"name":"wp","href":"https:\/\/api.w.org\/{rel}","templated":true}]}}