{"id":3466,"date":"2018-09-07T22:29:55","date_gmt":"2018-09-07T20:29:55","guid":{"rendered":"http:\/\/urlaub.vogt-clan.de\/?p=3466"},"modified":"2018-09-07T22:30:04","modified_gmt":"2018-09-07T20:30:04","slug":"cuxhaven-iii","status":"publish","type":"post","link":"https:\/\/urlaub.vogt-clan.de\/?p=3466","title":{"rendered":"Cuxhaven III"},"content":{"rendered":"\n<p>Am Mittwoch spazieren wir in die andere Richtung, weiter zum Naturschutzgebiet, hier sind allerdings viele Fahrr\u00e4der unterwegs, die das Laufen sehr unruhig machen. So kommen nur 11 Kilometer zusammen, den Nachmittag verbringen wir entspannt lesend auf dem sonnigen Balkon. Wenn das Wetter Morgen mitspielt, geht es wieder in die andere Richtung.<\/p>\n\n\n\n<figure class=\"wp-block-image\"><img loading=\"lazy\" decoding=\"async\" width=\"2048\" height=\"1536\" src=\"https:\/\/urlaub.vogt-clan.de\/wp-content\/uploads\/2018\/09\/77F46429-F11A-479B-80AA-5820203C416B.jpeg\" alt=\"\" class=\"wp-image-3470\" srcset=\"https:\/\/urlaub.vogt-clan.de\/wp-content\/uploads\/2018\/09\/77F46429-F11A-479B-80AA-5820203C416B.jpeg 2048w, https:\/\/urlaub.vogt-clan.de\/wp-content\/uploads\/2018\/09\/77F46429-F11A-479B-80AA-5820203C416B-300x225.jpeg 300w, https:\/\/urlaub.vogt-clan.de\/wp-content\/uploads\/2018\/09\/77F46429-F11A-479B-80AA-5820203C416B-768x576.jpeg 768w, https:\/\/urlaub.vogt-clan.de\/wp-content\/uploads\/2018\/09\/77F46429-F11A-479B-80AA-5820203C416B-1024x768.jpeg 1024w, https:\/\/urlaub.vogt-clan.de\/wp-content\/uploads\/2018\/09\/77F46429-F11A-479B-80AA-5820203C416B-1200x900.jpeg 1200w\" sizes=\"auto, (max-width: 709px) 85vw, (max-width: 909px) 67vw, (max-width: 1362px) 62vw, 840px\" \/><figcaption>Schafe<\/figcaption><\/figure>\n\n\n\n<figure class=\"wp-block-image\"><img loading=\"lazy\" decoding=\"async\" width=\"2048\" height=\"1536\" src=\"https:\/\/urlaub.vogt-clan.de\/wp-content\/uploads\/2018\/09\/9B5CCB7B-F574-46B9-AB9C-9494545C6225.jpeg\" alt=\"\" class=\"wp-image-3471\" srcset=\"https:\/\/urlaub.vogt-clan.de\/wp-content\/uploads\/2018\/09\/9B5CCB7B-F574-46B9-AB9C-9494545C6225.jpeg 2048w, https:\/\/urlaub.vogt-clan.de\/wp-content\/uploads\/2018\/09\/9B5CCB7B-F574-46B9-AB9C-9494545C6225-300x225.jpeg 300w, https:\/\/urlaub.vogt-clan.de\/wp-content\/uploads\/2018\/09\/9B5CCB7B-F574-46B9-AB9C-9494545C6225-768x576.jpeg 768w, https:\/\/urlaub.vogt-clan.de\/wp-content\/uploads\/2018\/09\/9B5CCB7B-F574-46B9-AB9C-9494545C6225-1024x768.jpeg 1024w, https:\/\/urlaub.vogt-clan.de\/wp-content\/uploads\/2018\/09\/9B5CCB7B-F574-46B9-AB9C-9494545C6225-1200x900.jpeg 1200w\" sizes=\"auto, (max-width: 709px) 85vw, (max-width: 909px) 67vw, (max-width: 1362px) 62vw, 840px\" \/><figcaption>Karl am Strand <\/figcaption><\/figure>\n\n\n\n<p>Donnerstag ist das Wetter noch gut, wir spazieren wieder zur Kugelbake und erleben am Strandhaus D\u00f6se die echten B\u00fcckeburger Sch\u00fctzen, die flotte Musik f\u00fcr die \u00e4ltere Generation spielen.\u00a0<\/p>\n\n\n\n<figure class=\"wp-block-image\"><img loading=\"lazy\" decoding=\"async\" width=\"2048\" height=\"1536\" src=\"https:\/\/urlaub.vogt-clan.de\/wp-content\/uploads\/2018\/09\/21BA45F5-A527-44BF-B801-2589DEA215D9.jpeg\" alt=\"\" class=\"wp-image-3475\" srcset=\"https:\/\/urlaub.vogt-clan.de\/wp-content\/uploads\/2018\/09\/21BA45F5-A527-44BF-B801-2589DEA215D9.jpeg 2048w, https:\/\/urlaub.vogt-clan.de\/wp-content\/uploads\/2018\/09\/21BA45F5-A527-44BF-B801-2589DEA215D9-300x225.jpeg 300w, https:\/\/urlaub.vogt-clan.de\/wp-content\/uploads\/2018\/09\/21BA45F5-A527-44BF-B801-2589DEA215D9-768x576.jpeg 768w, https:\/\/urlaub.vogt-clan.de\/wp-content\/uploads\/2018\/09\/21BA45F5-A527-44BF-B801-2589DEA215D9-1024x768.jpeg 1024w, https:\/\/urlaub.vogt-clan.de\/wp-content\/uploads\/2018\/09\/21BA45F5-A527-44BF-B801-2589DEA215D9-1200x900.jpeg 1200w\" sizes=\"auto, (max-width: 709px) 85vw, (max-width: 909px) 67vw, (max-width: 1362px) 62vw, 840px\" \/><\/figure>\n\n\n\n<figure class=\"wp-block-image\"><img loading=\"lazy\" decoding=\"async\" width=\"2048\" height=\"1536\" src=\"https:\/\/urlaub.vogt-clan.de\/wp-content\/uploads\/2018\/09\/8300DCF7-2064-455A-8252-8F9645B4316D.jpeg\" alt=\"\" class=\"wp-image-3473\" srcset=\"https:\/\/urlaub.vogt-clan.de\/wp-content\/uploads\/2018\/09\/8300DCF7-2064-455A-8252-8F9645B4316D.jpeg 2048w, https:\/\/urlaub.vogt-clan.de\/wp-content\/uploads\/2018\/09\/8300DCF7-2064-455A-8252-8F9645B4316D-300x225.jpeg 300w, https:\/\/urlaub.vogt-clan.de\/wp-content\/uploads\/2018\/09\/8300DCF7-2064-455A-8252-8F9645B4316D-768x576.jpeg 768w, https:\/\/urlaub.vogt-clan.de\/wp-content\/uploads\/2018\/09\/8300DCF7-2064-455A-8252-8F9645B4316D-1024x768.jpeg 1024w, https:\/\/urlaub.vogt-clan.de\/wp-content\/uploads\/2018\/09\/8300DCF7-2064-455A-8252-8F9645B4316D-1200x900.jpeg 1200w\" sizes=\"auto, (max-width: 709px) 85vw, (max-width: 909px) 67vw, (max-width: 1362px) 62vw, 840px\" \/><figcaption>Gro\u00dfe Schiffe ziehen vorbei<\/figcaption><\/figure>\n\n\n\n<p>Am Freitag ist der Vormittag noch ganz sch\u00f6n, wir gehen nochmal am Strand entlang, aber es ballen sich schon dunkle Wolken zusammen, so dass wir uns rechtzeitig auf den R\u00fcckweg machen. Am Mittag beginnt der Regen f\u00fcr einige Stunden, so dass wir mit dem Packen beginnen k\u00f6nnen. Der Abschied wird uns damit leicht gemacht, wir essen im Restaurant \u00b4Mahlzeit am Meer\u00b4 und werden einen letzten Blick auf die Nordsee. Am Samstag geht es morgens von Cuxhaven \u00fcber Hamburg Harburg Richtung Heimat.<\/p>\n\n\n\n<figure class=\"wp-block-image\"><img loading=\"lazy\" decoding=\"async\" width=\"1536\" height=\"2048\" src=\"https:\/\/urlaub.vogt-clan.de\/wp-content\/uploads\/2018\/09\/65C1625D-6322-43B5-8E7B-8DB4C8FABC41.jpeg\" alt=\"\" class=\"wp-image-3472\" srcset=\"https:\/\/urlaub.vogt-clan.de\/wp-content\/uploads\/2018\/09\/65C1625D-6322-43B5-8E7B-8DB4C8FABC41.jpeg 1536w, https:\/\/urlaub.vogt-clan.de\/wp-content\/uploads\/2018\/09\/65C1625D-6322-43B5-8E7B-8DB4C8FABC41-225x300.jpeg 225w, https:\/\/urlaub.vogt-clan.de\/wp-content\/uploads\/2018\/09\/65C1625D-6322-43B5-8E7B-8DB4C8FABC41-768x1024.jpeg 768w, https:\/\/urlaub.vogt-clan.de\/wp-content\/uploads\/2018\/09\/65C1625D-6322-43B5-8E7B-8DB4C8FABC41-1200x1600.jpeg 1200w\" sizes=\"auto, (max-width: 709px) 85vw, (max-width: 909px) 67vw, (max-width: 1362px) 62vw, 840px\" \/><figcaption>Karlsplatz<\/figcaption><\/figure>\n\n\n\n<figure class=\"wp-block-image\"><img loading=\"lazy\" decoding=\"async\" width=\"2048\" height=\"1536\" src=\"https:\/\/urlaub.vogt-clan.de\/wp-content\/uploads\/2018\/09\/B35E08E5-2D4D-4B90-88C1-16B2FBE3885C.jpeg\" alt=\"\" class=\"wp-image-3474\" srcset=\"https:\/\/urlaub.vogt-clan.de\/wp-content\/uploads\/2018\/09\/B35E08E5-2D4D-4B90-88C1-16B2FBE3885C.jpeg 2048w, https:\/\/urlaub.vogt-clan.de\/wp-content\/uploads\/2018\/09\/B35E08E5-2D4D-4B90-88C1-16B2FBE3885C-300x225.jpeg 300w, https:\/\/urlaub.vogt-clan.de\/wp-content\/uploads\/2018\/09\/B35E08E5-2D4D-4B90-88C1-16B2FBE3885C-768x576.jpeg 768w, https:\/\/urlaub.vogt-clan.de\/wp-content\/uploads\/2018\/09\/B35E08E5-2D4D-4B90-88C1-16B2FBE3885C-1024x768.jpeg 1024w, https:\/\/urlaub.vogt-clan.de\/wp-content\/uploads\/2018\/09\/B35E08E5-2D4D-4B90-88C1-16B2FBE3885C-1200x900.jpeg 1200w\" sizes=\"auto, (max-width: 709px) 85vw, (max-width: 909px) 67vw, (max-width: 1362px) 62vw, 840px\" \/><figcaption>Abschied vom Meer<\/figcaption><\/figure>\n","protected":false},"excerpt":{"rendered":"<p>Am Mittwoch spazieren wir in die andere Richtung, weiter zum Naturschutzgebiet, hier sind allerdings viele Fahrr\u00e4der unterwegs, die das Laufen sehr unruhig machen. So kommen nur 11 Kilometer zusammen, den Nachmittag verbringen wir entspannt lesend auf dem sonnigen Balkon. Wenn das Wetter Morgen mitspielt, geht es wieder in die andere Richtung. Donnerstag ist das Wetter &hellip; <a href=\"https:\/\/urlaub.vogt-clan.de\/?p=3466\" class=\"more-link\"><span class=\"screen-reader-text\">\u201eCuxhaven III\u201c <\/span>weiterlesen<\/a><\/p>\n","protected":false},"author":3,"featured_media":0,"comment_status":"open","ping_status":"open","sticky":false,"template":"","format":"standard","meta":{"_s2mail":"yes","footnotes":""},"categories":[289],"tags":[279,281],"class_list":["post-3466","post","type-post","status-publish","format-standard","hentry","category-heide18","tag-deutschland","tag-wandern"],"jetpack_featured_media_url":"","_links":{"self":[{"href":"https:\/\/urlaub.vogt-clan.de\/index.php?rest_route=\/wp\/v2\/posts\/3466","targetHints":{"allow":["GET"]}}],"collection":[{"href":"https:\/\/urlaub.vogt-clan.de\/index.php?rest_route=\/wp\/v2\/posts"}],"about":[{"href":"https:\/\/urlaub.vogt-clan.de\/index.php?rest_route=\/wp\/v2\/types\/post"}],"author":[{"embeddable":true,"href":"https:\/\/urlaub.vogt-clan.de\/index.php?rest_route=\/wp\/v2\/users\/3"}],"replies":[{"embeddable":true,"href":"https:\/\/urlaub.vogt-clan.de\/index.php?rest_route=%2Fwp%2Fv2%2Fcomments&post=3466"}],"version-history":[{"count":4,"href":"https:\/\/urlaub.vogt-clan.de\/index.php?rest_route=\/wp\/v2\/posts\/3466\/revisions"}],"predecessor-version":[{"id":3477,"href":"https:\/\/urlaub.vogt-clan.de\/index.php?rest_route=\/wp\/v2\/posts\/3466\/revisions\/3477"}],"wp:attachment":[{"href":"https:\/\/urlaub.vogt-clan.de\/index.php?rest_route=%2Fwp%2Fv2%2Fmedia&parent=3466"}],"wp:term":[{"taxonomy":"category","embeddable":true,"href":"https:\/\/urlaub.vogt-clan.de\/index.php?rest_route=%2Fwp%2Fv2%2Fcategories&post=3466"},{"taxonomy":"post_tag","embeddable":true,"href":"https:\/\/urlaub.vogt-clan.de\/index.php?rest_route=%2Fwp%2Fv2%2Ftags&post=3466"}],"curies":[{"name":"wp","href":"https:\/\/api.w.org\/{rel}","templated":true}]}}