{"id":3399,"date":"2018-08-29T21:01:31","date_gmt":"2018-08-29T19:01:31","guid":{"rendered":"http:\/\/urlaub.vogt-clan.de\/?p=3399"},"modified":"2018-08-29T21:01:38","modified_gmt":"2018-08-29T19:01:38","slug":"von-undeloh-nach-niederhaverbeck","status":"publish","type":"post","link":"https:\/\/urlaub.vogt-clan.de\/?p=3399","title":{"rendered":"Von Undeloh nach Niederhaverbeck"},"content":{"rendered":"\n<p>Erneut weckt uns die Sonne. Nach einem Fr\u00fchst\u00fcck, bei dem die Wurstabteilung haupts\u00e4chlich heimische Spezialit\u00e4ten bietet, wandern wir zeitig los.<\/p>\n\n\n\n<figure class=\"wp-block-image\"><img loading=\"lazy\" decoding=\"async\" width=\"2048\" height=\"1536\" src=\"https:\/\/urlaub.vogt-clan.de\/wp-content\/uploads\/2018\/08\/6984FD63-8DA7-45B2-8339-7EC0B4381A1B.jpeg\" alt=\"\" class=\"wp-image-3414\" srcset=\"https:\/\/urlaub.vogt-clan.de\/wp-content\/uploads\/2018\/08\/6984FD63-8DA7-45B2-8339-7EC0B4381A1B.jpeg 2048w, https:\/\/urlaub.vogt-clan.de\/wp-content\/uploads\/2018\/08\/6984FD63-8DA7-45B2-8339-7EC0B4381A1B-300x225.jpeg 300w, https:\/\/urlaub.vogt-clan.de\/wp-content\/uploads\/2018\/08\/6984FD63-8DA7-45B2-8339-7EC0B4381A1B-768x576.jpeg 768w, https:\/\/urlaub.vogt-clan.de\/wp-content\/uploads\/2018\/08\/6984FD63-8DA7-45B2-8339-7EC0B4381A1B-1024x768.jpeg 1024w, https:\/\/urlaub.vogt-clan.de\/wp-content\/uploads\/2018\/08\/6984FD63-8DA7-45B2-8339-7EC0B4381A1B-1200x900.jpeg 1200w\" sizes=\"auto, (max-width: 709px) 85vw, (max-width: 909px) 67vw, (max-width: 1362px) 62vw, 840px\" \/><figcaption>Kirche in Undeloh <\/figcaption><\/figure>\n\n\n\n<p>Tagesziel ist Niederhaverbeck, wieder ein zentraler Punkt f\u00fcr Kutschfahrten durch die Heide. Wir verlassen uns lieber auf unsere Beine und laufen durch das Naturschutzgebiet Richtung Wilsede.<\/p>\n\n\n\n<figure class=\"wp-block-image\"><img loading=\"lazy\" decoding=\"async\" width=\"1536\" height=\"2048\" src=\"https:\/\/urlaub.vogt-clan.de\/wp-content\/uploads\/2018\/08\/55CED09B-816D-4790-BD2E-29FF5F76C05D.jpeg\" alt=\"\" class=\"wp-image-3408\" srcset=\"https:\/\/urlaub.vogt-clan.de\/wp-content\/uploads\/2018\/08\/55CED09B-816D-4790-BD2E-29FF5F76C05D.jpeg 1536w, https:\/\/urlaub.vogt-clan.de\/wp-content\/uploads\/2018\/08\/55CED09B-816D-4790-BD2E-29FF5F76C05D-225x300.jpeg 225w, https:\/\/urlaub.vogt-clan.de\/wp-content\/uploads\/2018\/08\/55CED09B-816D-4790-BD2E-29FF5F76C05D-768x1024.jpeg 768w, https:\/\/urlaub.vogt-clan.de\/wp-content\/uploads\/2018\/08\/55CED09B-816D-4790-BD2E-29FF5F76C05D-1200x1600.jpeg 1200w\" sizes=\"auto, (max-width: 709px) 85vw, (max-width: 909px) 67vw, (max-width: 1362px) 62vw, 840px\" \/><figcaption>Weg durch sumpfigen Boden<\/figcaption><\/figure>\n\n\n\n<figure class=\"wp-block-image\"><img loading=\"lazy\" decoding=\"async\" width=\"2048\" height=\"1536\" src=\"https:\/\/urlaub.vogt-clan.de\/wp-content\/uploads\/2018\/08\/806E1596-51FB-41AE-9ECC-3C6CDB33646F.jpeg\" alt=\"\" class=\"wp-image-3409\" srcset=\"https:\/\/urlaub.vogt-clan.de\/wp-content\/uploads\/2018\/08\/806E1596-51FB-41AE-9ECC-3C6CDB33646F.jpeg 2048w, https:\/\/urlaub.vogt-clan.de\/wp-content\/uploads\/2018\/08\/806E1596-51FB-41AE-9ECC-3C6CDB33646F-300x225.jpeg 300w, https:\/\/urlaub.vogt-clan.de\/wp-content\/uploads\/2018\/08\/806E1596-51FB-41AE-9ECC-3C6CDB33646F-768x576.jpeg 768w, https:\/\/urlaub.vogt-clan.de\/wp-content\/uploads\/2018\/08\/806E1596-51FB-41AE-9ECC-3C6CDB33646F-1024x768.jpeg 1024w, https:\/\/urlaub.vogt-clan.de\/wp-content\/uploads\/2018\/08\/806E1596-51FB-41AE-9ECC-3C6CDB33646F-1200x900.jpeg 1200w\" sizes=\"auto, (max-width: 709px) 85vw, (max-width: 909px) 67vw, (max-width: 1362px) 62vw, 840px\" \/><figcaption>Karl vor Heide<\/figcaption><\/figure>\n\n\n\n<p>In Wilsede machen wir den Abstecher zum Totengrund, einem Tal, das als Keimzelle der Heide gilt.<\/p>\n\n\n\n<figure class=\"wp-block-image\"><img loading=\"lazy\" decoding=\"async\" width=\"2048\" height=\"1536\" src=\"https:\/\/urlaub.vogt-clan.de\/wp-content\/uploads\/2018\/08\/BDBD26DB-5698-455F-B66F-2F8C17A77C7F.jpeg\" alt=\"\" class=\"wp-image-3411\" srcset=\"https:\/\/urlaub.vogt-clan.de\/wp-content\/uploads\/2018\/08\/BDBD26DB-5698-455F-B66F-2F8C17A77C7F.jpeg 2048w, https:\/\/urlaub.vogt-clan.de\/wp-content\/uploads\/2018\/08\/BDBD26DB-5698-455F-B66F-2F8C17A77C7F-300x225.jpeg 300w, https:\/\/urlaub.vogt-clan.de\/wp-content\/uploads\/2018\/08\/BDBD26DB-5698-455F-B66F-2F8C17A77C7F-768x576.jpeg 768w, https:\/\/urlaub.vogt-clan.de\/wp-content\/uploads\/2018\/08\/BDBD26DB-5698-455F-B66F-2F8C17A77C7F-1024x768.jpeg 1024w, https:\/\/urlaub.vogt-clan.de\/wp-content\/uploads\/2018\/08\/BDBD26DB-5698-455F-B66F-2F8C17A77C7F-1200x900.jpeg 1200w\" sizes=\"auto, (max-width: 709px) 85vw, (max-width: 909px) 67vw, (max-width: 1362px) 62vw, 840px\" \/><figcaption>Blick in Totengrund<\/figcaption><\/figure>\n\n\n\n<figure class=\"wp-block-image\"><img loading=\"lazy\" decoding=\"async\" width=\"1536\" height=\"2048\" src=\"https:\/\/urlaub.vogt-clan.de\/wp-content\/uploads\/2018\/08\/F4AE0AE3-0415-4799-814E-62158618B772.jpeg\" alt=\"\" class=\"wp-image-3410\" srcset=\"https:\/\/urlaub.vogt-clan.de\/wp-content\/uploads\/2018\/08\/F4AE0AE3-0415-4799-814E-62158618B772.jpeg 1536w, https:\/\/urlaub.vogt-clan.de\/wp-content\/uploads\/2018\/08\/F4AE0AE3-0415-4799-814E-62158618B772-225x300.jpeg 225w, https:\/\/urlaub.vogt-clan.de\/wp-content\/uploads\/2018\/08\/F4AE0AE3-0415-4799-814E-62158618B772-768x1024.jpeg 768w, https:\/\/urlaub.vogt-clan.de\/wp-content\/uploads\/2018\/08\/F4AE0AE3-0415-4799-814E-62158618B772-1200x1600.jpeg 1200w\" sizes=\"auto, (max-width: 709px) 85vw, (max-width: 909px) 67vw, (max-width: 1362px) 62vw, 840px\" \/><figcaption>Heidschnucke <\/figcaption><\/figure>\n\n\n\n<p>Danach sind es nur noch 5 Kilometer bis Niederhaverbeck, die wir gem\u00fctlich runter laufen, um 15:00 Uhr beziehen wir unser Zimmer.<\/p>\n\n\n\n<figure class=\"wp-block-image\"><img loading=\"lazy\" decoding=\"async\" width=\"2048\" height=\"1536\" src=\"https:\/\/urlaub.vogt-clan.de\/wp-content\/uploads\/2018\/08\/12448D64-4EA3-4F08-A351-84F4C967D8B0.jpeg\" alt=\"\" class=\"wp-image-3412\" srcset=\"https:\/\/urlaub.vogt-clan.de\/wp-content\/uploads\/2018\/08\/12448D64-4EA3-4F08-A351-84F4C967D8B0.jpeg 2048w, https:\/\/urlaub.vogt-clan.de\/wp-content\/uploads\/2018\/08\/12448D64-4EA3-4F08-A351-84F4C967D8B0-300x225.jpeg 300w, https:\/\/urlaub.vogt-clan.de\/wp-content\/uploads\/2018\/08\/12448D64-4EA3-4F08-A351-84F4C967D8B0-768x576.jpeg 768w, https:\/\/urlaub.vogt-clan.de\/wp-content\/uploads\/2018\/08\/12448D64-4EA3-4F08-A351-84F4C967D8B0-1024x768.jpeg 1024w, https:\/\/urlaub.vogt-clan.de\/wp-content\/uploads\/2018\/08\/12448D64-4EA3-4F08-A351-84F4C967D8B0-1200x900.jpeg 1200w\" sizes=\"auto, (max-width: 709px) 85vw, (max-width: 909px) 67vw, (max-width: 1362px) 62vw, 840px\" \/><figcaption>Heide<\/figcaption><\/figure>\n\n\n\n<p>Zu den Unterk\u00fcnften: scheinbar hat sich bei den Hotels die Meinung verbreitet, Wanderer lieben kleine, enge, dunkle Zimmer. Hotel Fuchs und Hotel Heiderose haben sich auch sehr bem\u00fcht, diese Vorstellung zu erf\u00fcllen. So war es in beiden Hotels schwer m\u00f6glich, den zweiten Koffer auf den Boden zu legen.<\/p>\n\n\n\n<p>Das Landhaus Haverbeckhof toppt das Ganze noch: zwar ist das Zimmer hell und das Bad riesig, aber f\u00fcr Koffer ist gar kein Platz vorgesehen. Das Zimmer ist so klein, dass nur Platz vor der Eingangst\u00fcre bleibt. Daf\u00fcr gehen die Fenster, zum Teil mit zerrissenen Fliegennetz gesch\u00fctzt, zu den zentralen M\u00fclltonnen. Au\u00dferdem hat man den K\u00fcchenkrach \u00a0live im Zimmer, aber wir hoffen, dass da ab 22:00 Uhr Ruhe einkehrt.\u00a0<\/p>\n\n\n\n<figure class=\"wp-block-image\"><img loading=\"lazy\" decoding=\"async\" width=\"2048\" height=\"1536\" src=\"https:\/\/urlaub.vogt-clan.de\/wp-content\/uploads\/2018\/08\/2FAFD46E-EA7E-4D7E-9D8D-6F2C04279BF7.jpeg\" alt=\"\" class=\"wp-image-3413\" srcset=\"https:\/\/urlaub.vogt-clan.de\/wp-content\/uploads\/2018\/08\/2FAFD46E-EA7E-4D7E-9D8D-6F2C04279BF7.jpeg 2048w, https:\/\/urlaub.vogt-clan.de\/wp-content\/uploads\/2018\/08\/2FAFD46E-EA7E-4D7E-9D8D-6F2C04279BF7-300x225.jpeg 300w, https:\/\/urlaub.vogt-clan.de\/wp-content\/uploads\/2018\/08\/2FAFD46E-EA7E-4D7E-9D8D-6F2C04279BF7-768x576.jpeg 768w, https:\/\/urlaub.vogt-clan.de\/wp-content\/uploads\/2018\/08\/2FAFD46E-EA7E-4D7E-9D8D-6F2C04279BF7-1024x768.jpeg 1024w, https:\/\/urlaub.vogt-clan.de\/wp-content\/uploads\/2018\/08\/2FAFD46E-EA7E-4D7E-9D8D-6F2C04279BF7-1200x900.jpeg 1200w\" sizes=\"auto, (max-width: 709px) 85vw, (max-width: 909px) 67vw, (max-width: 1362px) 62vw, 840px\" \/><figcaption>Room with a view<\/figcaption><\/figure>\n\n\n\n<p>Das alles ist auch eine M\u00f6glichkeit, neue G\u00e4ste zu vergraulen.<\/p>\n","protected":false},"excerpt":{"rendered":"<p>Erneut weckt uns die Sonne. Nach einem Fr\u00fchst\u00fcck, bei dem die Wurstabteilung haupts\u00e4chlich heimische Spezialit\u00e4ten bietet, wandern wir zeitig los. Tagesziel ist Niederhaverbeck, wieder ein zentraler Punkt f\u00fcr Kutschfahrten durch die Heide. Wir verlassen uns lieber auf unsere Beine und laufen durch das Naturschutzgebiet Richtung Wilsede. In Wilsede machen wir den Abstecher zum Totengrund, einem &hellip; <a href=\"https:\/\/urlaub.vogt-clan.de\/?p=3399\" class=\"more-link\"><span class=\"screen-reader-text\">\u201eVon Undeloh nach Niederhaverbeck\u201c <\/span>weiterlesen<\/a><\/p>\n","protected":false},"author":3,"featured_media":0,"comment_status":"open","ping_status":"open","sticky":false,"template":"","format":"standard","meta":{"_s2mail":"yes","footnotes":""},"categories":[289],"tags":[279,281],"class_list":["post-3399","post","type-post","status-publish","format-standard","hentry","category-heide18","tag-deutschland","tag-wandern"],"jetpack_featured_media_url":"","_links":{"self":[{"href":"https:\/\/urlaub.vogt-clan.de\/index.php?rest_route=\/wp\/v2\/posts\/3399","targetHints":{"allow":["GET"]}}],"collection":[{"href":"https:\/\/urlaub.vogt-clan.de\/index.php?rest_route=\/wp\/v2\/posts"}],"about":[{"href":"https:\/\/urlaub.vogt-clan.de\/index.php?rest_route=\/wp\/v2\/types\/post"}],"author":[{"embeddable":true,"href":"https:\/\/urlaub.vogt-clan.de\/index.php?rest_route=\/wp\/v2\/users\/3"}],"replies":[{"embeddable":true,"href":"https:\/\/urlaub.vogt-clan.de\/index.php?rest_route=%2Fwp%2Fv2%2Fcomments&post=3399"}],"version-history":[{"count":4,"href":"https:\/\/urlaub.vogt-clan.de\/index.php?rest_route=\/wp\/v2\/posts\/3399\/revisions"}],"predecessor-version":[{"id":3415,"href":"https:\/\/urlaub.vogt-clan.de\/index.php?rest_route=\/wp\/v2\/posts\/3399\/revisions\/3415"}],"wp:attachment":[{"href":"https:\/\/urlaub.vogt-clan.de\/index.php?rest_route=%2Fwp%2Fv2%2Fmedia&parent=3399"}],"wp:term":[{"taxonomy":"category","embeddable":true,"href":"https:\/\/urlaub.vogt-clan.de\/index.php?rest_route=%2Fwp%2Fv2%2Fcategories&post=3399"},{"taxonomy":"post_tag","embeddable":true,"href":"https:\/\/urlaub.vogt-clan.de\/index.php?rest_route=%2Fwp%2Fv2%2Ftags&post=3399"}],"curies":[{"name":"wp","href":"https:\/\/api.w.org\/{rel}","templated":true}]}}