{"id":3368,"date":"2018-08-26T21:17:53","date_gmt":"2018-08-26T19:17:53","guid":{"rendered":"http:\/\/urlaub.vogt-clan.de\/?p=3368"},"modified":"2018-08-26T21:18:00","modified_gmt":"2018-08-26T19:18:00","slug":"von-fischbek-nach-steinbeck","status":"publish","type":"post","link":"https:\/\/urlaub.vogt-clan.de\/?p=3368","title":{"rendered":"Von Fischbek nach Steinbeck"},"content":{"rendered":"\n<p>Nach sehr gutem Fr\u00fchst\u00fcck steht um 9:00 Uhr die Taxe bereit, um uns und 2 weitere Wanderer vom Hotel zum Startpunkt des Heidschnuckenwegs nach Hamburg-Fischbek zu bringen. Die Fahrt dauert knapp 40 Minuten, hatten wir so gar nicht erwartet.<\/p>\n\n\n\n<ul class=\"wp-block-gallery columns-2 is-cropped wp-block-gallery-1 is-layout-flex wp-block-gallery-is-layout-flex\"><li class=\"blocks-gallery-item\"><figure><img loading=\"lazy\" decoding=\"async\" width=\"1536\" height=\"2048\" src=\"https:\/\/urlaub.vogt-clan.de\/wp-content\/uploads\/2018\/08\/AF282D81-6474-4208-84B2-93B1C3D8F7B7.jpeg\" alt=\"\" data-id=\"3373\" data-link=\"https:\/\/urlaub.vogt-clan.de\/?attachment_id=3373\" class=\"wp-image-3373\" srcset=\"https:\/\/urlaub.vogt-clan.de\/wp-content\/uploads\/2018\/08\/AF282D81-6474-4208-84B2-93B1C3D8F7B7.jpeg 1536w, https:\/\/urlaub.vogt-clan.de\/wp-content\/uploads\/2018\/08\/AF282D81-6474-4208-84B2-93B1C3D8F7B7-225x300.jpeg 225w, https:\/\/urlaub.vogt-clan.de\/wp-content\/uploads\/2018\/08\/AF282D81-6474-4208-84B2-93B1C3D8F7B7-768x1024.jpeg 768w, https:\/\/urlaub.vogt-clan.de\/wp-content\/uploads\/2018\/08\/AF282D81-6474-4208-84B2-93B1C3D8F7B7-1200x1600.jpeg 1200w\" sizes=\"auto, (max-width: 709px) 85vw, (max-width: 909px) 67vw, (max-width: 1362px) 62vw, 840px\" \/><figcaption>Der Weg in seiner ganzen Pracht<\/figcaption><\/figure><\/li><li class=\"blocks-gallery-item\"><figure><img loading=\"lazy\" decoding=\"async\" width=\"2048\" height=\"1536\" src=\"https:\/\/urlaub.vogt-clan.de\/wp-content\/uploads\/2018\/08\/AA5277F2-E779-4CD9-AB36-64013FB6637D.jpeg\" alt=\"\" data-id=\"3379\" data-link=\"https:\/\/urlaub.vogt-clan.de\/?attachment_id=3379\" class=\"wp-image-3379\" srcset=\"https:\/\/urlaub.vogt-clan.de\/wp-content\/uploads\/2018\/08\/AA5277F2-E779-4CD9-AB36-64013FB6637D.jpeg 2048w, https:\/\/urlaub.vogt-clan.de\/wp-content\/uploads\/2018\/08\/AA5277F2-E779-4CD9-AB36-64013FB6637D-300x225.jpeg 300w, https:\/\/urlaub.vogt-clan.de\/wp-content\/uploads\/2018\/08\/AA5277F2-E779-4CD9-AB36-64013FB6637D-768x576.jpeg 768w, https:\/\/urlaub.vogt-clan.de\/wp-content\/uploads\/2018\/08\/AA5277F2-E779-4CD9-AB36-64013FB6637D-1024x768.jpeg 1024w, https:\/\/urlaub.vogt-clan.de\/wp-content\/uploads\/2018\/08\/AA5277F2-E779-4CD9-AB36-64013FB6637D-1200x900.jpeg 1200w\" sizes=\"auto, (max-width: 709px) 85vw, (max-width: 909px) 67vw, (max-width: 1362px) 62vw, 840px\" \/><figcaption>Unverkennbar <\/figcaption><\/figure><\/li><\/ul>\n\n\n\n<p>Wir laufen los und sehen nach kurzer Zeit die erste bl\u00fchende Heide, allerdings immer nur kleine Flecken. Der Weg ist sehr sch\u00f6n und f\u00fchrt uns die ersten Kilometer durch die Fischbeker Heide.<\/p>\n\n\n\n<figure class=\"wp-block-image\"><img loading=\"lazy\" decoding=\"async\" width=\"2048\" height=\"1536\" src=\"https:\/\/urlaub.vogt-clan.de\/wp-content\/uploads\/2018\/08\/6C936CC1-8F6B-4C1A-BECF-BE6E7F070D78.jpeg\" alt=\"\" class=\"wp-image-3375\" srcset=\"https:\/\/urlaub.vogt-clan.de\/wp-content\/uploads\/2018\/08\/6C936CC1-8F6B-4C1A-BECF-BE6E7F070D78.jpeg 2048w, https:\/\/urlaub.vogt-clan.de\/wp-content\/uploads\/2018\/08\/6C936CC1-8F6B-4C1A-BECF-BE6E7F070D78-300x225.jpeg 300w, https:\/\/urlaub.vogt-clan.de\/wp-content\/uploads\/2018\/08\/6C936CC1-8F6B-4C1A-BECF-BE6E7F070D78-768x576.jpeg 768w, https:\/\/urlaub.vogt-clan.de\/wp-content\/uploads\/2018\/08\/6C936CC1-8F6B-4C1A-BECF-BE6E7F070D78-1024x768.jpeg 1024w, https:\/\/urlaub.vogt-clan.de\/wp-content\/uploads\/2018\/08\/6C936CC1-8F6B-4C1A-BECF-BE6E7F070D78-1200x900.jpeg 1200w\" sizes=\"auto, (max-width: 709px) 85vw, (max-width: 909px) 67vw, (max-width: 1362px) 62vw, 840px\" \/><figcaption>Ein bisserl Heide<\/figcaption><\/figure>\n\n\n\n<p>Anschlie\u00dfend geht es zum Tempelberg, dann durch die schwarzen Berge zum Karlstein. Hier hat der Legende nach Karl der Gro\u00dfe den Stein mit seinem Schwert gespalten.<\/p>\n\n\n\n<figure class=\"wp-block-image\"><img loading=\"lazy\" decoding=\"async\" width=\"2048\" height=\"1536\" src=\"https:\/\/urlaub.vogt-clan.de\/wp-content\/uploads\/2018\/08\/FE90E7EE-7FFC-4A94-B119-454E5D01634F.jpeg\" alt=\"\" class=\"wp-image-3376\" srcset=\"https:\/\/urlaub.vogt-clan.de\/wp-content\/uploads\/2018\/08\/FE90E7EE-7FFC-4A94-B119-454E5D01634F.jpeg 2048w, https:\/\/urlaub.vogt-clan.de\/wp-content\/uploads\/2018\/08\/FE90E7EE-7FFC-4A94-B119-454E5D01634F-300x225.jpeg 300w, https:\/\/urlaub.vogt-clan.de\/wp-content\/uploads\/2018\/08\/FE90E7EE-7FFC-4A94-B119-454E5D01634F-768x576.jpeg 768w, https:\/\/urlaub.vogt-clan.de\/wp-content\/uploads\/2018\/08\/FE90E7EE-7FFC-4A94-B119-454E5D01634F-1024x768.jpeg 1024w, https:\/\/urlaub.vogt-clan.de\/wp-content\/uploads\/2018\/08\/FE90E7EE-7FFC-4A94-B119-454E5D01634F-1200x900.jpeg 1200w\" sizes=\"auto, (max-width: 709px) 85vw, (max-width: 909px) 67vw, (max-width: 1362px) 62vw, 840px\" \/><figcaption>Der Karlstein&#8230;<br\/><\/figcaption><\/figure>\n\n\n\n<p><\/p>\n\n\n\n<figure class=\"wp-block-image\"><img loading=\"lazy\" decoding=\"async\" width=\"1536\" height=\"2048\" src=\"https:\/\/urlaub.vogt-clan.de\/wp-content\/uploads\/2018\/08\/C2DE8B40-44F6-4813-9B2C-91C80D94EC4C.jpeg\" alt=\"\" class=\"wp-image-3377\" srcset=\"https:\/\/urlaub.vogt-clan.de\/wp-content\/uploads\/2018\/08\/C2DE8B40-44F6-4813-9B2C-91C80D94EC4C.jpeg 1536w, https:\/\/urlaub.vogt-clan.de\/wp-content\/uploads\/2018\/08\/C2DE8B40-44F6-4813-9B2C-91C80D94EC4C-225x300.jpeg 225w, https:\/\/urlaub.vogt-clan.de\/wp-content\/uploads\/2018\/08\/C2DE8B40-44F6-4813-9B2C-91C80D94EC4C-768x1024.jpeg 768w, https:\/\/urlaub.vogt-clan.de\/wp-content\/uploads\/2018\/08\/C2DE8B40-44F6-4813-9B2C-91C80D94EC4C-1200x1600.jpeg 1200w\" sizes=\"auto, (max-width: 709px) 85vw, (max-width: 909px) 67vw, (max-width: 1362px) 62vw, 840px\" \/><figcaption>&#8230; und der Namens-Vetter<\/figcaption><\/figure>\n\n\n\n<p>Wir h\u00e4tten nicht gedacht, dass es hier so h\u00fcgelig ist, wir haben schon 300 H\u00f6henmeter gemacht, aber daf\u00fcr auch erst 9 km in knapp 3 Stunden.\u00a0<\/p>\n\n\n\n<figure class=\"wp-block-image\"><img loading=\"lazy\" decoding=\"async\" width=\"2048\" height=\"1536\" src=\"https:\/\/urlaub.vogt-clan.de\/wp-content\/uploads\/2018\/08\/67A28BEE-0FC9-4803-8B0D-2D4019B49E78.jpeg\" alt=\"\" class=\"wp-image-3378\" srcset=\"https:\/\/urlaub.vogt-clan.de\/wp-content\/uploads\/2018\/08\/67A28BEE-0FC9-4803-8B0D-2D4019B49E78.jpeg 2048w, https:\/\/urlaub.vogt-clan.de\/wp-content\/uploads\/2018\/08\/67A28BEE-0FC9-4803-8B0D-2D4019B49E78-300x225.jpeg 300w, https:\/\/urlaub.vogt-clan.de\/wp-content\/uploads\/2018\/08\/67A28BEE-0FC9-4803-8B0D-2D4019B49E78-768x576.jpeg 768w, https:\/\/urlaub.vogt-clan.de\/wp-content\/uploads\/2018\/08\/67A28BEE-0FC9-4803-8B0D-2D4019B49E78-1024x768.jpeg 1024w, https:\/\/urlaub.vogt-clan.de\/wp-content\/uploads\/2018\/08\/67A28BEE-0FC9-4803-8B0D-2D4019B49E78-1200x900.jpeg 1200w\" sizes=\"auto, (max-width: 709px) 85vw, (max-width: 909px) 67vw, (max-width: 1362px) 62vw, 840px\" \/><figcaption>Immer dem H hinterher<\/figcaption><\/figure>\n\n\n\n<p>Aber nun wurde der Weg etwas flacher und wir \u00fcber-\/unterquerten im weiteren Verlauf verschiedene Autobahnen. Unser Tempo wurde etwas h\u00f6her, so dass wir nach 7 Stunden (incl. 1 Stunde Pause) und 24 km am Hotel ankamen. Das hat uns f\u00fcr den ersten Tag gut gereicht, zum Abendessen nur noch 300 Meter bis zum Balkan-Steakhouse, das sollte dann f\u00fcr heute gen\u00fcgen.<\/p>\n\n\n\n<figure class=\"wp-block-image\"><img loading=\"lazy\" decoding=\"async\" width=\"2048\" height=\"1536\" src=\"https:\/\/urlaub.vogt-clan.de\/wp-content\/uploads\/2018\/08\/8739E8B5-8524-4B3A-9233-810CA0608D92.jpeg\" alt=\"\" class=\"wp-image-3374\" srcset=\"https:\/\/urlaub.vogt-clan.de\/wp-content\/uploads\/2018\/08\/8739E8B5-8524-4B3A-9233-810CA0608D92.jpeg 2048w, https:\/\/urlaub.vogt-clan.de\/wp-content\/uploads\/2018\/08\/8739E8B5-8524-4B3A-9233-810CA0608D92-300x225.jpeg 300w, https:\/\/urlaub.vogt-clan.de\/wp-content\/uploads\/2018\/08\/8739E8B5-8524-4B3A-9233-810CA0608D92-768x576.jpeg 768w, https:\/\/urlaub.vogt-clan.de\/wp-content\/uploads\/2018\/08\/8739E8B5-8524-4B3A-9233-810CA0608D92-1024x768.jpeg 1024w, https:\/\/urlaub.vogt-clan.de\/wp-content\/uploads\/2018\/08\/8739E8B5-8524-4B3A-9233-810CA0608D92-1200x900.jpeg 1200w\" sizes=\"auto, (max-width: 709px) 85vw, (max-width: 909px) 67vw, (max-width: 1362px) 62vw, 840px\" \/><figcaption>Am Ziel nach 24 km<\/figcaption><\/figure>\n\n\n\n<p><\/p>\n","protected":false},"excerpt":{"rendered":"<p>Nach sehr gutem Fr\u00fchst\u00fcck steht um 9:00 Uhr die Taxe bereit, um uns und 2 weitere Wanderer vom Hotel zum Startpunkt des Heidschnuckenwegs nach Hamburg-Fischbek zu bringen. Die Fahrt dauert knapp 40 Minuten, hatten wir so gar nicht erwartet. Wir laufen los und sehen nach kurzer Zeit die erste bl\u00fchende Heide, allerdings immer nur kleine &hellip; <a href=\"https:\/\/urlaub.vogt-clan.de\/?p=3368\" class=\"more-link\"><span class=\"screen-reader-text\">\u201eVon Fischbek nach Steinbeck\u201c <\/span>weiterlesen<\/a><\/p>\n","protected":false},"author":3,"featured_media":0,"comment_status":"open","ping_status":"open","sticky":false,"template":"","format":"standard","meta":{"_s2mail":"yes","footnotes":""},"categories":[289],"tags":[279,281],"class_list":["post-3368","post","type-post","status-publish","format-standard","hentry","category-heide18","tag-deutschland","tag-wandern"],"jetpack_featured_media_url":"","_links":{"self":[{"href":"https:\/\/urlaub.vogt-clan.de\/index.php?rest_route=\/wp\/v2\/posts\/3368","targetHints":{"allow":["GET"]}}],"collection":[{"href":"https:\/\/urlaub.vogt-clan.de\/index.php?rest_route=\/wp\/v2\/posts"}],"about":[{"href":"https:\/\/urlaub.vogt-clan.de\/index.php?rest_route=\/wp\/v2\/types\/post"}],"author":[{"embeddable":true,"href":"https:\/\/urlaub.vogt-clan.de\/index.php?rest_route=\/wp\/v2\/users\/3"}],"replies":[{"embeddable":true,"href":"https:\/\/urlaub.vogt-clan.de\/index.php?rest_route=%2Fwp%2Fv2%2Fcomments&post=3368"}],"version-history":[{"count":7,"href":"https:\/\/urlaub.vogt-clan.de\/index.php?rest_route=\/wp\/v2\/posts\/3368\/revisions"}],"predecessor-version":[{"id":3382,"href":"https:\/\/urlaub.vogt-clan.de\/index.php?rest_route=\/wp\/v2\/posts\/3368\/revisions\/3382"}],"wp:attachment":[{"href":"https:\/\/urlaub.vogt-clan.de\/index.php?rest_route=%2Fwp%2Fv2%2Fmedia&parent=3368"}],"wp:term":[{"taxonomy":"category","embeddable":true,"href":"https:\/\/urlaub.vogt-clan.de\/index.php?rest_route=%2Fwp%2Fv2%2Fcategories&post=3368"},{"taxonomy":"post_tag","embeddable":true,"href":"https:\/\/urlaub.vogt-clan.de\/index.php?rest_route=%2Fwp%2Fv2%2Ftags&post=3368"}],"curies":[{"name":"wp","href":"https:\/\/api.w.org\/{rel}","templated":true}]}}