{"id":3362,"date":"2018-08-25T17:59:24","date_gmt":"2018-08-25T15:59:24","guid":{"rendered":"http:\/\/urlaub.vogt-clan.de\/?p=3362"},"modified":"2018-08-26T17:54:19","modified_gmt":"2018-08-26T15:54:19","slug":"7-tage-wandern","status":"publish","type":"post","link":"https:\/\/urlaub.vogt-clan.de\/?p=3362","title":{"rendered":"7 Tage Wandern"},"content":{"rendered":"\n<p>Nachdem wir die letzten Jahre f\u00fcr unsere mehrt\u00e4gigen Wanderungen im S\u00fcden unterwegs waren, zieht es uns diesmal in die L\u00fcneburger Heide. Zwar ist die Bl\u00fcte noch nicht richtig entwickelt, da es in diesem Sommer einfach zu hei\u00df war, aber der Regen der letzten 14 Tage k\u00f6nnte die Wende bringen. Wir fahren am Samstag Morgen mit der Bahn \u00fcber Bremen nach Buchholz.\u00a0<\/p>\n\n\n\n<p>Am Sonntag geht es dann los, es stehen 6 Teilstrecken zwischen 16 und 23 Kilometern auf dem Programm. Hoffen wir mal auf gutes Wetter.<\/p>\n","protected":false},"excerpt":{"rendered":"<p>Nachdem wir die letzten Jahre f\u00fcr unsere mehrt\u00e4gigen Wanderungen im S\u00fcden unterwegs waren, zieht es uns diesmal in die L\u00fcneburger Heide. Zwar ist die Bl\u00fcte noch nicht richtig entwickelt, da es in diesem Sommer einfach zu hei\u00df war, aber der Regen der letzten 14 Tage k\u00f6nnte die Wende bringen. Wir fahren am Samstag Morgen mit &hellip; <a href=\"https:\/\/urlaub.vogt-clan.de\/?p=3362\" class=\"more-link\"><span class=\"screen-reader-text\">\u201e7 Tage Wandern\u201c <\/span>weiterlesen<\/a><\/p>\n","protected":false},"author":3,"featured_media":0,"comment_status":"open","ping_status":"open","sticky":false,"template":"","format":"standard","meta":{"_s2mail":"yes","footnotes":""},"categories":[289],"tags":[279,281],"class_list":["post-3362","post","type-post","status-publish","format-standard","hentry","category-heide18","tag-deutschland","tag-wandern"],"jetpack_featured_media_url":"","_links":{"self":[{"href":"https:\/\/urlaub.vogt-clan.de\/index.php?rest_route=\/wp\/v2\/posts\/3362","targetHints":{"allow":["GET"]}}],"collection":[{"href":"https:\/\/urlaub.vogt-clan.de\/index.php?rest_route=\/wp\/v2\/posts"}],"about":[{"href":"https:\/\/urlaub.vogt-clan.de\/index.php?rest_route=\/wp\/v2\/types\/post"}],"author":[{"embeddable":true,"href":"https:\/\/urlaub.vogt-clan.de\/index.php?rest_route=\/wp\/v2\/users\/3"}],"replies":[{"embeddable":true,"href":"https:\/\/urlaub.vogt-clan.de\/index.php?rest_route=%2Fwp%2Fv2%2Fcomments&post=3362"}],"version-history":[{"count":1,"href":"https:\/\/urlaub.vogt-clan.de\/index.php?rest_route=\/wp\/v2\/posts\/3362\/revisions"}],"predecessor-version":[{"id":3363,"href":"https:\/\/urlaub.vogt-clan.de\/index.php?rest_route=\/wp\/v2\/posts\/3362\/revisions\/3363"}],"wp:attachment":[{"href":"https:\/\/urlaub.vogt-clan.de\/index.php?rest_route=%2Fwp%2Fv2%2Fmedia&parent=3362"}],"wp:term":[{"taxonomy":"category","embeddable":true,"href":"https:\/\/urlaub.vogt-clan.de\/index.php?rest_route=%2Fwp%2Fv2%2Fcategories&post=3362"},{"taxonomy":"post_tag","embeddable":true,"href":"https:\/\/urlaub.vogt-clan.de\/index.php?rest_route=%2Fwp%2Fv2%2Ftags&post=3362"}],"curies":[{"name":"wp","href":"https:\/\/api.w.org\/{rel}","templated":true}]}}