{"id":2962,"date":"2017-06-18T20:29:39","date_gmt":"2017-06-18T18:29:39","guid":{"rendered":"http:\/\/urlaub.vogt-clan.de\/?p=2962"},"modified":"2017-06-18T20:29:39","modified_gmt":"2017-06-18T18:29:39","slug":"von-bayreuth-nach-marienbad","status":"publish","type":"post","link":"https:\/\/urlaub.vogt-clan.de\/?p=2962","title":{"rendered":"Von Bayreuth nach Marienbad"},"content":{"rendered":"<p>Wir futtern uns morgens noch einmal durch das sehr gute Fr\u00fchst\u00fccksb\u00fcffet, dann verlassen wir das Hotel und packen unseren Wagen, der uns immer noch sehr gut gef\u00e4llt.<\/p>\n<p>Erstes Ziel ist heute die Eremitage, errichtet Anfang des 18. Jahrhunderts f\u00fcr Wilhelmine von Preu\u00dfen, Tocher des Soldatenk\u00f6nigs Friedrich Wilhem I. <\/p>\n<figure id=\"attachment_2965\" aria-describedby=\"caption-attachment-2965\" style=\"width: 840px\" class=\"wp-caption aligncenter\"><a href=\"https:\/\/urlaub.vogt-clan.de\/wp-content\/uploads\/2017\/06\/P1080860-e1497810091238.jpg\"><img loading=\"lazy\" decoding=\"async\" src=\"https:\/\/urlaub.vogt-clan.de\/wp-content\/uploads\/2017\/06\/P1080860-1024x768.jpg\" alt=\"\" width=\"840\" height=\"630\" class=\"size-large wp-image-2965\" \/><\/a><figcaption id=\"caption-attachment-2965\" class=\"wp-caption-text\">Eremitage<\/figcaption><\/figure>\n<figure id=\"attachment_2966\" aria-describedby=\"caption-attachment-2966\" style=\"width: 768px\" class=\"wp-caption aligncenter\"><a href=\"https:\/\/urlaub.vogt-clan.de\/wp-content\/uploads\/2017\/06\/P1080867-e1497810156659.jpg\"><img loading=\"lazy\" decoding=\"async\" src=\"https:\/\/urlaub.vogt-clan.de\/wp-content\/uploads\/2017\/06\/P1080867-e1497810156659-768x1024.jpg\" alt=\"\" width=\"768\" height=\"1024\" class=\"size-large wp-image-2966\" srcset=\"https:\/\/urlaub.vogt-clan.de\/wp-content\/uploads\/2017\/06\/P1080867-e1497810156659-768x1024.jpg 768w, https:\/\/urlaub.vogt-clan.de\/wp-content\/uploads\/2017\/06\/P1080867-e1497810156659-225x300.jpg 225w, https:\/\/urlaub.vogt-clan.de\/wp-content\/uploads\/2017\/06\/P1080867-e1497810156659-1200x1600.jpg 1200w, https:\/\/urlaub.vogt-clan.de\/wp-content\/uploads\/2017\/06\/P1080867-e1497810156659.jpg 1500w\" sizes=\"auto, (max-width: 709px) 85vw, (max-width: 909px) 67vw, (max-width: 984px) 61vw, (max-width: 1362px) 45vw, 600px\" \/><\/a><figcaption id=\"caption-attachment-2966\" class=\"wp-caption-text\">Festspielhaus in der Ferne<\/figcaption><\/figure>\n<p>Besonders auff\u00e4llig sind die mit Halb-Edelsteinen verkleideten Geb\u00e4ude und die Wasserspiele. Sie wollte scheinbar Sanssouci in Bayreuth nachbauen. Auch damals konnte man scheinbar mit dem n\u00f6tigen Kleingeld gut leben.<\/p>\n<figure id=\"attachment_2967\" aria-describedby=\"caption-attachment-2967\" style=\"width: 840px\" class=\"wp-caption aligncenter\"><a href=\"https:\/\/urlaub.vogt-clan.de\/wp-content\/uploads\/2017\/06\/P1080880-e1497810215806.jpg\"><img loading=\"lazy\" decoding=\"async\" src=\"https:\/\/urlaub.vogt-clan.de\/wp-content\/uploads\/2017\/06\/P1080880-1024x768.jpg\" alt=\"\" width=\"840\" height=\"630\" class=\"size-large wp-image-2967\" \/><\/a><figcaption id=\"caption-attachment-2967\" class=\"wp-caption-text\">Wasserspiele im Park Bayreuth<\/figcaption><\/figure>\n<figure id=\"attachment_2968\" aria-describedby=\"caption-attachment-2968\" style=\"width: 768px\" class=\"wp-caption aligncenter\"><a href=\"https:\/\/urlaub.vogt-clan.de\/wp-content\/uploads\/2017\/06\/P1080902-e1497810291664.jpg\"><img loading=\"lazy\" decoding=\"async\" src=\"https:\/\/urlaub.vogt-clan.de\/wp-content\/uploads\/2017\/06\/P1080902-e1497810291664-768x1024.jpg\" alt=\"\" width=\"768\" height=\"1024\" class=\"size-large wp-image-2968\" srcset=\"https:\/\/urlaub.vogt-clan.de\/wp-content\/uploads\/2017\/06\/P1080902-e1497810291664-768x1024.jpg 768w, https:\/\/urlaub.vogt-clan.de\/wp-content\/uploads\/2017\/06\/P1080902-e1497810291664-225x300.jpg 225w, https:\/\/urlaub.vogt-clan.de\/wp-content\/uploads\/2017\/06\/P1080902-e1497810291664-1200x1600.jpg 1200w, https:\/\/urlaub.vogt-clan.de\/wp-content\/uploads\/2017\/06\/P1080902-e1497810291664.jpg 1500w\" sizes=\"auto, (max-width: 709px) 85vw, (max-width: 909px) 67vw, (max-width: 984px) 61vw, (max-width: 1362px) 45vw, 600px\" \/><\/a><figcaption id=\"caption-attachment-2968\" class=\"wp-caption-text\">Nahaufnahme Eremitage<\/figcaption><\/figure>\n<p>Nach ausf\u00fchrlicher Besichtigung und kurzer F\u00fchrungen eines heimischen Ehepaars machen wir uns auf den Weg nach Marienbad. Nach Einkauf und kurzer Rast sind wir um kurz vor 14:00 Uhr in der Villa Gloria, wo wir f\u00fcr 3 Tage Quartier beziehen. Schon um 14:40 Uhr sind wir auf dem Weg in den Ort, schlie\u00dflich spielt um 15:00 Uhr der &#8216;klingende Brunnen&#8217;. Den schauen wir uns samt Kurpark an, nach l\u00e4ngerer Stadtbesichtigung gehen wir direkt zum Abendessen. Die Preise sind hier nochmals g\u00fcnstiger als im Frankenland: ein halber Liter Pilsener Urquell ist ab 1,60\u20ac zu haben, ein Essen f\u00fcr zwei Personen mit begleitenden Getr\u00e4nken kostet ca. 28,&#8211;\u20ac inclusive Nachtisch.<\/p>\n","protected":false},"excerpt":{"rendered":"<p>Wir futtern uns morgens noch einmal durch das sehr gute Fr\u00fchst\u00fccksb\u00fcffet, dann verlassen wir das Hotel und packen unseren Wagen, der uns immer noch sehr gut gef\u00e4llt. Erstes Ziel ist heute die Eremitage, errichtet Anfang des 18. Jahrhunderts f\u00fcr Wilhelmine von Preu\u00dfen, Tocher des Soldatenk\u00f6nigs Friedrich Wilhem I. Besonders auff\u00e4llig sind die mit Halb-Edelsteinen verkleideten &hellip; <a href=\"https:\/\/urlaub.vogt-clan.de\/?p=2962\" class=\"more-link\"><span class=\"screen-reader-text\">\u201eVon Bayreuth nach Marienbad\u201c <\/span>weiterlesen<\/a><\/p>\n","protected":false},"author":3,"featured_media":0,"comment_status":"open","ping_status":"open","sticky":false,"template":"","format":"standard","meta":{"_s2mail":"yes","footnotes":""},"categories":[284],"tags":[279,281],"class_list":["post-2962","post","type-post","status-publish","format-standard","hentry","category-2017-wasserscheideweg","tag-deutschland","tag-wandern"],"jetpack_featured_media_url":"","_links":{"self":[{"href":"https:\/\/urlaub.vogt-clan.de\/index.php?rest_route=\/wp\/v2\/posts\/2962","targetHints":{"allow":["GET"]}}],"collection":[{"href":"https:\/\/urlaub.vogt-clan.de\/index.php?rest_route=\/wp\/v2\/posts"}],"about":[{"href":"https:\/\/urlaub.vogt-clan.de\/index.php?rest_route=\/wp\/v2\/types\/post"}],"author":[{"embeddable":true,"href":"https:\/\/urlaub.vogt-clan.de\/index.php?rest_route=\/wp\/v2\/users\/3"}],"replies":[{"embeddable":true,"href":"https:\/\/urlaub.vogt-clan.de\/index.php?rest_route=%2Fwp%2Fv2%2Fcomments&post=2962"}],"version-history":[{"count":3,"href":"https:\/\/urlaub.vogt-clan.de\/index.php?rest_route=\/wp\/v2\/posts\/2962\/revisions"}],"predecessor-version":[{"id":2969,"href":"https:\/\/urlaub.vogt-clan.de\/index.php?rest_route=\/wp\/v2\/posts\/2962\/revisions\/2969"}],"wp:attachment":[{"href":"https:\/\/urlaub.vogt-clan.de\/index.php?rest_route=%2Fwp%2Fv2%2Fmedia&parent=2962"}],"wp:term":[{"taxonomy":"category","embeddable":true,"href":"https:\/\/urlaub.vogt-clan.de\/index.php?rest_route=%2Fwp%2Fv2%2Fcategories&post=2962"},{"taxonomy":"post_tag","embeddable":true,"href":"https:\/\/urlaub.vogt-clan.de\/index.php?rest_route=%2Fwp%2Fv2%2Ftags&post=2962"}],"curies":[{"name":"wp","href":"https:\/\/api.w.org\/{rel}","templated":true}]}}