{"id":2954,"date":"2017-06-17T20:17:11","date_gmt":"2017-06-17T18:17:11","guid":{"rendered":"http:\/\/urlaub.vogt-clan.de\/?p=2954"},"modified":"2017-06-17T20:17:11","modified_gmt":"2017-06-17T18:17:11","slug":"bayreuth","status":"publish","type":"post","link":"https:\/\/urlaub.vogt-clan.de\/?p=2954","title":{"rendered":"Bayreuth"},"content":{"rendered":"<p>Fr\u00fchst\u00fcck gibt es im Hotel von 6:30 bis 11:00 Uhr. Das Angebot ist ziemlich umfangreich, wir genie\u00dfen in Ruhe und lesen dabei die elektronische Tageszeitung.<\/p>\n<p>Um 10:30 Uhr beginnen wir die Tour durch die Stadt auf dem Wagner-Walk, zum Gl\u00fcck ist es heute nicht so hei\u00df, sondern angenehme 22 Grad.<br \/>\nVom Grab an der Villa Wahnfried bis zum Friedhof, wo Wagners Kinder beerdigt sind, laufen wir die Stationen des Komponisten ab.<\/p>\n<figure id=\"attachment_2957\" aria-describedby=\"caption-attachment-2957\" style=\"width: 840px\" class=\"wp-caption aligncenter\"><a href=\"https:\/\/urlaub.vogt-clan.de\/wp-content\/uploads\/2017\/06\/P1080806-e1497722695993.jpg\"><img loading=\"lazy\" decoding=\"async\" src=\"https:\/\/urlaub.vogt-clan.de\/wp-content\/uploads\/2017\/06\/P1080806-1024x768.jpg\" alt=\"\" width=\"840\" height=\"630\" class=\"size-large wp-image-2957\" \/><\/a><figcaption id=\"caption-attachment-2957\" class=\"wp-caption-text\">Haus Wahnfried<\/figcaption><\/figure>\n<figure id=\"attachment_2960\" aria-describedby=\"caption-attachment-2960\" style=\"width: 768px\" class=\"wp-caption aligncenter\"><a href=\"https:\/\/urlaub.vogt-clan.de\/wp-content\/uploads\/2017\/06\/P1080853-e1497723107502.jpg\"><img loading=\"lazy\" decoding=\"async\" src=\"https:\/\/urlaub.vogt-clan.de\/wp-content\/uploads\/2017\/06\/P1080853-e1497723107502-768x1024.jpg\" alt=\"\" width=\"768\" height=\"1024\" class=\"size-large wp-image-2960\" srcset=\"https:\/\/urlaub.vogt-clan.de\/wp-content\/uploads\/2017\/06\/P1080853-e1497723107502-768x1024.jpg 768w, https:\/\/urlaub.vogt-clan.de\/wp-content\/uploads\/2017\/06\/P1080853-e1497723107502-225x300.jpg 225w, https:\/\/urlaub.vogt-clan.de\/wp-content\/uploads\/2017\/06\/P1080853-e1497723107502-1200x1600.jpg 1200w, https:\/\/urlaub.vogt-clan.de\/wp-content\/uploads\/2017\/06\/P1080853-e1497723107502.jpg 1500w\" sizes=\"auto, (max-width: 709px) 85vw, (max-width: 909px) 67vw, (max-width: 984px) 61vw, (max-width: 1362px) 45vw, 600px\" \/><\/a><figcaption id=\"caption-attachment-2960\" class=\"wp-caption-text\">Wagner (blau) mit Karl<\/figcaption><\/figure>\n<p>Damit wir kein kulturelles \u00dcbergewicht bekommen, kehren wir zwischendurch bei der Maisels Brauerei ein, um etwas gegen den Fl\u00fcssigkeitsverlust zu unternehmen.<\/p>\n<figure id=\"attachment_2959\" aria-describedby=\"caption-attachment-2959\" style=\"width: 840px\" class=\"wp-caption aligncenter\"><a href=\"https:\/\/urlaub.vogt-clan.de\/wp-content\/uploads\/2017\/06\/P1080841-e1497722882326.jpg\"><img loading=\"lazy\" decoding=\"async\" src=\"https:\/\/urlaub.vogt-clan.de\/wp-content\/uploads\/2017\/06\/P1080841-1024x768.jpg\" alt=\"\" width=\"840\" height=\"630\" class=\"size-large wp-image-2959\" \/><\/a><figcaption id=\"caption-attachment-2959\" class=\"wp-caption-text\">Brauerei Maisel<\/figcaption><\/figure>\n<p>Danach besichtigen wir die verschiedenen Kirchen der Stadt, abends geht es dann nochmal zum Essen im Oskars am Markt.<\/p>\n<figure id=\"attachment_2958\" aria-describedby=\"caption-attachment-2958\" style=\"width: 840px\" class=\"wp-caption aligncenter\"><a href=\"https:\/\/urlaub.vogt-clan.de\/wp-content\/uploads\/2017\/06\/P1080818-e1497722763950.jpg\"><img loading=\"lazy\" decoding=\"async\" src=\"https:\/\/urlaub.vogt-clan.de\/wp-content\/uploads\/2017\/06\/P1080818-1024x768.jpg\" alt=\"\" width=\"840\" height=\"630\" class=\"size-large wp-image-2958\" \/><\/a><figcaption id=\"caption-attachment-2958\" class=\"wp-caption-text\">Altar Stadtkirche<\/figcaption><\/figure>\n","protected":false},"excerpt":{"rendered":"<p>Fr\u00fchst\u00fcck gibt es im Hotel von 6:30 bis 11:00 Uhr. Das Angebot ist ziemlich umfangreich, wir genie\u00dfen in Ruhe und lesen dabei die elektronische Tageszeitung. Um 10:30 Uhr beginnen wir die Tour durch die Stadt auf dem Wagner-Walk, zum Gl\u00fcck ist es heute nicht so hei\u00df, sondern angenehme 22 Grad. Vom Grab an der Villa &hellip; <a href=\"https:\/\/urlaub.vogt-clan.de\/?p=2954\" class=\"more-link\"><span class=\"screen-reader-text\">\u201eBayreuth\u201c <\/span>weiterlesen<\/a><\/p>\n","protected":false},"author":3,"featured_media":0,"comment_status":"open","ping_status":"open","sticky":false,"template":"","format":"standard","meta":{"_s2mail":"yes","footnotes":""},"categories":[284],"tags":[279,281],"class_list":["post-2954","post","type-post","status-publish","format-standard","hentry","category-2017-wasserscheideweg","tag-deutschland","tag-wandern"],"jetpack_featured_media_url":"","_links":{"self":[{"href":"https:\/\/urlaub.vogt-clan.de\/index.php?rest_route=\/wp\/v2\/posts\/2954","targetHints":{"allow":["GET"]}}],"collection":[{"href":"https:\/\/urlaub.vogt-clan.de\/index.php?rest_route=\/wp\/v2\/posts"}],"about":[{"href":"https:\/\/urlaub.vogt-clan.de\/index.php?rest_route=\/wp\/v2\/types\/post"}],"author":[{"embeddable":true,"href":"https:\/\/urlaub.vogt-clan.de\/index.php?rest_route=\/wp\/v2\/users\/3"}],"replies":[{"embeddable":true,"href":"https:\/\/urlaub.vogt-clan.de\/index.php?rest_route=%2Fwp%2Fv2%2Fcomments&post=2954"}],"version-history":[{"count":3,"href":"https:\/\/urlaub.vogt-clan.de\/index.php?rest_route=\/wp\/v2\/posts\/2954\/revisions"}],"predecessor-version":[{"id":2961,"href":"https:\/\/urlaub.vogt-clan.de\/index.php?rest_route=\/wp\/v2\/posts\/2954\/revisions\/2961"}],"wp:attachment":[{"href":"https:\/\/urlaub.vogt-clan.de\/index.php?rest_route=%2Fwp%2Fv2%2Fmedia&parent=2954"}],"wp:term":[{"taxonomy":"category","embeddable":true,"href":"https:\/\/urlaub.vogt-clan.de\/index.php?rest_route=%2Fwp%2Fv2%2Fcategories&post=2954"},{"taxonomy":"post_tag","embeddable":true,"href":"https:\/\/urlaub.vogt-clan.de\/index.php?rest_route=%2Fwp%2Fv2%2Ftags&post=2954"}],"curies":[{"name":"wp","href":"https:\/\/api.w.org\/{rel}","templated":true}]}}