{"id":2946,"date":"2017-06-16T20:18:51","date_gmt":"2017-06-16T18:18:51","guid":{"rendered":"http:\/\/urlaub.vogt-clan.de\/?p=2946"},"modified":"2017-06-16T20:18:51","modified_gmt":"2017-06-16T18:18:51","slug":"von-nuernberg-nach-bayreuth","status":"publish","type":"post","link":"https:\/\/urlaub.vogt-clan.de\/?p=2946","title":{"rendered":"Von N\u00fcrnberg nach Bayreuth"},"content":{"rendered":"<p>Wir fr\u00fchst\u00fccken in einer B\u00e4ckerei und brechen gegen 9:45 Uhr auf Richtung Bayreuth. Heute fahren wir 2 Abschnitte der Burgenstra\u00dfe, da wir schon in Bamberg waren und die Stadt deshalb &#8216;links liegen&#8217; lassen.<\/p>\n<p>Nach einer Woche mit Burgen, Schl\u00f6ssern und Kirchen ist unser Bedarf doch ziemlich gedeckt, deshalb heute was ganz anderes: shoppen im Factory Outlet Herzogenaurach!<\/p>\n<p>Danach geht es weiter zur Veste in Coburg, einer bedeutenden Festungsanlage, in der heute verschiedene Museen und Ausstellungen untergebracht sind.<\/p>\n<figure id=\"attachment_2949\" aria-describedby=\"caption-attachment-2949\" style=\"width: 840px\" class=\"wp-caption aligncenter\"><a href=\"https:\/\/urlaub.vogt-clan.de\/wp-content\/uploads\/2017\/06\/P1080791-e1497636555520.jpg\"><img loading=\"lazy\" decoding=\"async\" src=\"https:\/\/urlaub.vogt-clan.de\/wp-content\/uploads\/2017\/06\/P1080791-1024x768.jpg\" alt=\"\" width=\"840\" height=\"630\" class=\"size-large wp-image-2949\" \/><\/a><figcaption id=\"caption-attachment-2949\" class=\"wp-caption-text\">Veste Coburg<\/figcaption><\/figure>\n<figure id=\"attachment_2950\" aria-describedby=\"caption-attachment-2950\" style=\"width: 840px\" class=\"wp-caption aligncenter\"><a href=\"https:\/\/urlaub.vogt-clan.de\/wp-content\/uploads\/2017\/06\/P1080793-e1497636669557.jpg\"><img loading=\"lazy\" decoding=\"async\" src=\"https:\/\/urlaub.vogt-clan.de\/wp-content\/uploads\/2017\/06\/P1080793-1024x768.jpg\" alt=\"\" width=\"840\" height=\"630\" class=\"size-large wp-image-2950\" \/><\/a><figcaption id=\"caption-attachment-2950\" class=\"wp-caption-text\">Veste Coburg<\/figcaption><\/figure>\n<p>N\u00e4chster Stop Bayreuth, hier beziehen wir ein sch\u00f6nes Zimmer im Hotel H4 Residenzschloss, fu\u00dfl\u00e4ufig zur Innenstadt.<\/p>\n<p>Wir holen noch Stadtpl\u00e4ne &#038; Co. bei der Touriinfo, Morgen wollen wir den Wagner-Walk machen. Doch f\u00fcr heute reicht es, Abendessen gibt es am Markt in der Brauerei Oskar.<\/p>\n<figure id=\"attachment_2951\" aria-describedby=\"caption-attachment-2951\" style=\"width: 768px\" class=\"wp-caption aligncenter\"><a href=\"https:\/\/urlaub.vogt-clan.de\/wp-content\/uploads\/2017\/06\/P1080803-e1497636754225.jpg\"><img loading=\"lazy\" decoding=\"async\" src=\"https:\/\/urlaub.vogt-clan.de\/wp-content\/uploads\/2017\/06\/P1080803-e1497636754225-768x1024.jpg\" alt=\"\" width=\"768\" height=\"1024\" class=\"size-large wp-image-2951\" srcset=\"https:\/\/urlaub.vogt-clan.de\/wp-content\/uploads\/2017\/06\/P1080803-e1497636754225-768x1024.jpg 768w, https:\/\/urlaub.vogt-clan.de\/wp-content\/uploads\/2017\/06\/P1080803-e1497636754225-225x300.jpg 225w, https:\/\/urlaub.vogt-clan.de\/wp-content\/uploads\/2017\/06\/P1080803-e1497636754225-1200x1600.jpg 1200w, https:\/\/urlaub.vogt-clan.de\/wp-content\/uploads\/2017\/06\/P1080803-e1497636754225.jpg 1500w\" sizes=\"auto, (max-width: 709px) 85vw, (max-width: 909px) 67vw, (max-width: 984px) 61vw, (max-width: 1362px) 45vw, 600px\" \/><\/a><figcaption id=\"caption-attachment-2951\" class=\"wp-caption-text\">Hiesiges Bier<\/figcaption><\/figure>\n<figure id=\"attachment_2952\" aria-describedby=\"caption-attachment-2952\" style=\"width: 840px\" class=\"wp-caption aligncenter\"><a href=\"https:\/\/urlaub.vogt-clan.de\/wp-content\/uploads\/2017\/06\/P1080805-e1497636825184.jpg\"><img loading=\"lazy\" decoding=\"async\" src=\"https:\/\/urlaub.vogt-clan.de\/wp-content\/uploads\/2017\/06\/P1080805-1024x768.jpg\" alt=\"\" width=\"840\" height=\"630\" class=\"size-large wp-image-2952\" \/><\/a><figcaption id=\"caption-attachment-2952\" class=\"wp-caption-text\">Sch\u00e4ufele mit Kruste (nicht im Bild: Krautsalat)<\/figcaption><\/figure>\n","protected":false},"excerpt":{"rendered":"<p>Wir fr\u00fchst\u00fccken in einer B\u00e4ckerei und brechen gegen 9:45 Uhr auf Richtung Bayreuth. Heute fahren wir 2 Abschnitte der Burgenstra\u00dfe, da wir schon in Bamberg waren und die Stadt deshalb &#8216;links liegen&#8217; lassen. Nach einer Woche mit Burgen, Schl\u00f6ssern und Kirchen ist unser Bedarf doch ziemlich gedeckt, deshalb heute was ganz anderes: shoppen im Factory &hellip; <a href=\"https:\/\/urlaub.vogt-clan.de\/?p=2946\" class=\"more-link\"><span class=\"screen-reader-text\">\u201eVon N\u00fcrnberg nach Bayreuth\u201c <\/span>weiterlesen<\/a><\/p>\n","protected":false},"author":3,"featured_media":0,"comment_status":"open","ping_status":"open","sticky":false,"template":"","format":"standard","meta":{"_s2mail":"yes","footnotes":""},"categories":[284],"tags":[279,281],"class_list":["post-2946","post","type-post","status-publish","format-standard","hentry","category-2017-wasserscheideweg","tag-deutschland","tag-wandern"],"jetpack_featured_media_url":"","_links":{"self":[{"href":"https:\/\/urlaub.vogt-clan.de\/index.php?rest_route=\/wp\/v2\/posts\/2946","targetHints":{"allow":["GET"]}}],"collection":[{"href":"https:\/\/urlaub.vogt-clan.de\/index.php?rest_route=\/wp\/v2\/posts"}],"about":[{"href":"https:\/\/urlaub.vogt-clan.de\/index.php?rest_route=\/wp\/v2\/types\/post"}],"author":[{"embeddable":true,"href":"https:\/\/urlaub.vogt-clan.de\/index.php?rest_route=\/wp\/v2\/users\/3"}],"replies":[{"embeddable":true,"href":"https:\/\/urlaub.vogt-clan.de\/index.php?rest_route=%2Fwp%2Fv2%2Fcomments&post=2946"}],"version-history":[{"count":3,"href":"https:\/\/urlaub.vogt-clan.de\/index.php?rest_route=\/wp\/v2\/posts\/2946\/revisions"}],"predecessor-version":[{"id":2953,"href":"https:\/\/urlaub.vogt-clan.de\/index.php?rest_route=\/wp\/v2\/posts\/2946\/revisions\/2953"}],"wp:attachment":[{"href":"https:\/\/urlaub.vogt-clan.de\/index.php?rest_route=%2Fwp%2Fv2%2Fmedia&parent=2946"}],"wp:term":[{"taxonomy":"category","embeddable":true,"href":"https:\/\/urlaub.vogt-clan.de\/index.php?rest_route=%2Fwp%2Fv2%2Fcategories&post=2946"},{"taxonomy":"post_tag","embeddable":true,"href":"https:\/\/urlaub.vogt-clan.de\/index.php?rest_route=%2Fwp%2Fv2%2Ftags&post=2946"}],"curies":[{"name":"wp","href":"https:\/\/api.w.org\/{rel}","templated":true}]}}