{"id":2936,"date":"2017-06-15T20:29:56","date_gmt":"2017-06-15T18:29:56","guid":{"rendered":"http:\/\/urlaub.vogt-clan.de\/?p=2936"},"modified":"2017-06-15T20:29:56","modified_gmt":"2017-06-15T18:29:56","slug":"nuernberg","status":"publish","type":"post","link":"https:\/\/urlaub.vogt-clan.de\/?p=2936","title":{"rendered":"N\u00fcrnberg"},"content":{"rendered":"<p>Im Hotel verlangt man 18,&#8211;\u20ac pro Person f\u00fcr das Fr\u00fchst\u00fcck. F\u00fcr das Geld gehen wir lieber Abends essen mit Getr\u00e4nken, deshalb gehen wir zum Fr\u00fchst\u00fccken in die Altstadt zur Back Factory.<\/p>\n<p>Frisch gest\u00e4rkt machen wir uns dann weiter an die Besichtigung der Altstadt, auf dem Markt findet ein gro\u00dfer Fronleichnams Gottesdienst statt.<\/p>\n<figure id=\"attachment_2940\" aria-describedby=\"caption-attachment-2940\" style=\"width: 840px\" class=\"wp-caption aligncenter\"><a href=\"https:\/\/urlaub.vogt-clan.de\/wp-content\/uploads\/2017\/06\/P1080758-e1497550407946.jpg\"><img loading=\"lazy\" decoding=\"async\" src=\"https:\/\/urlaub.vogt-clan.de\/wp-content\/uploads\/2017\/06\/P1080758-1024x768.jpg\" alt=\"\" width=\"840\" height=\"630\" class=\"size-large wp-image-2940\" \/><\/a><figcaption id=\"caption-attachment-2940\" class=\"wp-caption-text\">T\u00e4gliches Kerzenritual f\u00fcr gutes Wetter und Reise<\/figcaption><\/figure>\n<figure id=\"attachment_2941\" aria-describedby=\"caption-attachment-2941\" style=\"width: 768px\" class=\"wp-caption aligncenter\"><a href=\"https:\/\/urlaub.vogt-clan.de\/wp-content\/uploads\/2017\/06\/P1080761-e1497550510820.jpg\"><img loading=\"lazy\" decoding=\"async\" src=\"https:\/\/urlaub.vogt-clan.de\/wp-content\/uploads\/2017\/06\/P1080761-e1497550510820-768x1024.jpg\" alt=\"\" width=\"768\" height=\"1024\" class=\"size-large wp-image-2941\" srcset=\"https:\/\/urlaub.vogt-clan.de\/wp-content\/uploads\/2017\/06\/P1080761-e1497550510820-768x1024.jpg 768w, https:\/\/urlaub.vogt-clan.de\/wp-content\/uploads\/2017\/06\/P1080761-e1497550510820-225x300.jpg 225w, https:\/\/urlaub.vogt-clan.de\/wp-content\/uploads\/2017\/06\/P1080761-e1497550510820-1200x1600.jpg 1200w, https:\/\/urlaub.vogt-clan.de\/wp-content\/uploads\/2017\/06\/P1080761-e1497550510820.jpg 1500w\" sizes=\"auto, (max-width: 709px) 85vw, (max-width: 909px) 67vw, (max-width: 984px) 61vw, (max-width: 1362px) 45vw, 600px\" \/><\/a><figcaption id=\"caption-attachment-2941\" class=\"wp-caption-text\">Sicherheit im Zeichen der Burg<\/figcaption><\/figure>\n<figure id=\"attachment_2942\" aria-describedby=\"caption-attachment-2942\" style=\"width: 840px\" class=\"wp-caption aligncenter\"><a href=\"https:\/\/urlaub.vogt-clan.de\/wp-content\/uploads\/2017\/06\/P1080775-e1497550603822.jpg\"><img loading=\"lazy\" decoding=\"async\" src=\"https:\/\/urlaub.vogt-clan.de\/wp-content\/uploads\/2017\/06\/P1080775-1024x768.jpg\" alt=\"\" width=\"840\" height=\"630\" class=\"size-large wp-image-2942\" \/><\/a><figcaption id=\"caption-attachment-2942\" class=\"wp-caption-text\">Kirche Sankt Sebald<\/figcaption><\/figure>\n<p>Das Besichtigungsprogramm beenden wir auf der Stra\u00dfe der Menschenrechte. Hier gibt es f\u00fcr jeden Artikel der UN-Charta eine S\u00e4ule in deutsch und einer Fremdsprache.<\/p>\n<figure id=\"attachment_2944\" aria-describedby=\"caption-attachment-2944\" style=\"width: 840px\" class=\"wp-caption aligncenter\"><a href=\"https:\/\/urlaub.vogt-clan.de\/wp-content\/uploads\/2017\/06\/P1080790-e1497550841743.jpg\"><img loading=\"lazy\" decoding=\"async\" src=\"https:\/\/urlaub.vogt-clan.de\/wp-content\/uploads\/2017\/06\/P1080790-1024x768.jpg\" alt=\"\" width=\"840\" height=\"630\" class=\"size-large wp-image-2944\" \/><\/a><figcaption id=\"caption-attachment-2944\" class=\"wp-caption-text\">Stra\u00dfe der Menschenrechte<\/figcaption><\/figure>\n<p>Nachmittags fahren wir zu einem Biergarten an der Pregnitz und verbringen da 90 Minuten mit alkoholfreiem Weizen, N\u00fcrnbergern und unseren B\u00fcchern.<\/p>\n<p>Das eingesparte Fr\u00fchst\u00fccksgeld tragen wir wieder in die \u00e4lteste Bratwurstk\u00fcche, die ist nur 10 Minuten vom Hotel entfernt und bietet Tische im Freien. Bei 30 Grad um 19:00 Uhr nicht zu verachten.<\/p>\n<figure id=\"attachment_2943\" aria-describedby=\"caption-attachment-2943\" style=\"width: 768px\" class=\"wp-caption aligncenter\"><a href=\"https:\/\/urlaub.vogt-clan.de\/wp-content\/uploads\/2017\/06\/P1080781-e1497550768696.jpg\"><img loading=\"lazy\" decoding=\"async\" src=\"https:\/\/urlaub.vogt-clan.de\/wp-content\/uploads\/2017\/06\/P1080781-e1497550768696-768x1024.jpg\" alt=\"\" width=\"768\" height=\"1024\" class=\"size-large wp-image-2943\" srcset=\"https:\/\/urlaub.vogt-clan.de\/wp-content\/uploads\/2017\/06\/P1080781-e1497550768696-768x1024.jpg 768w, https:\/\/urlaub.vogt-clan.de\/wp-content\/uploads\/2017\/06\/P1080781-e1497550768696-225x300.jpg 225w, https:\/\/urlaub.vogt-clan.de\/wp-content\/uploads\/2017\/06\/P1080781-e1497550768696-1200x1600.jpg 1200w, https:\/\/urlaub.vogt-clan.de\/wp-content\/uploads\/2017\/06\/P1080781-e1497550768696.jpg 1500w\" sizes=\"auto, (max-width: 709px) 85vw, (max-width: 909px) 67vw, (max-width: 984px) 61vw, (max-width: 1362px) 45vw, 600px\" \/><\/a><figcaption id=\"caption-attachment-2943\" class=\"wp-caption-text\">Karl im Skulpturen-Garten<\/figcaption><\/figure>\n","protected":false},"excerpt":{"rendered":"<p>Im Hotel verlangt man 18,&#8211;\u20ac pro Person f\u00fcr das Fr\u00fchst\u00fcck. F\u00fcr das Geld gehen wir lieber Abends essen mit Getr\u00e4nken, deshalb gehen wir zum Fr\u00fchst\u00fccken in die Altstadt zur Back Factory. Frisch gest\u00e4rkt machen wir uns dann weiter an die Besichtigung der Altstadt, auf dem Markt findet ein gro\u00dfer Fronleichnams Gottesdienst statt. Das Besichtigungsprogramm beenden &hellip; <a href=\"https:\/\/urlaub.vogt-clan.de\/?p=2936\" class=\"more-link\"><span class=\"screen-reader-text\">\u201eN\u00fcrnberg\u201c <\/span>weiterlesen<\/a><\/p>\n","protected":false},"author":3,"featured_media":0,"comment_status":"open","ping_status":"open","sticky":false,"template":"","format":"standard","meta":{"_s2mail":"yes","footnotes":""},"categories":[284],"tags":[279,281],"class_list":["post-2936","post","type-post","status-publish","format-standard","hentry","category-2017-wasserscheideweg","tag-deutschland","tag-wandern"],"jetpack_featured_media_url":"","_links":{"self":[{"href":"https:\/\/urlaub.vogt-clan.de\/index.php?rest_route=\/wp\/v2\/posts\/2936","targetHints":{"allow":["GET"]}}],"collection":[{"href":"https:\/\/urlaub.vogt-clan.de\/index.php?rest_route=\/wp\/v2\/posts"}],"about":[{"href":"https:\/\/urlaub.vogt-clan.de\/index.php?rest_route=\/wp\/v2\/types\/post"}],"author":[{"embeddable":true,"href":"https:\/\/urlaub.vogt-clan.de\/index.php?rest_route=\/wp\/v2\/users\/3"}],"replies":[{"embeddable":true,"href":"https:\/\/urlaub.vogt-clan.de\/index.php?rest_route=%2Fwp%2Fv2%2Fcomments&post=2936"}],"version-history":[{"count":4,"href":"https:\/\/urlaub.vogt-clan.de\/index.php?rest_route=\/wp\/v2\/posts\/2936\/revisions"}],"predecessor-version":[{"id":2945,"href":"https:\/\/urlaub.vogt-clan.de\/index.php?rest_route=\/wp\/v2\/posts\/2936\/revisions\/2945"}],"wp:attachment":[{"href":"https:\/\/urlaub.vogt-clan.de\/index.php?rest_route=%2Fwp%2Fv2%2Fmedia&parent=2936"}],"wp:term":[{"taxonomy":"category","embeddable":true,"href":"https:\/\/urlaub.vogt-clan.de\/index.php?rest_route=%2Fwp%2Fv2%2Fcategories&post=2936"},{"taxonomy":"post_tag","embeddable":true,"href":"https:\/\/urlaub.vogt-clan.de\/index.php?rest_route=%2Fwp%2Fv2%2Ftags&post=2936"}],"curies":[{"name":"wp","href":"https:\/\/api.w.org\/{rel}","templated":true}]}}