{"id":2893,"date":"2017-06-11T18:13:46","date_gmt":"2017-06-11T16:13:46","guid":{"rendered":"http:\/\/urlaub.vogt-clan.de\/?p=2893"},"modified":"2017-06-11T18:13:46","modified_gmt":"2017-06-11T16:13:46","slug":"heilbronn-nach-schwaebisch-hall","status":"publish","type":"post","link":"https:\/\/urlaub.vogt-clan.de\/?p=2893","title":{"rendered":"Heilbronn nach Schw\u00e4bisch Hall"},"content":{"rendered":"<p>Gegen 9:30 Uhr verlassen wir das Best Western Hotel Am Kastell. Leider war die letzte Nacht wegen einer Jugendgruppe sehr unruhig. Alles in allem w\u00fcrden wir das Hotel nicht noch einmal buchen, vornehmlich wegen des schlechten Services im Bar-\/Restaurantbereich.<\/p>\n<p>Egal, wir fahren zuerst nach Bad Friedrichshall, hier gibt es ein Salzbergwerk, in das man als Besucher einfahren kann. Sehr beeindruckend, wir halten uns gut 90 Minuten unter Tage bei 180 Meter Tiefe auf und haben so viele interessante Informationen eigentlich nicht erwartet.<\/p>\n<figure id=\"attachment_2896\" aria-describedby=\"caption-attachment-2896\" style=\"width: 840px\" class=\"wp-caption aligncenter\"><a href=\"https:\/\/urlaub.vogt-clan.de\/wp-content\/uploads\/2017\/06\/P1080451-e1497197041956.jpg\"><img loading=\"lazy\" decoding=\"async\" src=\"https:\/\/urlaub.vogt-clan.de\/wp-content\/uploads\/2017\/06\/P1080451-1024x768.jpg\" alt=\"\" width=\"840\" height=\"630\" class=\"size-large wp-image-2896\" \/><\/a><figcaption id=\"caption-attachment-2896\" class=\"wp-caption-text\">500 Meter lange Halle, in 30 Tagen entstanden<\/figcaption><\/figure>\n<figure id=\"attachment_2897\" aria-describedby=\"caption-attachment-2897\" style=\"width: 840px\" class=\"wp-caption aligncenter\"><a href=\"https:\/\/urlaub.vogt-clan.de\/wp-content\/uploads\/2017\/06\/P1080457-e1497197105949.jpg\"><img loading=\"lazy\" decoding=\"async\" src=\"https:\/\/urlaub.vogt-clan.de\/wp-content\/uploads\/2017\/06\/P1080457-1024x768.jpg\" alt=\"\" width=\"840\" height=\"630\" class=\"size-large wp-image-2897\" \/><\/a><figcaption id=\"caption-attachment-2897\" class=\"wp-caption-text\">Eine der gr\u00f6\u00dften Abbaumaschinen ihrer Art<\/figcaption><\/figure>\n<p>Danach geht es nach \u00d6hringen, hier schauen wir uns Schloss und Park der Landesgartenschau 2016 an.<\/p>\n<p>Anschlie\u00dfend fahren wir zum Wasserschloss Neuenstein, wo wir kurz durch den Ort schlendern.<\/p>\n<figure id=\"attachment_2898\" aria-describedby=\"caption-attachment-2898\" style=\"width: 840px\" class=\"wp-caption aligncenter\"><a href=\"https:\/\/urlaub.vogt-clan.de\/wp-content\/uploads\/2017\/06\/P1080476-e1497197193249.jpg\"><img loading=\"lazy\" decoding=\"async\" src=\"https:\/\/urlaub.vogt-clan.de\/wp-content\/uploads\/2017\/06\/P1080476-1024x768.jpg\" alt=\"\" width=\"840\" height=\"630\" class=\"size-large wp-image-2898\" \/><\/a><figcaption id=\"caption-attachment-2898\" class=\"wp-caption-text\">Wasserschloss Neuenstein<\/figcaption><\/figure>\n<p>Dann reicht es uns langsam, 33 Grad im Schatten sind dann doch f\u00fcr weitere Touren zu viel und wir fahren Richtung Schw\u00e4bisch Hall, wo wir ein Zimmer im Goldenen Adler f\u00fcr 2 Tage gebucht haben. Dieses Haus ist seit dem 17. Jahrhundert Hotel, ein historischer Ort.<\/p>\n<figure id=\"attachment_2899\" aria-describedby=\"caption-attachment-2899\" style=\"width: 768px\" class=\"wp-caption aligncenter\"><a href=\"https:\/\/urlaub.vogt-clan.de\/wp-content\/uploads\/2017\/06\/P1080486-e1497197252309.jpg\"><img loading=\"lazy\" decoding=\"async\" src=\"https:\/\/urlaub.vogt-clan.de\/wp-content\/uploads\/2017\/06\/P1080486-e1497197252309-768x1024.jpg\" alt=\"\" width=\"768\" height=\"1024\" class=\"size-large wp-image-2899\" srcset=\"https:\/\/urlaub.vogt-clan.de\/wp-content\/uploads\/2017\/06\/P1080486-e1497197252309-768x1024.jpg 768w, https:\/\/urlaub.vogt-clan.de\/wp-content\/uploads\/2017\/06\/P1080486-e1497197252309-225x300.jpg 225w, https:\/\/urlaub.vogt-clan.de\/wp-content\/uploads\/2017\/06\/P1080486-e1497197252309-1200x1600.jpg 1200w, https:\/\/urlaub.vogt-clan.de\/wp-content\/uploads\/2017\/06\/P1080486-e1497197252309.jpg 1500w\" sizes=\"auto, (max-width: 709px) 85vw, (max-width: 909px) 67vw, (max-width: 984px) 61vw, (max-width: 1362px) 45vw, 600px\" \/><\/a><figcaption id=\"caption-attachment-2899\" class=\"wp-caption-text\">Karl am Goldenen Adler<\/figcaption><\/figure>\n<figure id=\"attachment_2900\" aria-describedby=\"caption-attachment-2900\" style=\"width: 840px\" class=\"wp-caption aligncenter\"><a href=\"https:\/\/urlaub.vogt-clan.de\/wp-content\/uploads\/2017\/06\/P1080489-e1497197297224.jpg\"><img loading=\"lazy\" decoding=\"async\" src=\"https:\/\/urlaub.vogt-clan.de\/wp-content\/uploads\/2017\/06\/P1080489-1024x768.jpg\" alt=\"\" width=\"840\" height=\"630\" class=\"size-large wp-image-2900\" \/><\/a><figcaption id=\"caption-attachment-2900\" class=\"wp-caption-text\">Er ist wieder da<\/figcaption><\/figure>\n<p>Nachmittags gibt es ein Bier im Biergarten am Ufer der Kocher, morgen wird die Stadt erkundet.<\/p>\n","protected":false},"excerpt":{"rendered":"<p>Gegen 9:30 Uhr verlassen wir das Best Western Hotel Am Kastell. Leider war die letzte Nacht wegen einer Jugendgruppe sehr unruhig. Alles in allem w\u00fcrden wir das Hotel nicht noch einmal buchen, vornehmlich wegen des schlechten Services im Bar-\/Restaurantbereich. Egal, wir fahren zuerst nach Bad Friedrichshall, hier gibt es ein Salzbergwerk, in das man als &hellip; <a href=\"https:\/\/urlaub.vogt-clan.de\/?p=2893\" class=\"more-link\"><span class=\"screen-reader-text\">\u201eHeilbronn nach Schw\u00e4bisch Hall\u201c <\/span>weiterlesen<\/a><\/p>\n","protected":false},"author":3,"featured_media":0,"comment_status":"open","ping_status":"open","sticky":false,"template":"","format":"standard","meta":{"_s2mail":"yes","footnotes":""},"categories":[284],"tags":[279,281],"class_list":["post-2893","post","type-post","status-publish","format-standard","hentry","category-2017-wasserscheideweg","tag-deutschland","tag-wandern"],"jetpack_featured_media_url":"","_links":{"self":[{"href":"https:\/\/urlaub.vogt-clan.de\/index.php?rest_route=\/wp\/v2\/posts\/2893","targetHints":{"allow":["GET"]}}],"collection":[{"href":"https:\/\/urlaub.vogt-clan.de\/index.php?rest_route=\/wp\/v2\/posts"}],"about":[{"href":"https:\/\/urlaub.vogt-clan.de\/index.php?rest_route=\/wp\/v2\/types\/post"}],"author":[{"embeddable":true,"href":"https:\/\/urlaub.vogt-clan.de\/index.php?rest_route=\/wp\/v2\/users\/3"}],"replies":[{"embeddable":true,"href":"https:\/\/urlaub.vogt-clan.de\/index.php?rest_route=%2Fwp%2Fv2%2Fcomments&post=2893"}],"version-history":[{"count":4,"href":"https:\/\/urlaub.vogt-clan.de\/index.php?rest_route=\/wp\/v2\/posts\/2893\/revisions"}],"predecessor-version":[{"id":2902,"href":"https:\/\/urlaub.vogt-clan.de\/index.php?rest_route=\/wp\/v2\/posts\/2893\/revisions\/2902"}],"wp:attachment":[{"href":"https:\/\/urlaub.vogt-clan.de\/index.php?rest_route=%2Fwp%2Fv2%2Fmedia&parent=2893"}],"wp:term":[{"taxonomy":"category","embeddable":true,"href":"https:\/\/urlaub.vogt-clan.de\/index.php?rest_route=%2Fwp%2Fv2%2Fcategories&post=2893"},{"taxonomy":"post_tag","embeddable":true,"href":"https:\/\/urlaub.vogt-clan.de\/index.php?rest_route=%2Fwp%2Fv2%2Ftags&post=2893"}],"curies":[{"name":"wp","href":"https:\/\/api.w.org\/{rel}","templated":true}]}}