{"id":2871,"date":"2017-06-08T20:24:36","date_gmt":"2017-06-08T18:24:36","guid":{"rendered":"http:\/\/urlaub.vogt-clan.de\/?p=2871"},"modified":"2017-06-08T20:24:36","modified_gmt":"2017-06-08T18:24:36","slug":"von-unteroestheim-nach-schnelldorf","status":"publish","type":"post","link":"https:\/\/urlaub.vogt-clan.de\/?p=2871","title":{"rendered":"Von Unteroestheim nach Schnelldorf"},"content":{"rendered":"<p>Unglaublich, aber wahr: die Sonne scheint!<br \/>\nNichts wie runter zum Fr\u00fchst\u00fcck, heute mal am Tisch serviert. Auch sch\u00f6n. Qualitativ wieder sehr gut, auch die Menge stimmt, so machen wir uns um 9:30 Uhr auf den letzten Abschnitt. Der Wanderweg ist dank GPS schnell gefunden und im Sonnenlicht sieht alles nochmal so gut aus.<\/p>\n<figure id=\"attachment_2874\" aria-describedby=\"caption-attachment-2874\" style=\"width: 840px\" class=\"wp-caption aligncenter\"><a href=\"https:\/\/urlaub.vogt-clan.de\/wp-content\/uploads\/2017\/06\/P1080259-e1496945542625.jpg\"><img loading=\"lazy\" decoding=\"async\" src=\"https:\/\/urlaub.vogt-clan.de\/wp-content\/uploads\/2017\/06\/P1080259-1024x768.jpg\" alt=\"\" width=\"840\" height=\"630\" class=\"size-large wp-image-2874\" \/><\/a><figcaption id=\"caption-attachment-2874\" class=\"wp-caption-text\">Blick auf Ober-\/Unteroestheim<\/figcaption><\/figure>\n<p>Heute ist f\u00fchrt die Strecke durch belebtere Gegenden, das hei\u00dft, man sieht ab und zu einen Bauernhof. Wer hier ohne Verpflegung f\u00fcr den Tag aufbricht, muss lange darben.<\/p>\n<figure id=\"attachment_2873\" aria-describedby=\"caption-attachment-2873\" style=\"width: 768px\" class=\"wp-caption aligncenter\"><a href=\"https:\/\/urlaub.vogt-clan.de\/wp-content\/uploads\/2017\/06\/P1080250-e1496945455676.jpg\"><img loading=\"lazy\" decoding=\"async\" src=\"https:\/\/urlaub.vogt-clan.de\/wp-content\/uploads\/2017\/06\/P1080250-e1496945455676-768x1024.jpg\" alt=\"\" width=\"768\" height=\"1024\" class=\"size-large wp-image-2873\" srcset=\"https:\/\/urlaub.vogt-clan.de\/wp-content\/uploads\/2017\/06\/P1080250-e1496945455676-768x1024.jpg 768w, https:\/\/urlaub.vogt-clan.de\/wp-content\/uploads\/2017\/06\/P1080250-e1496945455676-225x300.jpg 225w, https:\/\/urlaub.vogt-clan.de\/wp-content\/uploads\/2017\/06\/P1080250-e1496945455676-1200x1600.jpg 1200w, https:\/\/urlaub.vogt-clan.de\/wp-content\/uploads\/2017\/06\/P1080250-e1496945455676.jpg 1500w\" sizes=\"auto, (max-width: 709px) 85vw, (max-width: 909px) 67vw, (max-width: 984px) 61vw, (max-width: 1362px) 45vw, 600px\" \/><\/a><figcaption id=\"caption-attachment-2873\" class=\"wp-caption-text\">Karl weist uns den Weg<\/figcaption><\/figure>\n<figure id=\"attachment_2875\" aria-describedby=\"caption-attachment-2875\" style=\"width: 768px\" class=\"wp-caption aligncenter\"><a href=\"https:\/\/urlaub.vogt-clan.de\/wp-content\/uploads\/2017\/06\/P1080265-e1496945654625.jpg\"><img loading=\"lazy\" decoding=\"async\" src=\"https:\/\/urlaub.vogt-clan.de\/wp-content\/uploads\/2017\/06\/P1080265-e1496945654625-768x1024.jpg\" alt=\"\" width=\"768\" height=\"1024\" class=\"size-large wp-image-2875\" srcset=\"https:\/\/urlaub.vogt-clan.de\/wp-content\/uploads\/2017\/06\/P1080265-e1496945654625-768x1024.jpg 768w, https:\/\/urlaub.vogt-clan.de\/wp-content\/uploads\/2017\/06\/P1080265-e1496945654625-225x300.jpg 225w, https:\/\/urlaub.vogt-clan.de\/wp-content\/uploads\/2017\/06\/P1080265-e1496945654625-1200x1600.jpg 1200w, https:\/\/urlaub.vogt-clan.de\/wp-content\/uploads\/2017\/06\/P1080265-e1496945654625.jpg 1500w\" sizes=\"auto, (max-width: 709px) 85vw, (max-width: 909px) 67vw, (max-width: 984px) 61vw, (max-width: 1362px) 45vw, 600px\" \/><\/a><figcaption id=\"caption-attachment-2875\" class=\"wp-caption-text\">Wo ist der Weg?<\/figcaption><\/figure>\n<p>Wir gehen es jedenfalls gem\u00fctlich an und haben alles N\u00f6tige dabei, so k\u00f6nnen wir unsere Tour zweimal unterbrechen und kommen um 15:30 Uhr im Hotel an. Dieses liegt zwar am Ortsrand, ist daf\u00fcr aber neu und hat eine vern\u00fcnftige Ausstattung. Zum Abendessen laufen wir in den Ort und k\u00f6nnen wunderbar im Biergarten essen.<\/p>\n<figure id=\"attachment_2876\" aria-describedby=\"caption-attachment-2876\" style=\"width: 768px\" class=\"wp-caption aligncenter\"><a href=\"https:\/\/urlaub.vogt-clan.de\/wp-content\/uploads\/2017\/06\/P1080281-e1496945815108.jpg\"><img loading=\"lazy\" decoding=\"async\" src=\"https:\/\/urlaub.vogt-clan.de\/wp-content\/uploads\/2017\/06\/P1080281-e1496945815108-768x1024.jpg\" alt=\"\" width=\"768\" height=\"1024\" class=\"size-large wp-image-2876\" srcset=\"https:\/\/urlaub.vogt-clan.de\/wp-content\/uploads\/2017\/06\/P1080281-e1496945815108-768x1024.jpg 768w, https:\/\/urlaub.vogt-clan.de\/wp-content\/uploads\/2017\/06\/P1080281-e1496945815108-225x300.jpg 225w, https:\/\/urlaub.vogt-clan.de\/wp-content\/uploads\/2017\/06\/P1080281-e1496945815108-1200x1600.jpg 1200w, https:\/\/urlaub.vogt-clan.de\/wp-content\/uploads\/2017\/06\/P1080281-e1496945815108.jpg 1500w\" sizes=\"auto, (max-width: 709px) 85vw, (max-width: 909px) 67vw, (max-width: 984px) 61vw, (max-width: 1362px) 45vw, 600px\" \/><\/a><figcaption id=\"caption-attachment-2876\" class=\"wp-caption-text\">Nach getaner Arbeit<\/figcaption><\/figure>\n<p>Das bringt uns immerhin auf folgende Kilometer: Tageskilometer: 21,1<\/p>\n","protected":false},"excerpt":{"rendered":"<p>Unglaublich, aber wahr: die Sonne scheint! Nichts wie runter zum Fr\u00fchst\u00fcck, heute mal am Tisch serviert. Auch sch\u00f6n. Qualitativ wieder sehr gut, auch die Menge stimmt, so machen wir uns um 9:30 Uhr auf den letzten Abschnitt. Der Wanderweg ist dank GPS schnell gefunden und im Sonnenlicht sieht alles nochmal so gut aus. Heute ist &hellip; <a href=\"https:\/\/urlaub.vogt-clan.de\/?p=2871\" class=\"more-link\"><span class=\"screen-reader-text\">\u201eVon Unteroestheim nach Schnelldorf\u201c <\/span>weiterlesen<\/a><\/p>\n","protected":false},"author":3,"featured_media":0,"comment_status":"open","ping_status":"open","sticky":false,"template":"","format":"standard","meta":{"_s2mail":"yes","footnotes":""},"categories":[284],"tags":[279,281],"class_list":["post-2871","post","type-post","status-publish","format-standard","hentry","category-2017-wasserscheideweg","tag-deutschland","tag-wandern"],"jetpack_featured_media_url":"","_links":{"self":[{"href":"https:\/\/urlaub.vogt-clan.de\/index.php?rest_route=\/wp\/v2\/posts\/2871","targetHints":{"allow":["GET"]}}],"collection":[{"href":"https:\/\/urlaub.vogt-clan.de\/index.php?rest_route=\/wp\/v2\/posts"}],"about":[{"href":"https:\/\/urlaub.vogt-clan.de\/index.php?rest_route=\/wp\/v2\/types\/post"}],"author":[{"embeddable":true,"href":"https:\/\/urlaub.vogt-clan.de\/index.php?rest_route=\/wp\/v2\/users\/3"}],"replies":[{"embeddable":true,"href":"https:\/\/urlaub.vogt-clan.de\/index.php?rest_route=%2Fwp%2Fv2%2Fcomments&post=2871"}],"version-history":[{"count":3,"href":"https:\/\/urlaub.vogt-clan.de\/index.php?rest_route=\/wp\/v2\/posts\/2871\/revisions"}],"predecessor-version":[{"id":2878,"href":"https:\/\/urlaub.vogt-clan.de\/index.php?rest_route=\/wp\/v2\/posts\/2871\/revisions\/2878"}],"wp:attachment":[{"href":"https:\/\/urlaub.vogt-clan.de\/index.php?rest_route=%2Fwp%2Fv2%2Fmedia&parent=2871"}],"wp:term":[{"taxonomy":"category","embeddable":true,"href":"https:\/\/urlaub.vogt-clan.de\/index.php?rest_route=%2Fwp%2Fv2%2Fcategories&post=2871"},{"taxonomy":"post_tag","embeddable":true,"href":"https:\/\/urlaub.vogt-clan.de\/index.php?rest_route=%2Fwp%2Fv2%2Ftags&post=2871"}],"curies":[{"name":"wp","href":"https:\/\/api.w.org\/{rel}","templated":true}]}}