{"id":2852,"date":"2017-06-05T21:06:16","date_gmt":"2017-06-05T19:06:16","guid":{"rendered":"http:\/\/urlaub.vogt-clan.de\/?p=2852"},"modified":"2017-06-05T21:09:07","modified_gmt":"2017-06-05T19:09:07","slug":"von-colmberg-nach-wildbad","status":"publish","type":"post","link":"https:\/\/urlaub.vogt-clan.de\/?p=2852","title":{"rendered":"Von Colmberg nach Wildbad"},"content":{"rendered":"<p>Das Fr\u00fchst\u00fcck ist klein, aber fein, und so laufen wir frohen Mutes um 9:00 Uhr los, um die gut 20 Kilometer nach Wildbad anzugehen.<\/p>\n<p>Der Weg ist wieder wundersch\u00f6n, etwas Sorge macht uns der Wetterbericht, der ab 12:00 Uhr Regen vorhersagt. Nun denn, das st\u00f6rt uns noch nicht und um 11:30 Uhr finden wir eine Bank und machen Brotzeit. Generell muss man sagen, dass B\u00e4nke und Schutzh\u00fctten Mangelware sind, in der einzigen Schutzh\u00fctte des Tages sa\u00dfen auch die einzigen Wanderer, die wir heute gesehen haben. Das macht dann an 2 Tagen 3 Wanderer und &#8211; aus der Ferne &#8211; 2 Radler.<\/p>\n<figure id=\"attachment_2846\" aria-describedby=\"caption-attachment-2846\" style=\"width: 840px\" class=\"wp-caption aligncenter\"><a href=\"https:\/\/urlaub.vogt-clan.de\/wp-content\/uploads\/2017\/06\/P1080180-e1496687340241.jpg\"><img loading=\"lazy\" decoding=\"async\" src=\"https:\/\/urlaub.vogt-clan.de\/wp-content\/uploads\/2017\/06\/P1080180-1024x768.jpg\" alt=\"\" width=\"840\" height=\"630\" class=\"size-large wp-image-2846\" \/><\/a><figcaption id=\"caption-attachment-2846\" class=\"wp-caption-text\">Naturbelassene Wege<\/figcaption><\/figure>\n<p>Leider setzt um 13:00 Uhr der Regen ein und h\u00f6rt auch bis zur Ankunft in Wildbad nicht mehr auf. An sich nicht tragisch, aber Heikos Schuhe sind scheinbar nicht mehr dicht und nasse Socken und wandern ergibt Blasen an den F\u00fc\u00dfen! <\/p>\n<figure id=\"attachment_2847\" aria-describedby=\"caption-attachment-2847\" style=\"width: 840px\" class=\"wp-caption aligncenter\"><a href=\"https:\/\/urlaub.vogt-clan.de\/wp-content\/uploads\/2017\/06\/P1080184-e1496687425991.jpg\"><img loading=\"lazy\" decoding=\"async\" src=\"https:\/\/urlaub.vogt-clan.de\/wp-content\/uploads\/2017\/06\/P1080184-1024x768.jpg\" alt=\"\" width=\"840\" height=\"630\" class=\"size-large wp-image-2847\" \/><\/a><figcaption id=\"caption-attachment-2847\" class=\"wp-caption-text\">Hinweistafel<\/figcaption><\/figure>\n<p>2,5 km vor Wildbad rufen wir in unserem Hotel an, es liegt in Linden, und bestellen den Transfer. So k\u00f6nnen wir in Ruhe bei einem Bier auf die Abholung warten.<br \/>\nDas Hotel Linden ist ganz gut, das Essen und Trinken im zugeh\u00f6rigen Gasthof einfach Spitze. Zeitig sind wir zur\u00fcck auf dem Zimmer, um die Wunden zu versorgen.<\/p>\n<figure id=\"attachment_2848\" aria-describedby=\"caption-attachment-2848\" style=\"width: 768px\" class=\"wp-caption aligncenter\"><a href=\"https:\/\/urlaub.vogt-clan.de\/wp-content\/uploads\/2017\/06\/P1080193-e1496687574639.jpg\"><img loading=\"lazy\" decoding=\"async\" src=\"https:\/\/urlaub.vogt-clan.de\/wp-content\/uploads\/2017\/06\/P1080193-e1496687574639-768x1024.jpg\" alt=\"\" width=\"768\" height=\"1024\" class=\"size-large wp-image-2848\" srcset=\"https:\/\/urlaub.vogt-clan.de\/wp-content\/uploads\/2017\/06\/P1080193-e1496687574639-768x1024.jpg 768w, https:\/\/urlaub.vogt-clan.de\/wp-content\/uploads\/2017\/06\/P1080193-e1496687574639-225x300.jpg 225w, https:\/\/urlaub.vogt-clan.de\/wp-content\/uploads\/2017\/06\/P1080193-e1496687574639-1200x1600.jpg 1200w, https:\/\/urlaub.vogt-clan.de\/wp-content\/uploads\/2017\/06\/P1080193-e1496687574639.jpg 1500w\" sizes=\"auto, (max-width: 709px) 85vw, (max-width: 909px) 67vw, (max-width: 984px) 61vw, (max-width: 1362px) 45vw, 600px\" \/><\/a><figcaption id=\"caption-attachment-2848\" class=\"wp-caption-text\">Spalter Bier als Belohnung<\/figcaption><\/figure>\n<p>Kilometer: 22,0<\/p>\n","protected":false},"excerpt":{"rendered":"<p>Das Fr\u00fchst\u00fcck ist klein, aber fein, und so laufen wir frohen Mutes um 9:00 Uhr los, um die gut 20 Kilometer nach Wildbad anzugehen. Der Weg ist wieder wundersch\u00f6n, etwas Sorge macht uns der Wetterbericht, der ab 12:00 Uhr Regen vorhersagt. Nun denn, das st\u00f6rt uns noch nicht und um 11:30 Uhr finden wir eine &hellip; <a href=\"https:\/\/urlaub.vogt-clan.de\/?p=2852\" class=\"more-link\"><span class=\"screen-reader-text\">\u201eVon Colmberg nach Wildbad\u201c <\/span>weiterlesen<\/a><\/p>\n","protected":false},"author":3,"featured_media":0,"comment_status":"open","ping_status":"open","sticky":false,"template":"","format":"standard","meta":{"_s2mail":"yes","footnotes":""},"categories":[284],"tags":[279,281],"class_list":["post-2852","post","type-post","status-publish","format-standard","hentry","category-2017-wasserscheideweg","tag-deutschland","tag-wandern"],"jetpack_featured_media_url":"","_links":{"self":[{"href":"https:\/\/urlaub.vogt-clan.de\/index.php?rest_route=\/wp\/v2\/posts\/2852","targetHints":{"allow":["GET"]}}],"collection":[{"href":"https:\/\/urlaub.vogt-clan.de\/index.php?rest_route=\/wp\/v2\/posts"}],"about":[{"href":"https:\/\/urlaub.vogt-clan.de\/index.php?rest_route=\/wp\/v2\/types\/post"}],"author":[{"embeddable":true,"href":"https:\/\/urlaub.vogt-clan.de\/index.php?rest_route=\/wp\/v2\/users\/3"}],"replies":[{"embeddable":true,"href":"https:\/\/urlaub.vogt-clan.de\/index.php?rest_route=%2Fwp%2Fv2%2Fcomments&post=2852"}],"version-history":[{"count":3,"href":"https:\/\/urlaub.vogt-clan.de\/index.php?rest_route=\/wp\/v2\/posts\/2852\/revisions"}],"predecessor-version":[{"id":2855,"href":"https:\/\/urlaub.vogt-clan.de\/index.php?rest_route=\/wp\/v2\/posts\/2852\/revisions\/2855"}],"wp:attachment":[{"href":"https:\/\/urlaub.vogt-clan.de\/index.php?rest_route=%2Fwp%2Fv2%2Fmedia&parent=2852"}],"wp:term":[{"taxonomy":"category","embeddable":true,"href":"https:\/\/urlaub.vogt-clan.de\/index.php?rest_route=%2Fwp%2Fv2%2Fcategories&post=2852"},{"taxonomy":"post_tag","embeddable":true,"href":"https:\/\/urlaub.vogt-clan.de\/index.php?rest_route=%2Fwp%2Fv2%2Ftags&post=2852"}],"curies":[{"name":"wp","href":"https:\/\/api.w.org\/{rel}","templated":true}]}}