{"id":2693,"date":"2016-09-07T21:07:43","date_gmt":"2016-09-07T19:07:43","guid":{"rendered":"http:\/\/urlaub.vogt-clan.de\/?p=2693"},"modified":"2016-09-26T17:02:53","modified_gmt":"2016-09-26T15:02:53","slug":"nossob-und-mata-mata","status":"publish","type":"post","link":"https:\/\/urlaub.vogt-clan.de\/?p=2693","title":{"rendered":"Nossob und Mata Mata"},"content":{"rendered":"<p>Den 05.09. haben wir mit Pirschfahrten weiter in den Parknorden verbracht, waren aber vormittags nur m\u00e4\u00dfig erfolgreich. Alle m\u00f6glichen Antilopenarten, aber keine Raubtiere. Am Nachmittag sind wir dann noch einmal ein St\u00fcck in den S\u00fcden gefahren und dann ging es Schlag auf Schlag:<\/p>\n<p>Erst 2 L\u00f6wen, die ihre frische Beute, eine Art Gnu, verspeisten. Das Ganze recht dicht an der Stra\u00dfe, maximal 10 Meter entfernt.<br \/>\n<figure id=\"attachment_2708\" aria-describedby=\"caption-attachment-2708\" style=\"width: 840px\" class=\"wp-caption aligncenter\"><a href=\"https:\/\/urlaub.vogt-clan.de\/wp-content\/uploads\/2016\/09\/image-11-e1473258230669.jpeg\"><img loading=\"lazy\" decoding=\"async\" src=\"https:\/\/urlaub.vogt-clan.de\/wp-content\/uploads\/2016\/09\/image-11-1024x768.jpeg\" alt=\"L\u00f6we am Stra\u00dfenrand\" width=\"840\" height=\"630\" class=\"size-large wp-image-2708\" \/><\/a><figcaption id=\"caption-attachment-2708\" class=\"wp-caption-text\">L\u00f6we am Stra\u00dfenrand<\/figcaption><\/figure><\/p>\n<p>Dann auf der R\u00fcckfahrt, nur ca. 500 Meter vor dem Camp, eine Gepardin mit 4 Jungen, die sich \u00fcber einen Springbock hermachten. Volles Programm und J\u00e4gergl\u00fcck.<br \/>\n<figure id=\"attachment_2709\" aria-describedby=\"caption-attachment-2709\" style=\"width: 840px\" class=\"wp-caption aligncenter\"><a href=\"https:\/\/urlaub.vogt-clan.de\/wp-content\/uploads\/2016\/09\/image-12-e1473259590799.jpeg\"><img loading=\"lazy\" decoding=\"async\" src=\"https:\/\/urlaub.vogt-clan.de\/wp-content\/uploads\/2016\/09\/image-12-1024x768.jpeg\" alt=\"Gepardin mit Springbock\" width=\"840\" height=\"630\" class=\"size-large wp-image-2709\" \/><\/a><figcaption id=\"caption-attachment-2709\" class=\"wp-caption-text\">Gepardin mit Springbock<\/figcaption><\/figure><\/p>\n<figure id=\"attachment_2710\" aria-describedby=\"caption-attachment-2710\" style=\"width: 840px\" class=\"wp-caption aligncenter\"><a href=\"https:\/\/urlaub.vogt-clan.de\/wp-content\/uploads\/2016\/09\/image-13-e1473259644172.jpeg\"><img loading=\"lazy\" decoding=\"async\" src=\"https:\/\/urlaub.vogt-clan.de\/wp-content\/uploads\/2016\/09\/image-13-1024x768.jpeg\" alt=\"Gepardenjunge\" width=\"840\" height=\"630\" class=\"size-large wp-image-2710\" \/><\/a><figcaption id=\"caption-attachment-2710\" class=\"wp-caption-text\">Gepardenjunge<\/figcaption><\/figure>\n<p>Am Dienstag fuhren wir dann fr\u00fch um 6:45 Uhr in Richtung des n\u00e4chsten Camps Mata Mata an der namibischen Grenze, auch hier war die Fahrzeit wieder mit 4,5 Stunden angegeben. Wir waren dann gute 6 Stunden unterwegs, haben aber auch unglaubliche Sichtungen gemacht.<\/p>\n<p>Nicht nur, dass die beiden J\u00e4ger vor Vortag noch immer an ihrem Gnu kauten, nur knapp einen Kilometer dahinter lag ein m\u00e4nnlicher L\u00f6we schlafend auf der Piste. Die ersten Bilder noch mit geh\u00f6rigem Abstand gemacht und dann langsam rangepirscht, bis wir neben ihm standen. Schon ein irres Gef\u00fchl, so dicht in freier Natur neben so einem Tier zu stehen. Die Seitenscheibe blieb aber sicherheitshalber geschlossen, da wir nur einen Meter zwischen uns hatten.<br \/>\n<figure id=\"attachment_2718\" aria-describedby=\"caption-attachment-2718\" style=\"width: 840px\" class=\"wp-caption aligncenter\"><a href=\"https:\/\/urlaub.vogt-clan.de\/wp-content\/uploads\/2016\/09\/image-19-e1473263732673.jpeg\"><img loading=\"lazy\" decoding=\"async\" src=\"https:\/\/urlaub.vogt-clan.de\/wp-content\/uploads\/2016\/09\/image-19-1024x768.jpeg\" alt=\"L\u00f6we auf Pad\" width=\"840\" height=\"630\" class=\"size-large wp-image-2718\" \/><\/a><figcaption id=\"caption-attachment-2718\" class=\"wp-caption-text\">L\u00f6we auf Pad<\/figcaption><\/figure><br \/>\n<figure id=\"attachment_2713\" aria-describedby=\"caption-attachment-2713\" style=\"width: 840px\" class=\"wp-caption aligncenter\"><a href=\"https:\/\/urlaub.vogt-clan.de\/wp-content\/uploads\/2016\/09\/image-16-e1473262589457.jpeg\"><img loading=\"lazy\" decoding=\"async\" src=\"https:\/\/urlaub.vogt-clan.de\/wp-content\/uploads\/2016\/09\/image-16-1024x768.jpeg\" alt=\"L\u00f6we n\u00e4her\" width=\"840\" height=\"630\" class=\"size-large wp-image-2713\" \/><\/a><figcaption id=\"caption-attachment-2713\" class=\"wp-caption-text\">L\u00f6we n\u00e4her<\/figcaption><\/figure><br \/>\n<figure id=\"attachment_2712\" aria-describedby=\"caption-attachment-2712\" style=\"width: 840px\" class=\"wp-caption aligncenter\"><a href=\"https:\/\/urlaub.vogt-clan.de\/wp-content\/uploads\/2016\/09\/image-15-e1473262640752.jpeg\"><img loading=\"lazy\" decoding=\"async\" src=\"https:\/\/urlaub.vogt-clan.de\/wp-content\/uploads\/2016\/09\/image-15-1024x768.jpeg\" alt=\"Karl mit L\u00f6we\" width=\"840\" height=\"630\" class=\"size-large wp-image-2712\" \/><\/a><figcaption id=\"caption-attachment-2712\" class=\"wp-caption-text\">Karl mit L\u00f6we<\/figcaption><\/figure><\/p>\n<p>Damit war bereits um 7:30 Uhr der Tag gerettet, aber nur 500 Meter danach lag dann auch noch eine L\u00f6win auf dem Weg. Neben ihr sind wir dann sogar noch einige hundert Meter parallel gefahren, bis wir sie im Schritttempo \u00fcberholt haben.<br \/>\n<figure id=\"attachment_2714\" aria-describedby=\"caption-attachment-2714\" style=\"width: 840px\" class=\"wp-caption aligncenter\"><a href=\"https:\/\/urlaub.vogt-clan.de\/wp-content\/uploads\/2016\/09\/image-17-e1473262701655.jpeg\"><img loading=\"lazy\" decoding=\"async\" src=\"https:\/\/urlaub.vogt-clan.de\/wp-content\/uploads\/2016\/09\/image-17-1024x768.jpeg\" alt=\"L\u00f6win mit Verletzung\" width=\"840\" height=\"630\" class=\"size-large wp-image-2714\" \/><\/a><figcaption id=\"caption-attachment-2714\" class=\"wp-caption-text\">L\u00f6win mit Verletzung<\/figcaption><\/figure><\/p>\n<div style=\"width: 840px;\" class=\"wp-video\"><video class=\"wp-video-shortcode\" id=\"video-2693-1\" width=\"840\" height=\"473\" preload=\"metadata\" controls=\"controls\"><source type=\"video\/mp4\" src=\"https:\/\/urlaub.vogt-clan.de\/wp-content\/uploads\/2016\/09\/GOPR1157-0001-0001.mp4?_=1\" \/><a href=\"https:\/\/urlaub.vogt-clan.de\/wp-content\/uploads\/2016\/09\/GOPR1157-0001-0001.mp4\">https:\/\/urlaub.vogt-clan.de\/wp-content\/uploads\/2016\/09\/GOPR1157-0001-0001.mp4<\/a><\/video><\/div>\n<p>Gegen Mittag dann wieder eine Gepardin mit 3 Jungen, hier noch einige Fotos:<\/p>\n<figure id=\"attachment_2724\" aria-describedby=\"caption-attachment-2724\" style=\"width: 840px\" class=\"wp-caption aligncenter\"><a href=\"https:\/\/urlaub.vogt-clan.de\/wp-content\/uploads\/2016\/09\/image-23-e1473274478675.jpeg\"><img loading=\"lazy\" decoding=\"async\" src=\"https:\/\/urlaub.vogt-clan.de\/wp-content\/uploads\/2016\/09\/image-23-1024x768.jpeg\" alt=\"Geparden Junge\" width=\"840\" height=\"630\" class=\"size-large wp-image-2724\" \/><\/a><figcaption id=\"caption-attachment-2724\" class=\"wp-caption-text\">Geparden Junge<\/figcaption><\/figure>\n<figure id=\"attachment_2726\" aria-describedby=\"caption-attachment-2726\" style=\"width: 840px\" class=\"wp-caption aligncenter\"><a href=\"https:\/\/urlaub.vogt-clan.de\/wp-content\/uploads\/2016\/09\/image-25-e1473274563471.jpeg\"><img loading=\"lazy\" decoding=\"async\" src=\"https:\/\/urlaub.vogt-clan.de\/wp-content\/uploads\/2016\/09\/image-25-1024x768.jpeg\" alt=\"Karl (Vordergrund) vor Springb\u00f6cken\" width=\"840\" height=\"630\" class=\"size-large wp-image-2726\" \/><\/a><figcaption id=\"caption-attachment-2726\" class=\"wp-caption-text\">Karl (Vordergrund) vor Springb\u00f6cken<\/figcaption><\/figure>\n<figure id=\"attachment_2725\" aria-describedby=\"caption-attachment-2725\" style=\"width: 840px\" class=\"wp-caption aligncenter\"><a href=\"https:\/\/urlaub.vogt-clan.de\/wp-content\/uploads\/2016\/09\/image-24-e1473274744252.jpeg\"><img loading=\"lazy\" decoding=\"async\" src=\"https:\/\/urlaub.vogt-clan.de\/wp-content\/uploads\/2016\/09\/image-24-1024x768.jpeg\" alt=\"Strau\u00df auf Stra\u00dfe\" width=\"840\" height=\"630\" class=\"size-large wp-image-2725\" \/><\/a><figcaption id=\"caption-attachment-2725\" class=\"wp-caption-text\">Strau\u00df auf Stra\u00dfe<\/figcaption><\/figure>\n<figure id=\"attachment_2723\" aria-describedby=\"caption-attachment-2723\" style=\"width: 840px\" class=\"wp-caption aligncenter\"><a href=\"https:\/\/urlaub.vogt-clan.de\/wp-content\/uploads\/2016\/09\/image-22-e1473274815473.jpeg\"><img loading=\"lazy\" decoding=\"async\" src=\"https:\/\/urlaub.vogt-clan.de\/wp-content\/uploads\/2016\/09\/image-22-1024x768.jpeg\" alt=\"Riesentrappe\" width=\"840\" height=\"630\" class=\"size-large wp-image-2723\" \/><\/a><figcaption id=\"caption-attachment-2723\" class=\"wp-caption-text\">Riesentrappe<\/figcaption><\/figure>\n<p><figure id=\"attachment_2722\" aria-describedby=\"caption-attachment-2722\" style=\"width: 840px\" class=\"wp-caption aligncenter\"><a href=\"https:\/\/urlaub.vogt-clan.de\/wp-content\/uploads\/2016\/09\/image-21-e1473274914765.jpeg\"><img loading=\"lazy\" decoding=\"async\" src=\"https:\/\/urlaub.vogt-clan.de\/wp-content\/uploads\/2016\/09\/image-21-1024x768.jpeg\" alt=\"Schakal\" width=\"840\" height=\"630\" class=\"size-large wp-image-2722\" \/><\/a><figcaption id=\"caption-attachment-2722\" class=\"wp-caption-text\">Schakal<\/figcaption><\/figure><br \/>\nGanz entspannt konnten wir dann unser Chalet beziehen und waren uns einig, dass wir heute keine abendliche Fahrt mehr unternehmen, das Ganze kann nicht mehr getoppt werden. Noch ein guter Sonnenuntergang, dann w\u00fcrde der Grill befeuert und wir k\u00f6nnten bei Wein und Steak den Tag noch einmal betrachten.<br \/>\n<figure id=\"attachment_2720\" aria-describedby=\"caption-attachment-2720\" style=\"width: 840px\" class=\"wp-caption aligncenter\"><a href=\"https:\/\/urlaub.vogt-clan.de\/wp-content\/uploads\/2016\/09\/image-20-e1473264504249.jpeg\"><img loading=\"lazy\" decoding=\"async\" src=\"https:\/\/urlaub.vogt-clan.de\/wp-content\/uploads\/2016\/09\/image-20-1024x768.jpeg\" alt=\"Sonnenuntergang\" width=\"840\" height=\"630\" class=\"size-large wp-image-2720\" \/><\/a><figcaption id=\"caption-attachment-2720\" class=\"wp-caption-text\">Sonnenuntergang<\/figcaption><\/figure><\/p>\n<p>Am Mittwoch geht es dann zur\u00fcck zum Parkeingang im S\u00fcden, wieder nach Twee Rivieren.<\/p>\n","protected":false},"excerpt":{"rendered":"<p>Den 05.09. haben wir mit Pirschfahrten weiter in den Parknorden verbracht, waren aber vormittags nur m\u00e4\u00dfig erfolgreich. Alle m\u00f6glichen Antilopenarten, aber keine Raubtiere. Am Nachmittag sind wir dann noch einmal ein St\u00fcck in den S\u00fcden gefahren und dann ging es Schlag auf Schlag: Erst 2 L\u00f6wen, die ihre frische Beute, eine Art Gnu, verspeisten. Das &hellip; <a href=\"https:\/\/urlaub.vogt-clan.de\/?p=2693\" class=\"more-link\"><span class=\"screen-reader-text\">\u201eNossob und Mata Mata\u201c <\/span>weiterlesen<\/a><\/p>\n","protected":false},"author":3,"featured_media":0,"comment_status":"open","ping_status":"open","sticky":false,"template":"","format":"standard","meta":{"_s2mail":"yes","footnotes":""},"categories":[276],"tags":[255,283],"class_list":["post-2693","post","type-post","status-publish","format-standard","hentry","category-afrika16","tag-afrika","tag-suedafrika"],"jetpack_featured_media_url":"","_links":{"self":[{"href":"https:\/\/urlaub.vogt-clan.de\/index.php?rest_route=\/wp\/v2\/posts\/2693","targetHints":{"allow":["GET"]}}],"collection":[{"href":"https:\/\/urlaub.vogt-clan.de\/index.php?rest_route=\/wp\/v2\/posts"}],"about":[{"href":"https:\/\/urlaub.vogt-clan.de\/index.php?rest_route=\/wp\/v2\/types\/post"}],"author":[{"embeddable":true,"href":"https:\/\/urlaub.vogt-clan.de\/index.php?rest_route=\/wp\/v2\/users\/3"}],"replies":[{"embeddable":true,"href":"https:\/\/urlaub.vogt-clan.de\/index.php?rest_route=%2Fwp%2Fv2%2Fcomments&post=2693"}],"version-history":[{"count":8,"href":"https:\/\/urlaub.vogt-clan.de\/index.php?rest_route=\/wp\/v2\/posts\/2693\/revisions"}],"predecessor-version":[{"id":2830,"href":"https:\/\/urlaub.vogt-clan.de\/index.php?rest_route=\/wp\/v2\/posts\/2693\/revisions\/2830"}],"wp:attachment":[{"href":"https:\/\/urlaub.vogt-clan.de\/index.php?rest_route=%2Fwp%2Fv2%2Fmedia&parent=2693"}],"wp:term":[{"taxonomy":"category","embeddable":true,"href":"https:\/\/urlaub.vogt-clan.de\/index.php?rest_route=%2Fwp%2Fv2%2Fcategories&post=2693"},{"taxonomy":"post_tag","embeddable":true,"href":"https:\/\/urlaub.vogt-clan.de\/index.php?rest_route=%2Fwp%2Fv2%2Ftags&post=2693"}],"curies":[{"name":"wp","href":"https:\/\/api.w.org\/{rel}","templated":true}]}}