{"id":2610,"date":"2016-06-16T21:50:18","date_gmt":"2016-06-16T19:50:18","guid":{"rendered":"http:\/\/urlaub.vogt-clan.de\/?p=2610"},"modified":"2016-07-04T21:50:36","modified_gmt":"2016-07-04T19:50:36","slug":"16-06-2016-lechbruck-nach-brunnen","status":"publish","type":"post","link":"https:\/\/urlaub.vogt-clan.de\/?p=2610","title":{"rendered":"16.06.2016 &#8211; Lechbruck nach Brunnen"},"content":{"rendered":"<p>Bei bestem Wetter f\u00fchrt uns der Weg zuerst wieder am Lech und dann im weiteren Verlauf an einem Stausee entlang. Die Berge kommen immer n\u00e4her und heute werden wir wohl Schloss Neuschwanstein sehen.<br \/>\n<figure id=\"attachment_2612\" aria-describedby=\"caption-attachment-2612\" style=\"width: 840px\" class=\"wp-caption aligncenter\"><a href=\"https:\/\/urlaub.vogt-clan.de\/wp-content\/uploads\/2016\/07\/P1030684-e1467654513196.jpg\"><img loading=\"lazy\" decoding=\"async\" src=\"https:\/\/urlaub.vogt-clan.de\/wp-content\/uploads\/2016\/07\/P1030684-1024x768.jpg\" alt=\"Lech\" width=\"840\" height=\"630\" class=\"size-large wp-image-2612\" \/><\/a><figcaption id=\"caption-attachment-2612\" class=\"wp-caption-text\">Lech<\/figcaption><\/figure><br \/>\n<figure id=\"attachment_2613\" aria-describedby=\"caption-attachment-2613\" style=\"width: 840px\" class=\"wp-caption aligncenter\"><a href=\"https:\/\/urlaub.vogt-clan.de\/wp-content\/uploads\/2016\/07\/P1030687-e1467654587186.jpg\"><img loading=\"lazy\" decoding=\"async\" src=\"https:\/\/urlaub.vogt-clan.de\/wp-content\/uploads\/2016\/07\/P1030687-1024x768.jpg\" alt=\"Lechsee mit Ammergauer Alpen\" width=\"840\" height=\"630\" class=\"size-large wp-image-2613\" \/><\/a><figcaption id=\"caption-attachment-2613\" class=\"wp-caption-text\">Lechsee mit Ammergauer Alpen<\/figcaption><\/figure><\/p>\n<p>Die Wanderung f\u00fchrt uns durch kleine Ortschaften und dann am Forggensee entlang nach Brunnen. Unterwegs der erste Blick auf das Schloss.<br \/>\n<figure id=\"attachment_2614\" aria-describedby=\"caption-attachment-2614\" style=\"width: 840px\" class=\"wp-caption aligncenter\"><a href=\"https:\/\/urlaub.vogt-clan.de\/wp-content\/uploads\/2016\/07\/P1030690-e1467654843342.jpg\"><img loading=\"lazy\" decoding=\"async\" src=\"https:\/\/urlaub.vogt-clan.de\/wp-content\/uploads\/2016\/07\/P1030690-1024x768.jpg\" alt=\"Schneebedeckte Gipfel\" width=\"840\" height=\"630\" class=\"size-large wp-image-2614\" \/><\/a><figcaption id=\"caption-attachment-2614\" class=\"wp-caption-text\">Schneebedeckte Gipfel<\/figcaption><\/figure><br \/>\n<figure id=\"attachment_2615\" aria-describedby=\"caption-attachment-2615\" style=\"width: 840px\" class=\"wp-caption aligncenter\"><a href=\"https:\/\/urlaub.vogt-clan.de\/wp-content\/uploads\/2016\/07\/P1030695-e1467654894808.jpg\"><img loading=\"lazy\" decoding=\"async\" src=\"https:\/\/urlaub.vogt-clan.de\/wp-content\/uploads\/2016\/07\/P1030695-1024x768.jpg\" alt=\"Erster Blick auf Neuschwanstein\" width=\"840\" height=\"630\" class=\"size-large wp-image-2615\" \/><\/a><figcaption id=\"caption-attachment-2615\" class=\"wp-caption-text\">Erster Blick auf Neuschwanstein<\/figcaption><\/figure><\/p>\n<p>Wir beziehen am Nachmittag unser Quartier im Hotel Huberhof und erhalten ein Zimmer mit sch\u00f6nem Balkon nach hinten mit Blick auf die Berge. Da wir noch nicht genug gelaufen sind, gehen wir noch nach Schwangau zum Einkaufen und zur\u00fcck, so kommen wir locker auf 25 Kilometer an diesem Tag.<\/p>\n","protected":false},"excerpt":{"rendered":"<p>Bei bestem Wetter f\u00fchrt uns der Weg zuerst wieder am Lech und dann im weiteren Verlauf an einem Stausee entlang. Die Berge kommen immer n\u00e4her und heute werden wir wohl Schloss Neuschwanstein sehen. Die Wanderung f\u00fchrt uns durch kleine Ortschaften und dann am Forggensee entlang nach Brunnen. Unterwegs der erste Blick auf das Schloss. Wir &hellip; <a href=\"https:\/\/urlaub.vogt-clan.de\/?p=2610\" class=\"more-link\"><span class=\"screen-reader-text\">\u201e16.06.2016 &#8211; Lechbruck nach Brunnen\u201c <\/span>weiterlesen<\/a><\/p>\n","protected":false},"author":3,"featured_media":0,"comment_status":"open","ping_status":"open","sticky":false,"template":"","format":"standard","meta":{"_s2mail":"yes","footnotes":""},"categories":[278],"tags":[280,279,281],"class_list":["post-2610","post","type-post","status-publish","format-standard","hentry","category-klw15","tag-bayern","tag-deutschland","tag-wandern"],"jetpack_featured_media_url":"","_links":{"self":[{"href":"https:\/\/urlaub.vogt-clan.de\/index.php?rest_route=\/wp\/v2\/posts\/2610","targetHints":{"allow":["GET"]}}],"collection":[{"href":"https:\/\/urlaub.vogt-clan.de\/index.php?rest_route=\/wp\/v2\/posts"}],"about":[{"href":"https:\/\/urlaub.vogt-clan.de\/index.php?rest_route=\/wp\/v2\/types\/post"}],"author":[{"embeddable":true,"href":"https:\/\/urlaub.vogt-clan.de\/index.php?rest_route=\/wp\/v2\/users\/3"}],"replies":[{"embeddable":true,"href":"https:\/\/urlaub.vogt-clan.de\/index.php?rest_route=%2Fwp%2Fv2%2Fcomments&post=2610"}],"version-history":[{"count":3,"href":"https:\/\/urlaub.vogt-clan.de\/index.php?rest_route=\/wp\/v2\/posts\/2610\/revisions"}],"predecessor-version":[{"id":2617,"href":"https:\/\/urlaub.vogt-clan.de\/index.php?rest_route=\/wp\/v2\/posts\/2610\/revisions\/2617"}],"wp:attachment":[{"href":"https:\/\/urlaub.vogt-clan.de\/index.php?rest_route=%2Fwp%2Fv2%2Fmedia&parent=2610"}],"wp:term":[{"taxonomy":"category","embeddable":true,"href":"https:\/\/urlaub.vogt-clan.de\/index.php?rest_route=%2Fwp%2Fv2%2Fcategories&post=2610"},{"taxonomy":"post_tag","embeddable":true,"href":"https:\/\/urlaub.vogt-clan.de\/index.php?rest_route=%2Fwp%2Fv2%2Ftags&post=2610"}],"curies":[{"name":"wp","href":"https:\/\/api.w.org\/{rel}","templated":true}]}}