{"id":2597,"date":"2016-06-15T21:49:43","date_gmt":"2016-06-15T19:49:43","guid":{"rendered":"http:\/\/urlaub.vogt-clan.de\/?p=2597"},"modified":"2016-07-04T21:50:01","modified_gmt":"2016-07-04T19:50:01","slug":"15-06-2016-wildsteig-nach-lechbruck","status":"publish","type":"post","link":"https:\/\/urlaub.vogt-clan.de\/?p=2597","title":{"rendered":"15.06.2016 &#8211; Wildsteig nach Lechbruck"},"content":{"rendered":"<p>Heute f\u00fchrt uns der Weg nach Lechbruck, ein St\u00fcck abseits des eigentlichen Wanderwegs. Wir starten um 9:00 Uhr und erfreuen uns schon beim Start am guten Wetter.<br \/>\n<figure id=\"attachment_2598\" aria-describedby=\"caption-attachment-2598\" style=\"width: 768px\" class=\"wp-caption aligncenter\"><a href=\"https:\/\/urlaub.vogt-clan.de\/wp-content\/uploads\/2016\/07\/P1030616-e1467652572497.jpg\"><img loading=\"lazy\" decoding=\"async\" src=\"https:\/\/urlaub.vogt-clan.de\/wp-content\/uploads\/2016\/07\/P1030616-e1467652572497-768x1024.jpg\" alt=\"Brunnen in Wildsteig\" width=\"768\" height=\"1024\" class=\"size-large wp-image-2598\" srcset=\"https:\/\/urlaub.vogt-clan.de\/wp-content\/uploads\/2016\/07\/P1030616-e1467652572497-768x1024.jpg 768w, https:\/\/urlaub.vogt-clan.de\/wp-content\/uploads\/2016\/07\/P1030616-e1467652572497-225x300.jpg 225w, https:\/\/urlaub.vogt-clan.de\/wp-content\/uploads\/2016\/07\/P1030616-e1467652572497-1200x1600.jpg 1200w, https:\/\/urlaub.vogt-clan.de\/wp-content\/uploads\/2016\/07\/P1030616-e1467652572497.jpg 1500w\" sizes=\"auto, (max-width: 709px) 85vw, (max-width: 909px) 67vw, (max-width: 984px) 61vw, (max-width: 1362px) 45vw, 600px\" \/><\/a><figcaption id=\"caption-attachment-2598\" class=\"wp-caption-text\">Brunnen in Wildsteig<\/figcaption><\/figure><\/p>\n<p>Die Berge scheinen heute zum Greifen nah und selbst Karl traut sich mal aus dem Rucksack hervor.<br \/>\n<figure id=\"attachment_2599\" aria-describedby=\"caption-attachment-2599\" style=\"width: 840px\" class=\"wp-caption aligncenter\"><a href=\"https:\/\/urlaub.vogt-clan.de\/wp-content\/uploads\/2016\/07\/P1030625-e1467652661630.jpg\"><img loading=\"lazy\" decoding=\"async\" src=\"https:\/\/urlaub.vogt-clan.de\/wp-content\/uploads\/2016\/07\/P1030625-1024x768.jpg\" alt=\"Was f\u00fcr ein Blick\" width=\"840\" height=\"630\" class=\"size-large wp-image-2599\" \/><\/a><figcaption id=\"caption-attachment-2599\" class=\"wp-caption-text\">Was f\u00fcr ein Blick<\/figcaption><\/figure><br \/>\n<figure id=\"attachment_2600\" aria-describedby=\"caption-attachment-2600\" style=\"width: 840px\" class=\"wp-caption aligncenter\"><a href=\"https:\/\/urlaub.vogt-clan.de\/wp-content\/uploads\/2016\/07\/P1030628-e1467652708484.jpg\"><img loading=\"lazy\" decoding=\"async\" src=\"https:\/\/urlaub.vogt-clan.de\/wp-content\/uploads\/2016\/07\/P1030628-1024x768.jpg\" alt=\"Karl als Wegweiser\" width=\"840\" height=\"630\" class=\"size-large wp-image-2600\" \/><\/a><figcaption id=\"caption-attachment-2600\" class=\"wp-caption-text\">Karl als Wegweiser<\/figcaption><\/figure><\/p>\n<p>An der Wieskirche sind wir kurz nach 10:00 Uhr und daher beschr\u00e4nken wir uns auf ein paar Bilder von au\u00dfen. Leider ist an dieser Stelle die Wegbeschreibung etwas ungenau und die Beschilderung l\u00e4sst auch zu w\u00fcnschen \u00fcbrig. Zum Gl\u00fcck erkl\u00e4rt uns eine Kioskverk\u00e4uferin, wo es lang geht (unter einer Tennenzufahrt drunter her) und so finden wir den Einstieg zum &#8216;Brettleweg&#8217; Richtung Steingaden.<br \/>\n<figure id=\"attachment_2601\" aria-describedby=\"caption-attachment-2601\" style=\"width: 768px\" class=\"wp-caption aligncenter\"><a href=\"https:\/\/urlaub.vogt-clan.de\/wp-content\/uploads\/2016\/07\/P1030640-e1467653199829.jpg\"><img loading=\"lazy\" decoding=\"async\" src=\"https:\/\/urlaub.vogt-clan.de\/wp-content\/uploads\/2016\/07\/P1030640-e1467653199829-768x1024.jpg\" alt=\"Brettleweg durchs Moor\" width=\"768\" height=\"1024\" class=\"size-large wp-image-2601\" srcset=\"https:\/\/urlaub.vogt-clan.de\/wp-content\/uploads\/2016\/07\/P1030640-e1467653199829-768x1024.jpg 768w, https:\/\/urlaub.vogt-clan.de\/wp-content\/uploads\/2016\/07\/P1030640-e1467653199829-225x300.jpg 225w, https:\/\/urlaub.vogt-clan.de\/wp-content\/uploads\/2016\/07\/P1030640-e1467653199829-1200x1600.jpg 1200w, https:\/\/urlaub.vogt-clan.de\/wp-content\/uploads\/2016\/07\/P1030640-e1467653199829.jpg 1500w\" sizes=\"auto, (max-width: 709px) 85vw, (max-width: 909px) 67vw, (max-width: 984px) 61vw, (max-width: 1362px) 45vw, 600px\" \/><\/a><figcaption id=\"caption-attachment-2601\" class=\"wp-caption-text\">Brettleweg durchs Moor<\/figcaption><\/figure><\/p>\n<p>Der Weg ist wundersch\u00f6n und f\u00fchrt durch Wald und an einem Bach entlang. In Steingaden werfen wir einen Blick in das Welfenm\u00fcnster und z\u00fcnden nat\u00fcrlich wieder Kerzen an. Hat ja bisher gr\u00f6\u00dfenteils geholfen.<br \/>\n<figure id=\"attachment_2602\" aria-describedby=\"caption-attachment-2602\" style=\"width: 840px\" class=\"wp-caption aligncenter\"><a href=\"https:\/\/urlaub.vogt-clan.de\/wp-content\/uploads\/2016\/07\/P1030643-e1467653392634.jpg\"><img loading=\"lazy\" decoding=\"async\" src=\"https:\/\/urlaub.vogt-clan.de\/wp-content\/uploads\/2016\/07\/P1030643-1024x768.jpg\" alt=\"Wanderweg\" width=\"840\" height=\"630\" class=\"size-large wp-image-2602\" \/><\/a><figcaption id=\"caption-attachment-2602\" class=\"wp-caption-text\">Wanderweg<\/figcaption><\/figure><br \/>\n<figure id=\"attachment_2603\" aria-describedby=\"caption-attachment-2603\" style=\"width: 840px\" class=\"wp-caption aligncenter\"><a href=\"https:\/\/urlaub.vogt-clan.de\/wp-content\/uploads\/2016\/07\/P1030647-e1467653440440.jpg\"><img loading=\"lazy\" decoding=\"async\" src=\"https:\/\/urlaub.vogt-clan.de\/wp-content\/uploads\/2016\/07\/P1030647-1024x768.jpg\" alt=\"Klsterkirche Steingaden\" width=\"840\" height=\"630\" class=\"size-large wp-image-2603\" \/><\/a><figcaption id=\"caption-attachment-2603\" class=\"wp-caption-text\">Klosterkirche Steingaden<\/figcaption><\/figure><\/p>\n<p>Nachdem wir die Au\u00dfenstelle der JVA Landsberg passiert haben (hier sa\u00df ein Bayern-Funktion\u00e4r als Freig\u00e4nger ein), kommen wir bald an den Lech, an dessen Ufer wir bis nach Lechbruck laufen.<br \/>\n<figure id=\"attachment_2604\" aria-describedby=\"caption-attachment-2604\" style=\"width: 840px\" class=\"wp-caption aligncenter\"><a href=\"https:\/\/urlaub.vogt-clan.de\/wp-content\/uploads\/2016\/07\/P1030668-e1467653899604.jpg\"><img loading=\"lazy\" decoding=\"async\" src=\"https:\/\/urlaub.vogt-clan.de\/wp-content\/uploads\/2016\/07\/P1030668-1024x768.jpg\" alt=\"Hotel? Nein, Gef\u00e4ngnis\" width=\"840\" height=\"630\" class=\"size-large wp-image-2604\" \/><\/a><figcaption id=\"caption-attachment-2604\" class=\"wp-caption-text\">Hotel? Nein, Gef\u00e4ngnis<\/figcaption><\/figure><br \/>\n<figure id=\"attachment_2605\" aria-describedby=\"caption-attachment-2605\" style=\"width: 840px\" class=\"wp-caption aligncenter\"><a href=\"https:\/\/urlaub.vogt-clan.de\/wp-content\/uploads\/2016\/07\/P1030675-e1467653959779.jpg\"><img loading=\"lazy\" decoding=\"async\" src=\"https:\/\/urlaub.vogt-clan.de\/wp-content\/uploads\/2016\/07\/P1030675-1024x768.jpg\" alt=\"Viel Wasser im Lech\" width=\"840\" height=\"630\" class=\"size-large wp-image-2605\" \/><\/a><figcaption id=\"caption-attachment-2605\" class=\"wp-caption-text\">Viel Wasser im Lech<\/figcaption><\/figure><\/p>\n<p>Nach ca. 22 km erreichen wir die Pension Elisa, zu der wir nichts Weiteres sagen. Au\u00dfer vielleicht, dass der Weg zur Toilette einen Limbo vorbei am Waschbecken notwendig machte &#8230;<\/p>\n","protected":false},"excerpt":{"rendered":"<p>Heute f\u00fchrt uns der Weg nach Lechbruck, ein St\u00fcck abseits des eigentlichen Wanderwegs. Wir starten um 9:00 Uhr und erfreuen uns schon beim Start am guten Wetter. Die Berge scheinen heute zum Greifen nah und selbst Karl traut sich mal aus dem Rucksack hervor. An der Wieskirche sind wir kurz nach 10:00 Uhr und daher &hellip; <a href=\"https:\/\/urlaub.vogt-clan.de\/?p=2597\" class=\"more-link\"><span class=\"screen-reader-text\">\u201e15.06.2016 &#8211; Wildsteig nach Lechbruck\u201c <\/span>weiterlesen<\/a><\/p>\n","protected":false},"author":3,"featured_media":0,"comment_status":"open","ping_status":"open","sticky":false,"template":"","format":"standard","meta":{"_s2mail":"yes","footnotes":""},"categories":[278],"tags":[280,279,281],"class_list":["post-2597","post","type-post","status-publish","format-standard","hentry","category-klw15","tag-bayern","tag-deutschland","tag-wandern"],"jetpack_featured_media_url":"","_links":{"self":[{"href":"https:\/\/urlaub.vogt-clan.de\/index.php?rest_route=\/wp\/v2\/posts\/2597","targetHints":{"allow":["GET"]}}],"collection":[{"href":"https:\/\/urlaub.vogt-clan.de\/index.php?rest_route=\/wp\/v2\/posts"}],"about":[{"href":"https:\/\/urlaub.vogt-clan.de\/index.php?rest_route=\/wp\/v2\/types\/post"}],"author":[{"embeddable":true,"href":"https:\/\/urlaub.vogt-clan.de\/index.php?rest_route=\/wp\/v2\/users\/3"}],"replies":[{"embeddable":true,"href":"https:\/\/urlaub.vogt-clan.de\/index.php?rest_route=%2Fwp%2Fv2%2Fcomments&post=2597"}],"version-history":[{"count":4,"href":"https:\/\/urlaub.vogt-clan.de\/index.php?rest_route=\/wp\/v2\/posts\/2597\/revisions"}],"predecessor-version":[{"id":2609,"href":"https:\/\/urlaub.vogt-clan.de\/index.php?rest_route=\/wp\/v2\/posts\/2597\/revisions\/2609"}],"wp:attachment":[{"href":"https:\/\/urlaub.vogt-clan.de\/index.php?rest_route=%2Fwp%2Fv2%2Fmedia&parent=2597"}],"wp:term":[{"taxonomy":"category","embeddable":true,"href":"https:\/\/urlaub.vogt-clan.de\/index.php?rest_route=%2Fwp%2Fv2%2Fcategories&post=2597"},{"taxonomy":"post_tag","embeddable":true,"href":"https:\/\/urlaub.vogt-clan.de\/index.php?rest_route=%2Fwp%2Fv2%2Ftags&post=2597"}],"curies":[{"name":"wp","href":"https:\/\/api.w.org\/{rel}","templated":true}]}}