{"id":2582,"date":"2016-06-14T21:49:04","date_gmt":"2016-06-14T19:49:04","guid":{"rendered":"http:\/\/urlaub.vogt-clan.de\/?p=2582"},"modified":"2016-07-04T21:49:23","modified_gmt":"2016-07-04T19:49:23","slug":"14-06-2016-peiting-nach-wildsteig","status":"publish","type":"post","link":"https:\/\/urlaub.vogt-clan.de\/?p=2582","title":{"rendered":"14.06.2016 &#8211; Peiting nach Wildsteig"},"content":{"rendered":"<p>Heute steht eigentlich die Ammerschlucht auf dem Programm, aber die Aussagen zur Begehbarkeit sind recht unterschiedlich. Bei der gestrigen Bahnfahrt erz\u00e4hlte uns eine junge Frau, man k\u00f6nnte problemlos durch die Schlucht. Bereits in Starnberg wurde uns seitens des Veranstalters allerdings mitgeteilt, dass die Schlucht nach tagelangem Regen kritisch und sehr rutschig sein k\u00f6nnte.<\/p>\n<p>Also gehen wir morgens zur Touristinformation und fragen dort nach. Die Mitarbeiterin erz\u00e4hlt uns von schmalen Steigen, die teilweise ohne Gel\u00e4nder an den H\u00e4ngen entlang f\u00fchren und bei diesem Wetter wahrscheinlich sehr rutschig sind. Die alles entscheidende Frage: &#8220;W\u00fcrden Sie heute durch die Schlucht wandern?&#8221; beantwortet sie mit einem &#8220;auf keinen Fall&#8221;. Damit ist diese Frage gekl\u00e4rt und wir laufen die Alternativstrecke, leider Anfangs entlang der Bundestra\u00dfe auf einem Fu\u00df-\/Fahrradweg.<br \/>\nVorher z\u00fcnden wir noch schnell in der Kirche St. Michael zwei Kerzen f\u00fcr eine regenfreie Wanderung an (hat geklappt \ud83d\ude09 ).<br \/>\n<figure id=\"attachment_2585\" aria-describedby=\"caption-attachment-2585\" style=\"width: 840px\" class=\"wp-caption aligncenter\"><a href=\"https:\/\/urlaub.vogt-clan.de\/wp-content\/uploads\/2016\/07\/P1030558-e1467648908721.jpg\"><img loading=\"lazy\" decoding=\"async\" src=\"https:\/\/urlaub.vogt-clan.de\/wp-content\/uploads\/2016\/07\/P1030558-1024x768.jpg\" alt=\"St. Michael in Peiting\" width=\"840\" height=\"630\" class=\"size-large wp-image-2585\" \/><\/a><figcaption id=\"caption-attachment-2585\" class=\"wp-caption-text\">St. Michael in Peiting<\/figcaption><\/figure><br \/>\n<figure id=\"attachment_2586\" aria-describedby=\"caption-attachment-2586\" style=\"width: 840px\" class=\"wp-caption aligncenter\"><a href=\"https:\/\/urlaub.vogt-clan.de\/wp-content\/uploads\/2016\/07\/P1030565-e1467648999971.jpg\"><img loading=\"lazy\" decoding=\"async\" src=\"https:\/\/urlaub.vogt-clan.de\/wp-content\/uploads\/2016\/07\/P1030565-1024x768.jpg\" alt=\"Gutes Wetter\" width=\"840\" height=\"630\" class=\"size-large wp-image-2586\" \/><\/a><figcaption id=\"caption-attachment-2586\" class=\"wp-caption-text\">Gutes Wetter<\/figcaption><\/figure><\/p>\n<p>Nach ca. 7 km weist uns das GPS-Ger\u00e4t darauf hin, dass wir nun die Bundesstra\u00dfe verlassen und einen Wanderweg etwas abseits laufen k\u00f6nnen. Das f\u00fchrt uns dann zum Rottenbucher Pestfriedhof, der um 1634 anl\u00e4sslich eines gro\u00dfen Pestausbruchs entstanden ist. Dieser Ausbruch war \u00fcbrigens der Anlass f\u00fcr das Oberammergauer Pestgel\u00fcbde und damit Geburtsstunde der Passionsspiele.<br \/>\n<figure id=\"attachment_2588\" aria-describedby=\"caption-attachment-2588\" style=\"width: 840px\" class=\"wp-caption aligncenter\"><a href=\"https:\/\/urlaub.vogt-clan.de\/wp-content\/uploads\/2016\/07\/P1030570-e1467651558115.jpg\"><img loading=\"lazy\" decoding=\"async\" src=\"https:\/\/urlaub.vogt-clan.de\/wp-content\/uploads\/2016\/07\/P1030570-1024x768.jpg\" alt=\"Pestfriedhof ...\" width=\"840\" height=\"630\" class=\"size-large wp-image-2588\" \/><\/a><figcaption id=\"caption-attachment-2588\" class=\"wp-caption-text\">Pestfriedhof &#8230;<\/figcaption><\/figure><br \/>\n<figure id=\"attachment_2589\" aria-describedby=\"caption-attachment-2589\" style=\"width: 768px\" class=\"wp-caption aligncenter\"><a href=\"https:\/\/urlaub.vogt-clan.de\/wp-content\/uploads\/2016\/07\/P1030574-e1467651616820.jpg\"><img loading=\"lazy\" decoding=\"async\" src=\"https:\/\/urlaub.vogt-clan.de\/wp-content\/uploads\/2016\/07\/P1030574-e1467651616820-768x1024.jpg\" alt=\"... und Kapelle\" width=\"768\" height=\"1024\" class=\"size-large wp-image-2589\" srcset=\"https:\/\/urlaub.vogt-clan.de\/wp-content\/uploads\/2016\/07\/P1030574-e1467651616820-768x1024.jpg 768w, https:\/\/urlaub.vogt-clan.de\/wp-content\/uploads\/2016\/07\/P1030574-e1467651616820-225x300.jpg 225w, https:\/\/urlaub.vogt-clan.de\/wp-content\/uploads\/2016\/07\/P1030574-e1467651616820-1200x1600.jpg 1200w, https:\/\/urlaub.vogt-clan.de\/wp-content\/uploads\/2016\/07\/P1030574-e1467651616820.jpg 1500w\" sizes=\"auto, (max-width: 709px) 85vw, (max-width: 909px) 67vw, (max-width: 984px) 61vw, (max-width: 1362px) 45vw, 600px\" \/><\/a><figcaption id=\"caption-attachment-2589\" class=\"wp-caption-text\">&#8230; und Kapelle<\/figcaption><\/figure><\/p>\n<p>So langsam zieht sich der Himmel zu und deshalb sind wir ganz froh, als wir nach knapp 17 km Wildsteig erreichen.<br \/>\n<figure id=\"attachment_2590\" aria-describedby=\"caption-attachment-2590\" style=\"width: 840px\" class=\"wp-caption aligncenter\"><a href=\"https:\/\/urlaub.vogt-clan.de\/wp-content\/uploads\/2016\/07\/P1030586-e1467651847875.jpg\"><img loading=\"lazy\" decoding=\"async\" src=\"https:\/\/urlaub.vogt-clan.de\/wp-content\/uploads\/2016\/07\/P1030586-1024x768.jpg\" alt=\"Der Himmel verdunkelt sich\" width=\"840\" height=\"630\" class=\"size-large wp-image-2590\" \/><\/a><figcaption id=\"caption-attachment-2590\" class=\"wp-caption-text\">Der Himmel verdunkelt sich<\/figcaption><\/figure><\/p>\n<p>Wir beziehen unser Zimmer im Hotel Zur Post und informieren uns, wann ein Bus zur Wieskirche f\u00e4hrt. Wie wir erfahren haben, ist am n\u00e4chsten Morgen ab 10:00 Uhr Gottesdienst und die Besichtigung dann unerw\u00fcnscht. Deshalb wollen wir das heute noch erledigen.<br \/>\n<figure id=\"attachment_2591\" aria-describedby=\"caption-attachment-2591\" style=\"width: 768px\" class=\"wp-caption aligncenter\"><a href=\"https:\/\/urlaub.vogt-clan.de\/wp-content\/uploads\/2016\/07\/P1030594-e1467652062335.jpg\"><img loading=\"lazy\" decoding=\"async\" src=\"https:\/\/urlaub.vogt-clan.de\/wp-content\/uploads\/2016\/07\/P1030594-e1467652062335-768x1024.jpg\" alt=\"Wieskirche\" width=\"768\" height=\"1024\" class=\"size-large wp-image-2591\" srcset=\"https:\/\/urlaub.vogt-clan.de\/wp-content\/uploads\/2016\/07\/P1030594-e1467652062335-768x1024.jpg 768w, https:\/\/urlaub.vogt-clan.de\/wp-content\/uploads\/2016\/07\/P1030594-e1467652062335-225x300.jpg 225w, https:\/\/urlaub.vogt-clan.de\/wp-content\/uploads\/2016\/07\/P1030594-e1467652062335-1200x1600.jpg 1200w, https:\/\/urlaub.vogt-clan.de\/wp-content\/uploads\/2016\/07\/P1030594-e1467652062335.jpg 1500w\" sizes=\"auto, (max-width: 709px) 85vw, (max-width: 909px) 67vw, (max-width: 984px) 61vw, (max-width: 1362px) 45vw, 600px\" \/><\/a><figcaption id=\"caption-attachment-2591\" class=\"wp-caption-text\">Wieskirche<\/figcaption><\/figure><br \/>\n<figure id=\"attachment_2592\" aria-describedby=\"caption-attachment-2592\" style=\"width: 840px\" class=\"wp-caption aligncenter\"><a href=\"https:\/\/urlaub.vogt-clan.de\/wp-content\/uploads\/2016\/07\/P1030604-e1467652128418.jpg\"><img loading=\"lazy\" decoding=\"async\" src=\"https:\/\/urlaub.vogt-clan.de\/wp-content\/uploads\/2016\/07\/P1030604-1024x768.jpg\" alt=\"Wieskirche\" width=\"840\" height=\"630\" class=\"size-large wp-image-2592\" \/><\/a><figcaption id=\"caption-attachment-2592\" class=\"wp-caption-text\">Wieskirche<\/figcaption><\/figure><br \/>\n<figure id=\"attachment_2593\" aria-describedby=\"caption-attachment-2593\" style=\"width: 840px\" class=\"wp-caption aligncenter\"><a href=\"https:\/\/urlaub.vogt-clan.de\/wp-content\/uploads\/2016\/07\/P1030614-e1467652190801.jpg\"><img loading=\"lazy\" decoding=\"async\" src=\"https:\/\/urlaub.vogt-clan.de\/wp-content\/uploads\/2016\/07\/P1030614-1024x768.jpg\" alt=\"Wieskirche Au\u00dfenansicht\" width=\"840\" height=\"630\" class=\"size-large wp-image-2593\" \/><\/a><figcaption id=\"caption-attachment-2593\" class=\"wp-caption-text\">Wieskirche Au\u00dfenansicht<\/figcaption><\/figure><\/p>\n<p>Schon ziemlich beeindruckend! Wegen des einsetzenden Regens fahren wir auch wieder mit dem Bus zur\u00fcck nach Wildsteig und sind froh, dass wir am Abend im Hotel essen k\u00f6nnen.<\/p>\n","protected":false},"excerpt":{"rendered":"<p>Heute steht eigentlich die Ammerschlucht auf dem Programm, aber die Aussagen zur Begehbarkeit sind recht unterschiedlich. Bei der gestrigen Bahnfahrt erz\u00e4hlte uns eine junge Frau, man k\u00f6nnte problemlos durch die Schlucht. Bereits in Starnberg wurde uns seitens des Veranstalters allerdings mitgeteilt, dass die Schlucht nach tagelangem Regen kritisch und sehr rutschig sein k\u00f6nnte. Also gehen &hellip; <a href=\"https:\/\/urlaub.vogt-clan.de\/?p=2582\" class=\"more-link\"><span class=\"screen-reader-text\">\u201e14.06.2016 &#8211; Peiting nach Wildsteig\u201c <\/span>weiterlesen<\/a><\/p>\n","protected":false},"author":3,"featured_media":0,"comment_status":"open","ping_status":"open","sticky":false,"template":"","format":"standard","meta":{"_s2mail":"yes","footnotes":""},"categories":[278],"tags":[280,279,281],"class_list":["post-2582","post","type-post","status-publish","format-standard","hentry","category-klw15","tag-bayern","tag-deutschland","tag-wandern"],"jetpack_featured_media_url":"","_links":{"self":[{"href":"https:\/\/urlaub.vogt-clan.de\/index.php?rest_route=\/wp\/v2\/posts\/2582","targetHints":{"allow":["GET"]}}],"collection":[{"href":"https:\/\/urlaub.vogt-clan.de\/index.php?rest_route=\/wp\/v2\/posts"}],"about":[{"href":"https:\/\/urlaub.vogt-clan.de\/index.php?rest_route=\/wp\/v2\/types\/post"}],"author":[{"embeddable":true,"href":"https:\/\/urlaub.vogt-clan.de\/index.php?rest_route=\/wp\/v2\/users\/3"}],"replies":[{"embeddable":true,"href":"https:\/\/urlaub.vogt-clan.de\/index.php?rest_route=%2Fwp%2Fv2%2Fcomments&post=2582"}],"version-history":[{"count":6,"href":"https:\/\/urlaub.vogt-clan.de\/index.php?rest_route=\/wp\/v2\/posts\/2582\/revisions"}],"predecessor-version":[{"id":2596,"href":"https:\/\/urlaub.vogt-clan.de\/index.php?rest_route=\/wp\/v2\/posts\/2582\/revisions\/2596"}],"wp:attachment":[{"href":"https:\/\/urlaub.vogt-clan.de\/index.php?rest_route=%2Fwp%2Fv2%2Fmedia&parent=2582"}],"wp:term":[{"taxonomy":"category","embeddable":true,"href":"https:\/\/urlaub.vogt-clan.de\/index.php?rest_route=%2Fwp%2Fv2%2Fcategories&post=2582"},{"taxonomy":"post_tag","embeddable":true,"href":"https:\/\/urlaub.vogt-clan.de\/index.php?rest_route=%2Fwp%2Fv2%2Ftags&post=2582"}],"curies":[{"name":"wp","href":"https:\/\/api.w.org\/{rel}","templated":true}]}}