{"id":2571,"date":"2016-06-13T18:17:08","date_gmt":"2016-06-13T16:17:08","guid":{"rendered":"http:\/\/urlaub.vogt-clan.de\/?p=2571"},"modified":"2016-07-04T21:47:47","modified_gmt":"2016-07-04T19:47:47","slug":"13-06-2016-paterzell-nach-peiting","status":"publish","type":"post","link":"https:\/\/urlaub.vogt-clan.de\/?p=2571","title":{"rendered":"13.06.2016 &#8211; Paterzell nach Peiting"},"content":{"rendered":"<p>Mist, wir hatten keine Gelegenheit, gestern eine Kerze anzuz\u00fcnden und so laufen wir die erste Stunde im Trockenen, dann f\u00e4ngt es aber wieder an zu regnen. Nicht sch\u00f6n, aber man findet sich damit ab. Zu Hause w\u00fcrde man bei dem Wetter nicht vor die T\u00fcre gehen, hier ist es eigentlich gar nicht so tragisch.<br \/>\nDer Weg f\u00fchrt uns Anfangs durch Teile des <a href=\"https:\/\/de.wikipedia.org\/wiki\/Paterzeller_Eibenwald\">Eibenwaldes<\/a> und dann durch Felder bis zur Tassilo-Linde. Diese soll \u00fcber 400 Jahre alt sein und hat, obwohl von innen hohl, einen Kronenumfang von ca. 27 Metern.<br \/>\n<figure id=\"attachment_2573\" aria-describedby=\"caption-attachment-2573\" style=\"width: 840px\" class=\"wp-caption aligncenter\"><a href=\"https:\/\/urlaub.vogt-clan.de\/wp-content\/uploads\/2016\/07\/P1030511-e1467563166129.jpg\"><img loading=\"lazy\" decoding=\"async\" src=\"https:\/\/urlaub.vogt-clan.de\/wp-content\/uploads\/2016\/07\/P1030511-1024x768.jpg\" alt=\"Paterzeller Eibenwald\" width=\"840\" height=\"630\" class=\"size-large wp-image-2573\" \/><\/a><figcaption id=\"caption-attachment-2573\" class=\"wp-caption-text\">Paterzeller Eibenwald<\/figcaption><\/figure><br \/>\n<figure id=\"attachment_2574\" aria-describedby=\"caption-attachment-2574\" style=\"width: 840px\" class=\"wp-caption aligncenter\"><a href=\"https:\/\/urlaub.vogt-clan.de\/wp-content\/uploads\/2016\/07\/P1030519-e1467563214271.jpg\"><img loading=\"lazy\" decoding=\"async\" src=\"https:\/\/urlaub.vogt-clan.de\/wp-content\/uploads\/2016\/07\/P1030519-1024x768.jpg\" alt=\"Tassilo-Linde\" width=\"840\" height=\"630\" class=\"size-large wp-image-2574\" \/><\/a><figcaption id=\"caption-attachment-2574\" class=\"wp-caption-text\">Tassilo-Linde<\/figcaption><\/figure><\/p>\n<p>Der Weg Richtung Peitung f\u00fchrt uns auch \u00fcber den Hohen Pei\u00dfenberg, den &#8216;bayerischen Rigi&#8217;. Der Aufstieg ist beschwerlich, weil der tagelange Regen den Weg teilweise in einen Bach verwandelt hat. Der Blick, bei klarem Wetter bis zur Zugspitze, entsch\u00e4digt heute leider auch nicht. Immerhin bietet die Wallfahrtskirche Mari\u00e4 Himmelfahrt oben auf dem Berg einen netten Anblick.<\/p>\n<p><figure id=\"attachment_2576\" aria-describedby=\"caption-attachment-2576\" style=\"width: 840px\" class=\"wp-caption aligncenter\"><a href=\"https:\/\/urlaub.vogt-clan.de\/wp-content\/uploads\/2016\/07\/P1030526-e1467569419833.jpg\"><img loading=\"lazy\" decoding=\"async\" src=\"https:\/\/urlaub.vogt-clan.de\/wp-content\/uploads\/2016\/07\/P1030526-1024x768.jpg\" alt=\"Kein leichter Weg\" width=\"840\" height=\"630\" class=\"size-large wp-image-2576\" \/><\/a><figcaption id=\"caption-attachment-2576\" class=\"wp-caption-text\">Kein leichter Weg<\/figcaption><\/figure><br \/>\n<figure id=\"attachment_2577\" aria-describedby=\"caption-attachment-2577\" style=\"width: 840px\" class=\"wp-caption aligncenter\"><a href=\"https:\/\/urlaub.vogt-clan.de\/wp-content\/uploads\/2016\/07\/P1030539-e1467569494105.jpg\"><img loading=\"lazy\" decoding=\"async\" src=\"https:\/\/urlaub.vogt-clan.de\/wp-content\/uploads\/2016\/07\/P1030539-1024x768.jpg\" alt=\"Heute keine Fernsicht\" width=\"840\" height=\"630\" class=\"size-large wp-image-2577\" \/><\/a><figcaption id=\"caption-attachment-2577\" class=\"wp-caption-text\">Heute keine Fernsicht<\/figcaption><\/figure><br \/>\n<figure id=\"attachment_2578\" aria-describedby=\"caption-attachment-2578\" style=\"width: 768px\" class=\"wp-caption aligncenter\"><a href=\"https:\/\/urlaub.vogt-clan.de\/wp-content\/uploads\/2016\/07\/P1030546-e1467569693923.jpg\"><img loading=\"lazy\" decoding=\"async\" src=\"https:\/\/urlaub.vogt-clan.de\/wp-content\/uploads\/2016\/07\/P1030546-e1467569693923-768x1024.jpg\" alt=\"In der Wallfahrtskirche\" width=\"768\" height=\"1024\" class=\"size-large wp-image-2578\" srcset=\"https:\/\/urlaub.vogt-clan.de\/wp-content\/uploads\/2016\/07\/P1030546-e1467569693923-768x1024.jpg 768w, https:\/\/urlaub.vogt-clan.de\/wp-content\/uploads\/2016\/07\/P1030546-e1467569693923-225x300.jpg 225w, https:\/\/urlaub.vogt-clan.de\/wp-content\/uploads\/2016\/07\/P1030546-e1467569693923-1200x1600.jpg 1200w, https:\/\/urlaub.vogt-clan.de\/wp-content\/uploads\/2016\/07\/P1030546-e1467569693923.jpg 1500w\" sizes=\"auto, (max-width: 709px) 85vw, (max-width: 909px) 67vw, (max-width: 984px) 61vw, (max-width: 1362px) 45vw, 600px\" \/><\/a><figcaption id=\"caption-attachment-2578\" class=\"wp-caption-text\">In der Wallfahrtskirche<\/figcaption><\/figure><\/p>\n<p>Da unser Hotel in Peiting abseits des Wanderweges liegt, fahren wir von Hohenpei\u00dfenberg eine Station mit dem Zug bis Peiting und laufen von dort zu unserem Alpenhotel Pfaffenwinkel. Auch hier treffen wir wieder auf einen sehr sympathischen Eigent\u00fcmer, der Zeit f\u00fcr ein Schw\u00e4tzchen hat. Inzwischen hat es sogar aufgeh\u00f6rt zu regnen, trotz Zugfahrt kommen wir auf eine Tagesstrecke von 21 Kilometern.<\/p>\n","protected":false},"excerpt":{"rendered":"<p>Mist, wir hatten keine Gelegenheit, gestern eine Kerze anzuz\u00fcnden und so laufen wir die erste Stunde im Trockenen, dann f\u00e4ngt es aber wieder an zu regnen. Nicht sch\u00f6n, aber man findet sich damit ab. Zu Hause w\u00fcrde man bei dem Wetter nicht vor die T\u00fcre gehen, hier ist es eigentlich gar nicht so tragisch. Der &hellip; <a href=\"https:\/\/urlaub.vogt-clan.de\/?p=2571\" class=\"more-link\"><span class=\"screen-reader-text\">\u201e13.06.2016 &#8211; Paterzell nach Peiting\u201c <\/span>weiterlesen<\/a><\/p>\n","protected":false},"author":3,"featured_media":0,"comment_status":"open","ping_status":"open","sticky":false,"template":"","format":"standard","meta":{"_s2mail":"yes","footnotes":""},"categories":[278],"tags":[280,279,281],"class_list":["post-2571","post","type-post","status-publish","format-standard","hentry","category-klw15","tag-bayern","tag-deutschland","tag-wandern"],"jetpack_featured_media_url":"","_links":{"self":[{"href":"https:\/\/urlaub.vogt-clan.de\/index.php?rest_route=\/wp\/v2\/posts\/2571","targetHints":{"allow":["GET"]}}],"collection":[{"href":"https:\/\/urlaub.vogt-clan.de\/index.php?rest_route=\/wp\/v2\/posts"}],"about":[{"href":"https:\/\/urlaub.vogt-clan.de\/index.php?rest_route=\/wp\/v2\/types\/post"}],"author":[{"embeddable":true,"href":"https:\/\/urlaub.vogt-clan.de\/index.php?rest_route=\/wp\/v2\/users\/3"}],"replies":[{"embeddable":true,"href":"https:\/\/urlaub.vogt-clan.de\/index.php?rest_route=%2Fwp%2Fv2%2Fcomments&post=2571"}],"version-history":[{"count":5,"href":"https:\/\/urlaub.vogt-clan.de\/index.php?rest_route=\/wp\/v2\/posts\/2571\/revisions"}],"predecessor-version":[{"id":2581,"href":"https:\/\/urlaub.vogt-clan.de\/index.php?rest_route=\/wp\/v2\/posts\/2571\/revisions\/2581"}],"wp:attachment":[{"href":"https:\/\/urlaub.vogt-clan.de\/index.php?rest_route=%2Fwp%2Fv2%2Fmedia&parent=2571"}],"wp:term":[{"taxonomy":"category","embeddable":true,"href":"https:\/\/urlaub.vogt-clan.de\/index.php?rest_route=%2Fwp%2Fv2%2Fcategories&post=2571"},{"taxonomy":"post_tag","embeddable":true,"href":"https:\/\/urlaub.vogt-clan.de\/index.php?rest_route=%2Fwp%2Fv2%2Ftags&post=2571"}],"curies":[{"name":"wp","href":"https:\/\/api.w.org\/{rel}","templated":true}]}}