{"id":2548,"date":"2016-06-11T21:36:08","date_gmt":"2016-06-11T19:36:08","guid":{"rendered":"http:\/\/urlaub.vogt-clan.de\/?p=2548"},"modified":"2016-07-04T21:46:06","modified_gmt":"2016-07-04T19:46:06","slug":"11-06-2016-erling-nach-diessen","status":"publish","type":"post","link":"https:\/\/urlaub.vogt-clan.de\/?p=2548","title":{"rendered":"11.06.2016 &#8211; Erling nach Die\u00dfen"},"content":{"rendered":"<p>Am heutigen Samstag haben wir den einzigen Tag, an dem wir zwischendurch zu einer festen Uhrzeit einen Anschluss erreichen m\u00fcssen: um 10:45 Uhr geht das Schiff von Herrsching nach Holzhausen. Also brechen wir um kurz nach 9:00 Uhr und einem \u00fcppigen Fr\u00fchst\u00fcck auf, leider im str\u00f6menden Regen. Aber das \u00e4ndert nichts an dem sch\u00f6nen Weg.<br \/>\n<figure id=\"attachment_2552\" aria-describedby=\"caption-attachment-2552\" style=\"width: 768px\" class=\"wp-caption aligncenter\"><a href=\"https:\/\/urlaub.vogt-clan.de\/wp-content\/uploads\/2016\/07\/P1030427-e1467556157205.jpg\"><img loading=\"lazy\" decoding=\"async\" src=\"https:\/\/urlaub.vogt-clan.de\/wp-content\/uploads\/2016\/07\/P1030427-e1467556157205-768x1024.jpg\" alt=\"Kreuz im Wald\" width=\"768\" height=\"1024\" class=\"size-large wp-image-2552\" srcset=\"https:\/\/urlaub.vogt-clan.de\/wp-content\/uploads\/2016\/07\/P1030427-e1467556157205-768x1024.jpg 768w, https:\/\/urlaub.vogt-clan.de\/wp-content\/uploads\/2016\/07\/P1030427-e1467556157205-225x300.jpg 225w, https:\/\/urlaub.vogt-clan.de\/wp-content\/uploads\/2016\/07\/P1030427-e1467556157205-1200x1600.jpg 1200w, https:\/\/urlaub.vogt-clan.de\/wp-content\/uploads\/2016\/07\/P1030427-e1467556157205.jpg 1500w\" sizes=\"auto, (max-width: 709px) 85vw, (max-width: 909px) 67vw, (max-width: 984px) 61vw, (max-width: 1362px) 45vw, 600px\" \/><\/a><figcaption id=\"caption-attachment-2552\" class=\"wp-caption-text\">Kreuz im Wald<\/figcaption><\/figure><\/p>\n<p>Wir erreichen den Anleger 15 Minuten vor der Abfahrt und haben sogar noch Zeit, einen Regenschutz f\u00fcr Biankas Rucksack zu kaufen, denn es regnet ohne Unterbrechung. Der Gutschein des Veranstalters f\u00fcr die \u00dcberfahrt wird problemlos akzeptiert, so fahren wir also im Regen gut 20 Minuten \u00fcber den Ammersee bis Holzhausen.<br \/>\n<figure id=\"attachment_2553\" aria-describedby=\"caption-attachment-2553\" style=\"width: 840px\" class=\"wp-caption aligncenter\"><a href=\"https:\/\/urlaub.vogt-clan.de\/wp-content\/uploads\/2016\/07\/P1030429-e1467556343784.jpg\"><img loading=\"lazy\" decoding=\"async\" src=\"https:\/\/urlaub.vogt-clan.de\/wp-content\/uploads\/2016\/07\/P1030429-1024x768.jpg\" alt=\"Ammersee im Regen\" width=\"840\" height=\"630\" class=\"size-large wp-image-2553\" \/><\/a><figcaption id=\"caption-attachment-2553\" class=\"wp-caption-text\">Ammersee im Regen<\/figcaption><\/figure><\/p>\n<p>Von Holzhausen f\u00fchrt der Weg eine ganze Zeit durch den Wald direkt an einer Bahnlinie entlang Richtung Die\u00dfen, leider auch lange Abschnitte weit weg vom See \u00fcber asphaltierte Wege. Gastronomie ist durchweg geschlossen, so dass die Laune einen ziemlichen Tiefpunkt erreicht. Dies liegt aber auch daran, dass es bis zum Nachmittag nicht aufh\u00f6rt zu regnen.<br \/>\n<figure id=\"attachment_2555\" aria-describedby=\"caption-attachment-2555\" style=\"width: 840px\" class=\"wp-caption aligncenter\"><a href=\"https:\/\/urlaub.vogt-clan.de\/wp-content\/uploads\/2016\/07\/P1030432-e1467556614677.jpg\"><img loading=\"lazy\" decoding=\"async\" src=\"https:\/\/urlaub.vogt-clan.de\/wp-content\/uploads\/2016\/07\/P1030432-1024x768.jpg\" alt=\"Weg von Holzhausen Richtung Die\u00dfen\" width=\"840\" height=\"630\" class=\"size-large wp-image-2555\" \/><\/a><figcaption id=\"caption-attachment-2555\" class=\"wp-caption-text\">Weg von Holzhausen Richtung Die\u00dfen<\/figcaption><\/figure><\/p>\n<p>Nach Bezug des Zimmers im Hotel Seehof machen wir uns auf den Weg zum Marienm\u00fcnster Die\u00dfen, in dem wir Kerzen f\u00fcr besseres Wetter anz\u00fcnden.<br \/>\n<figure id=\"attachment_2556\" aria-describedby=\"caption-attachment-2556\" style=\"width: 768px\" class=\"wp-caption aligncenter\"><a href=\"https:\/\/urlaub.vogt-clan.de\/wp-content\/uploads\/2016\/07\/P1030439-e1467556818221.jpg\"><img loading=\"lazy\" decoding=\"async\" src=\"https:\/\/urlaub.vogt-clan.de\/wp-content\/uploads\/2016\/07\/P1030439-e1467556818221-768x1024.jpg\" alt=\"Marienm\u00fcnster Die\u00dfen\" width=\"768\" height=\"1024\" class=\"size-large wp-image-2556\" srcset=\"https:\/\/urlaub.vogt-clan.de\/wp-content\/uploads\/2016\/07\/P1030439-e1467556818221-768x1024.jpg 768w, https:\/\/urlaub.vogt-clan.de\/wp-content\/uploads\/2016\/07\/P1030439-e1467556818221-225x300.jpg 225w, https:\/\/urlaub.vogt-clan.de\/wp-content\/uploads\/2016\/07\/P1030439-e1467556818221-1200x1600.jpg 1200w, https:\/\/urlaub.vogt-clan.de\/wp-content\/uploads\/2016\/07\/P1030439-e1467556818221.jpg 1500w\" sizes=\"auto, (max-width: 709px) 85vw, (max-width: 909px) 67vw, (max-width: 984px) 61vw, (max-width: 1362px) 45vw, 600px\" \/><\/a><figcaption id=\"caption-attachment-2556\" class=\"wp-caption-text\">Marienm\u00fcnster Die\u00dfen<\/figcaption><\/figure><\/p>\n<figure id=\"attachment_2557\" aria-describedby=\"caption-attachment-2557\" style=\"width: 840px\" class=\"wp-caption aligncenter\"><a href=\"https:\/\/urlaub.vogt-clan.de\/wp-content\/uploads\/2016\/07\/P1030443-e1467556869649.jpg\"><img loading=\"lazy\" decoding=\"async\" src=\"https:\/\/urlaub.vogt-clan.de\/wp-content\/uploads\/2016\/07\/P1030443-1024x768.jpg\" alt=\"Innenansicht des M\u00fcnsters\" width=\"840\" height=\"630\" class=\"size-large wp-image-2557\" \/><\/a><figcaption id=\"caption-attachment-2557\" class=\"wp-caption-text\">Innenansicht des M\u00fcnsters<\/figcaption><\/figure>\n<p>Am Abend essen wir gut im Wirtshaus Unterbr\u00e4u, in kurzer Entfernung vom Hotel gelegen.<\/p>\n<p>Das gro\u00dfz\u00fcgige Waschbecken im Hotelzimmer (bayerisch rustikal) wollen wir den Lesern nicht vorenthalten, lt. (sehr symphatischen) Hotelier hat es einen Durchmesser von 30 cm:<br \/>\n<figure id=\"attachment_2558\" aria-describedby=\"caption-attachment-2558\" style=\"width: 768px\" class=\"wp-caption aligncenter\"><a href=\"https:\/\/urlaub.vogt-clan.de\/wp-content\/uploads\/2016\/07\/P1030459-e1467557367627.jpg\"><img loading=\"lazy\" decoding=\"async\" src=\"https:\/\/urlaub.vogt-clan.de\/wp-content\/uploads\/2016\/07\/P1030459-e1467557367627-768x1024.jpg\" alt=\"Waschbecken Hotel Seehof\" width=\"768\" height=\"1024\" class=\"size-large wp-image-2558\" srcset=\"https:\/\/urlaub.vogt-clan.de\/wp-content\/uploads\/2016\/07\/P1030459-e1467557367627-768x1024.jpg 768w, https:\/\/urlaub.vogt-clan.de\/wp-content\/uploads\/2016\/07\/P1030459-e1467557367627-225x300.jpg 225w, https:\/\/urlaub.vogt-clan.de\/wp-content\/uploads\/2016\/07\/P1030459-e1467557367627-1200x1600.jpg 1200w, https:\/\/urlaub.vogt-clan.de\/wp-content\/uploads\/2016\/07\/P1030459-e1467557367627.jpg 1500w\" sizes=\"auto, (max-width: 709px) 85vw, (max-width: 909px) 67vw, (max-width: 984px) 61vw, (max-width: 1362px) 45vw, 600px\" \/><\/a><figcaption id=\"caption-attachment-2558\" class=\"wp-caption-text\">Waschbecken Hotel Seehof<\/figcaption><\/figure><\/p>\n<p>Zur\u00fcckgelegte Kilometer: 19,5 km<\/p>\n","protected":false},"excerpt":{"rendered":"<p>Am heutigen Samstag haben wir den einzigen Tag, an dem wir zwischendurch zu einer festen Uhrzeit einen Anschluss erreichen m\u00fcssen: um 10:45 Uhr geht das Schiff von Herrsching nach Holzhausen. Also brechen wir um kurz nach 9:00 Uhr und einem \u00fcppigen Fr\u00fchst\u00fcck auf, leider im str\u00f6menden Regen. Aber das \u00e4ndert nichts an dem sch\u00f6nen Weg. &hellip; <a href=\"https:\/\/urlaub.vogt-clan.de\/?p=2548\" class=\"more-link\"><span class=\"screen-reader-text\">\u201e11.06.2016 &#8211; Erling nach Die\u00dfen\u201c <\/span>weiterlesen<\/a><\/p>\n","protected":false},"author":3,"featured_media":0,"comment_status":"open","ping_status":"open","sticky":false,"template":"","format":"standard","meta":{"_s2mail":"yes","footnotes":""},"categories":[278],"tags":[280,279,281],"class_list":["post-2548","post","type-post","status-publish","format-standard","hentry","category-klw15","tag-bayern","tag-deutschland","tag-wandern"],"jetpack_featured_media_url":"","_links":{"self":[{"href":"https:\/\/urlaub.vogt-clan.de\/index.php?rest_route=\/wp\/v2\/posts\/2548","targetHints":{"allow":["GET"]}}],"collection":[{"href":"https:\/\/urlaub.vogt-clan.de\/index.php?rest_route=\/wp\/v2\/posts"}],"about":[{"href":"https:\/\/urlaub.vogt-clan.de\/index.php?rest_route=\/wp\/v2\/types\/post"}],"author":[{"embeddable":true,"href":"https:\/\/urlaub.vogt-clan.de\/index.php?rest_route=\/wp\/v2\/users\/3"}],"replies":[{"embeddable":true,"href":"https:\/\/urlaub.vogt-clan.de\/index.php?rest_route=%2Fwp%2Fv2%2Fcomments&post=2548"}],"version-history":[{"count":4,"href":"https:\/\/urlaub.vogt-clan.de\/index.php?rest_route=\/wp\/v2\/posts\/2548\/revisions"}],"predecessor-version":[{"id":2560,"href":"https:\/\/urlaub.vogt-clan.de\/index.php?rest_route=\/wp\/v2\/posts\/2548\/revisions\/2560"}],"wp:attachment":[{"href":"https:\/\/urlaub.vogt-clan.de\/index.php?rest_route=%2Fwp%2Fv2%2Fmedia&parent=2548"}],"wp:term":[{"taxonomy":"category","embeddable":true,"href":"https:\/\/urlaub.vogt-clan.de\/index.php?rest_route=%2Fwp%2Fv2%2Fcategories&post=2548"},{"taxonomy":"post_tag","embeddable":true,"href":"https:\/\/urlaub.vogt-clan.de\/index.php?rest_route=%2Fwp%2Fv2%2Ftags&post=2548"}],"curies":[{"name":"wp","href":"https:\/\/api.w.org\/{rel}","templated":true}]}}