{"id":25,"date":"2002-03-19T15:02:42","date_gmt":"2002-03-19T13:02:42","guid":{"rendered":"http:\/\/urlaub.vogt-clan.de\/2002\/03\/19\/die-wuste\/"},"modified":"2012-09-29T13:32:45","modified_gmt":"2012-09-29T11:32:45","slug":"die-wuste","status":"publish","type":"post","link":"https:\/\/urlaub.vogt-clan.de\/?p=25","title":{"rendered":"Die W\u00fcste"},"content":{"rendered":"<p>Heute beginnt unser Kamelabenteuer!<br \/>\nUm 9.00 Uhr brachte uns Kishan ca. 30 km weit in die W\u00fcste Thar Richtung Pakistan, wo die Tierchen schon auf uns warteten. Fix wurden die Kamele verteilt, jeder bekam eins. Der Driver setzte sich hinter uns und schon ging es los. Am Anfang war es aufregend und es war schon schwierig, sich einigerma\u00dfen dem Passgang anzupassen. Nach 1 \u00bd Stunden, die mir wie eine halbe Stunde vorkamen, gab es den Luxus von kaltem Wasser und kalter Cola. Bei 40 Grad im Schatten, aber wo ist in der W\u00fcste schon Schatten, ein Genuss. Da haben wir aber auch schon den gro\u00dfen Fehler begangen und ruck-zuck einen Liter kaltes k\u00fchles Nass in uns hineingegossen. Kurze Zeit sp\u00e4ter gluckerte es schon verd\u00e4chtig in Magen und Ged\u00e4rm. Nach weiteren 1 \u00bd Stunden, die teilweise nicht gerade Hintern schonend im Trapp geritten wurden, hie\u00df es Lunch Time.<br \/>\nF\u00fcr uns war ein riesiges wei\u00dfes Laken unter den einzigen gro\u00dfen Baum der W\u00fcste gelegt worden. Alle, total ersch\u00f6pft, haben sich erst einmal auf den Bauch gelegt. Lecker Essen wurde uns zubereitet und wir bekamen wieder kalte Getr\u00e4nke, die wir in uns hinein sch\u00fctteten. Gegen 15.30 Uhr mussten wir wieder auf die Viecher. Dabei tat uns allen der Hintern doch noch so weh! 1 Stunde noch, so wurde es abgemacht und gaaanz langsam. Zum Gl\u00fcck haben sich die die jungen Kameltreiber auch daran gehalten.<br \/>\nIm Camp angekommen, gab es zur Begr\u00fc\u00dfung feuchte k\u00fchle T\u00fccher. Jetzt wussten wir: Wenn die T\u00fccher gek\u00fchlt werden konnten, dann wird es mit dem Bier auch so sein. Gezischt hat es und verdient haben wir es uns auch!<br \/>\nDann haben wir wieder lustige Geschichten erz\u00e4hlender Weise zusammen gesessen. Der von Heiko mitgebrachte Whiskey wird sein \u00fcbriges getan haben, denn zum Schluss haben wir auch noch zusammen gesungen. Aber Hasi baute langsam ab&#8230; Das gute Abendessen hat er ganz ausgeschlagen und er nippte nur noch an seinem Bisleri.<br \/>\nDie Nacht in der H\u00fctte war heftig. Eine Affenhitze, wo es doch immer hei\u00dft, dass es in der W\u00fcste kalt wird, wenn die Sonne untergeht. F\u00fcr die W\u00fcste Thar gilt das nicht!! Wir h\u00e4tten es den Indern gleich machen sollen und die Betten vor die H\u00fctten gestellt.<\/p>\n","protected":false},"excerpt":{"rendered":"<p>Heute beginnt unser Kamelabenteuer! Um 9.00 Uhr brachte uns Kishan ca. 30 km weit in die W\u00fcste Thar Richtung Pakistan, wo die Tierchen schon auf uns warteten. Fix wurden die Kamele verteilt, jeder bekam eins. Der Driver setzte sich hinter uns und schon ging es los. Am Anfang war es aufregend und es war schon &hellip; <a href=\"https:\/\/urlaub.vogt-clan.de\/?p=25\" class=\"more-link\"><span class=\"screen-reader-text\">\u201eDie W\u00fcste\u201c <\/span>weiterlesen<\/a><\/p>\n","protected":false},"author":2,"featured_media":0,"comment_status":"open","ping_status":"open","sticky":false,"template":"","format":"standard","meta":{"_s2mail":"","footnotes":""},"categories":[242],"tags":[243],"class_list":["post-25","post","type-post","status-publish","format-standard","hentry","category-indien12","tag-indien"],"jetpack_featured_media_url":"","_links":{"self":[{"href":"https:\/\/urlaub.vogt-clan.de\/index.php?rest_route=\/wp\/v2\/posts\/25","targetHints":{"allow":["GET"]}}],"collection":[{"href":"https:\/\/urlaub.vogt-clan.de\/index.php?rest_route=\/wp\/v2\/posts"}],"about":[{"href":"https:\/\/urlaub.vogt-clan.de\/index.php?rest_route=\/wp\/v2\/types\/post"}],"author":[{"embeddable":true,"href":"https:\/\/urlaub.vogt-clan.de\/index.php?rest_route=\/wp\/v2\/users\/2"}],"replies":[{"embeddable":true,"href":"https:\/\/urlaub.vogt-clan.de\/index.php?rest_route=%2Fwp%2Fv2%2Fcomments&post=25"}],"version-history":[{"count":1,"href":"https:\/\/urlaub.vogt-clan.de\/index.php?rest_route=\/wp\/v2\/posts\/25\/revisions"}],"predecessor-version":[{"id":288,"href":"https:\/\/urlaub.vogt-clan.de\/index.php?rest_route=\/wp\/v2\/posts\/25\/revisions\/288"}],"wp:attachment":[{"href":"https:\/\/urlaub.vogt-clan.de\/index.php?rest_route=%2Fwp%2Fv2%2Fmedia&parent=25"}],"wp:term":[{"taxonomy":"category","embeddable":true,"href":"https:\/\/urlaub.vogt-clan.de\/index.php?rest_route=%2Fwp%2Fv2%2Fcategories&post=25"},{"taxonomy":"post_tag","embeddable":true,"href":"https:\/\/urlaub.vogt-clan.de\/index.php?rest_route=%2Fwp%2Fv2%2Ftags&post=25"}],"curies":[{"name":"wp","href":"https:\/\/api.w.org\/{rel}","templated":true}]}}