{"id":235,"date":"2012-03-24T13:47:18","date_gmt":"2012-03-24T12:47:18","guid":{"rendered":"http:\/\/urlaub.vogt-clan.de\/2012\/03\/24\/die-uberlegung\/"},"modified":"2013-01-26T09:28:20","modified_gmt":"2013-01-26T08:28:20","slug":"die-uberlegung","status":"publish","type":"post","link":"https:\/\/urlaub.vogt-clan.de\/?p=235","title":{"rendered":"Die \u00dcberlegung"},"content":{"rendered":"<p>2012 bzw. 2013 haben wir beide einen runden Geburtstag. Deshalb sollen die Reisen &#8211; nach M\u00f6glichkeit jeweils \u00fcber besagten Ehrentag &#8211; etwas Besonderes sein. F\u00fcr Bianka haben wir uns f\u00fcr S\u00fcdafrika entschieden, dort ist es zu der Zeit der \u00dcbergang von Winter zum Fr\u00fchjahr und damit Wildblumenbl\u00fcte (s. gesonderten Bericht).<\/p>\n<p>Wohin aber im Januar zu Heikos Geburtstag? Da alle Welt nach Myanmar str\u00f6mt und auch die ersten Charterflieger den Dienst nach Yangon aufgenommen haben, wird schnell klar: wenn wir uns das wunderbare Land noch einmal ansehen wollen, dann sollte es kurzfristig passieren.<\/p>\n<p>Der erste Ansatz war, \u00fcber eine ortsans\u00e4ssige burmesische Agentur zu buchen. Der Mailkontakt lief gut, aber leider war wegen der extrem gestiegenen Nachfrage kein fester Preis in Erfahrung zu bringen. Den h\u00e4tten wir f\u00fcr Wagen, Fahrer und Hotel\u00fcbernachtungen erst 2 Monate vor Reisetermin erfahren.<\/p>\n<p>Also haben wir uns an den Reiseanbieter G-T-N in Deutschland gewandt, mit dem wir schon in S\u00fcdindien und Laos unterwegs waren. Auch dort tat man sich schwer mit einer Preisansage, aber letzten Endes sind wir dann doch einig geworden. Vom 26.12.12 bis 10.01.13 werden wir noch einmal Myanmar besuchen.<\/p>\n","protected":false},"excerpt":{"rendered":"<p>2012 bzw. 2013 haben wir beide einen runden Geburtstag. Deshalb sollen die Reisen &#8211; nach M\u00f6glichkeit jeweils \u00fcber besagten Ehrentag &#8211; etwas Besonderes sein. F\u00fcr Bianka haben wir uns f\u00fcr S\u00fcdafrika entschieden, dort ist es zu der Zeit der \u00dcbergang von Winter zum Fr\u00fchjahr und damit Wildblumenbl\u00fcte (s. gesonderten Bericht). Wohin aber im Januar zu &hellip; <a href=\"https:\/\/urlaub.vogt-clan.de\/?p=235\" class=\"more-link\"><span class=\"screen-reader-text\">\u201eDie \u00dcberlegung\u201c <\/span>weiterlesen<\/a><\/p>\n","protected":false},"author":3,"featured_media":0,"comment_status":"open","ping_status":"open","sticky":false,"template":"","format":"standard","meta":{"_s2mail":"yes","footnotes":""},"categories":[254],"tags":[257,256],"class_list":["post-235","post","type-post","status-publish","format-standard","hentry","category-myanmar13","tag-asien","tag-myanmar"],"jetpack_featured_media_url":"","_links":{"self":[{"href":"https:\/\/urlaub.vogt-clan.de\/index.php?rest_route=\/wp\/v2\/posts\/235","targetHints":{"allow":["GET"]}}],"collection":[{"href":"https:\/\/urlaub.vogt-clan.de\/index.php?rest_route=\/wp\/v2\/posts"}],"about":[{"href":"https:\/\/urlaub.vogt-clan.de\/index.php?rest_route=\/wp\/v2\/types\/post"}],"author":[{"embeddable":true,"href":"https:\/\/urlaub.vogt-clan.de\/index.php?rest_route=\/wp\/v2\/users\/3"}],"replies":[{"embeddable":true,"href":"https:\/\/urlaub.vogt-clan.de\/index.php?rest_route=%2Fwp%2Fv2%2Fcomments&post=235"}],"version-history":[{"count":6,"href":"https:\/\/urlaub.vogt-clan.de\/index.php?rest_route=\/wp\/v2\/posts\/235\/revisions"}],"predecessor-version":[{"id":2167,"href":"https:\/\/urlaub.vogt-clan.de\/index.php?rest_route=\/wp\/v2\/posts\/235\/revisions\/2167"}],"wp:attachment":[{"href":"https:\/\/urlaub.vogt-clan.de\/index.php?rest_route=%2Fwp%2Fv2%2Fmedia&parent=235"}],"wp:term":[{"taxonomy":"category","embeddable":true,"href":"https:\/\/urlaub.vogt-clan.de\/index.php?rest_route=%2Fwp%2Fv2%2Fcategories&post=235"},{"taxonomy":"post_tag","embeddable":true,"href":"https:\/\/urlaub.vogt-clan.de\/index.php?rest_route=%2Fwp%2Fv2%2Ftags&post=235"}],"curies":[{"name":"wp","href":"https:\/\/api.w.org\/{rel}","templated":true}]}}