{"id":2335,"date":"2014-02-16T09:11:53","date_gmt":"2014-02-16T08:11:53","guid":{"rendered":"http:\/\/urlaub.vogt-clan.de\/?p=2335"},"modified":"2014-02-16T09:11:53","modified_gmt":"2014-02-16T08:11:53","slug":"zur-kueste","status":"publish","type":"post","link":"https:\/\/urlaub.vogt-clan.de\/?p=2335","title":{"rendered":"Zur K\u00fcste"},"content":{"rendered":"<p>In den Stirling Ranges sind wir zwei Tage geblieben, da der Platz sehr sch\u00f6n und fast leer war. Zahlreiche Wanderungen und die Sonnenunterg\u00e4nge trugen einiges dazu bei, dass wir den Schlenker hierhin nicht bereuten.<br \/>\n<a href=\"https:\/\/urlaub.vogt-clan.de\/wp-content\/uploads\/2014\/02\/image11.jpg\"><img decoding=\"async\" src=\"https:\/\/urlaub.vogt-clan.de\/wp-content\/uploads\/2014\/02\/image11.jpg\" alt=\"Sonnenuntergang im Stirling Range NP\" class=\"aligncenter size-full wp-image-2332\" \/><\/a><\/p>\n<p>Da sich inzwischen das Wetter an der K\u00fcste gebessert hat, geht es am 14.02. \u00fcber eine kleine Stra\u00dfe quer durchs Land in nur 180 km nach Bremer Bay an die K\u00fcste. Leider haben wir dort einen schlechten Stellplatz, so dass wir nur einen Tag bleiben und am 15.02. weiter nach Albany, ebenfalls direkt am Wasser, weiter fahren.<br \/>\n<a href=\"https:\/\/urlaub.vogt-clan.de\/wp-content\/uploads\/2014\/02\/image12.jpg\"><img decoding=\"async\" src=\"https:\/\/urlaub.vogt-clan.de\/wp-content\/uploads\/2014\/02\/image12.jpg\" alt=\"Emu Point\" class=\"aligncenter size-full wp-image-2333\" \/><\/a><\/p>\n<p>Hier liegt der Campingplatz direkt am Strand und wir k\u00f6nnen am Platz, wo die Fische ausgenommen werden, die auf die Abf\u00e4lle hoffenden Pelikane sehen.<br \/>\n<a href=\"https:\/\/urlaub.vogt-clan.de\/wp-content\/uploads\/2014\/02\/image13.jpg\"><img decoding=\"async\" src=\"https:\/\/urlaub.vogt-clan.de\/wp-content\/uploads\/2014\/02\/image13.jpg\" alt=\"Pelikane am Emu Point\" class=\"aligncenter size-full wp-image-2334\" \/><\/a><\/p>\n<p>Hier bleiben wir wieder f\u00fcr zwei Tage und erholen uns, inzwischen sind wir \u00fcber 4.500 km gefahren und die Etappen werden nun k\u00fcrzer.<\/p>\n","protected":false},"excerpt":{"rendered":"<p>In den Stirling Ranges sind wir zwei Tage geblieben, da der Platz sehr sch\u00f6n und fast leer war. Zahlreiche Wanderungen und die Sonnenunterg\u00e4nge trugen einiges dazu bei, dass wir den Schlenker hierhin nicht bereuten. Da sich inzwischen das Wetter an der K\u00fcste gebessert hat, geht es am 14.02. \u00fcber eine kleine Stra\u00dfe quer durchs Land &hellip; <a href=\"https:\/\/urlaub.vogt-clan.de\/?p=2335\" class=\"more-link\"><span class=\"screen-reader-text\">\u201eZur K\u00fcste\u201c <\/span>weiterlesen<\/a><\/p>\n","protected":false},"author":3,"featured_media":0,"comment_status":"open","ping_status":"open","sticky":false,"template":"","format":"standard","meta":{"_s2mail":"yes","footnotes":""},"categories":[270],"tags":[258],"class_list":["post-2335","post","type-post","status-publish","format-standard","hentry","category-australien14","tag-australien"],"jetpack_featured_media_url":"","_links":{"self":[{"href":"https:\/\/urlaub.vogt-clan.de\/index.php?rest_route=\/wp\/v2\/posts\/2335","targetHints":{"allow":["GET"]}}],"collection":[{"href":"https:\/\/urlaub.vogt-clan.de\/index.php?rest_route=\/wp\/v2\/posts"}],"about":[{"href":"https:\/\/urlaub.vogt-clan.de\/index.php?rest_route=\/wp\/v2\/types\/post"}],"author":[{"embeddable":true,"href":"https:\/\/urlaub.vogt-clan.de\/index.php?rest_route=\/wp\/v2\/users\/3"}],"replies":[{"embeddable":true,"href":"https:\/\/urlaub.vogt-clan.de\/index.php?rest_route=%2Fwp%2Fv2%2Fcomments&post=2335"}],"version-history":[{"count":2,"href":"https:\/\/urlaub.vogt-clan.de\/index.php?rest_route=\/wp\/v2\/posts\/2335\/revisions"}],"predecessor-version":[{"id":2337,"href":"https:\/\/urlaub.vogt-clan.de\/index.php?rest_route=\/wp\/v2\/posts\/2335\/revisions\/2337"}],"wp:attachment":[{"href":"https:\/\/urlaub.vogt-clan.de\/index.php?rest_route=%2Fwp%2Fv2%2Fmedia&parent=2335"}],"wp:term":[{"taxonomy":"category","embeddable":true,"href":"https:\/\/urlaub.vogt-clan.de\/index.php?rest_route=%2Fwp%2Fv2%2Fcategories&post=2335"},{"taxonomy":"post_tag","embeddable":true,"href":"https:\/\/urlaub.vogt-clan.de\/index.php?rest_route=%2Fwp%2Fv2%2Ftags&post=2335"}],"curies":[{"name":"wp","href":"https:\/\/api.w.org\/{rel}","templated":true}]}}