{"id":2207,"date":"2013-04-28T22:21:23","date_gmt":"2013-04-28T20:21:23","guid":{"rendered":"http:\/\/urlaub.vogt-clan.de\/?p=2207"},"modified":"2014-01-11T20:46:03","modified_gmt":"2014-01-11T19:46:03","slug":"der-camper-2","status":"publish","type":"post","link":"https:\/\/urlaub.vogt-clan.de\/?p=2207","title":{"rendered":"Der Camper"},"content":{"rendered":"<p>Inzwischen haben wir einen fahrbaren Untersatz gebucht. Vom 31.01.14 bis 25.02.14 wird ein Apollo Allrad-Camper unser neues Zuhause sein. Damit sollten wir die Ecken des Landes, die uns interessieren, problemlos erreichen k\u00f6nnen.<\/p>\n<p>Allerdings muss man sich wohl vom Gep\u00e4ck her einschr\u00e4nken, der Stauraum soll doch knapp sein. Also nichts mit Hartschalenkoffern u.\u00e4., Reisetaschen und Rucks\u00e4cke sind gefragt. Und ob dann noch Platz f\u00fcr Karl bleibt?<\/p>\n<p><a href=\"https:\/\/urlaub.vogt-clan.de\/wp-content\/uploads\/2013\/04\/apollo.jpg\"><img loading=\"lazy\" decoding=\"async\" class=\"aligncenter size-full wp-image-2208\" alt=\"apollo\" src=\"https:\/\/urlaub.vogt-clan.de\/wp-content\/uploads\/2013\/04\/apollo.jpg\" width=\"501\" height=\"290\" srcset=\"https:\/\/urlaub.vogt-clan.de\/wp-content\/uploads\/2013\/04\/apollo.jpg 501w, https:\/\/urlaub.vogt-clan.de\/wp-content\/uploads\/2013\/04\/apollo-300x173.jpg 300w\" sizes=\"auto, (max-width: 501px) 85vw, 501px\" \/><\/a><\/p>\n","protected":false},"excerpt":{"rendered":"<p>Inzwischen haben wir einen fahrbaren Untersatz gebucht. Vom 31.01.14 bis 25.02.14 wird ein Apollo Allrad-Camper unser neues Zuhause sein. Damit sollten wir die Ecken des Landes, die uns interessieren, problemlos erreichen k\u00f6nnen. Allerdings muss man sich wohl vom Gep\u00e4ck her einschr\u00e4nken, der Stauraum soll doch knapp sein. Also nichts mit Hartschalenkoffern u.\u00e4., Reisetaschen und Rucks\u00e4cke &hellip; <a href=\"https:\/\/urlaub.vogt-clan.de\/?p=2207\" class=\"more-link\"><span class=\"screen-reader-text\">\u201eDer Camper\u201c <\/span>weiterlesen<\/a><\/p>\n","protected":false},"author":3,"featured_media":0,"comment_status":"open","ping_status":"open","sticky":false,"template":"","format":"standard","meta":{"_s2mail":"yes","footnotes":""},"categories":[270],"tags":[258],"class_list":["post-2207","post","type-post","status-publish","format-standard","hentry","category-australien14","tag-australien"],"jetpack_featured_media_url":"","_links":{"self":[{"href":"https:\/\/urlaub.vogt-clan.de\/index.php?rest_route=\/wp\/v2\/posts\/2207","targetHints":{"allow":["GET"]}}],"collection":[{"href":"https:\/\/urlaub.vogt-clan.de\/index.php?rest_route=\/wp\/v2\/posts"}],"about":[{"href":"https:\/\/urlaub.vogt-clan.de\/index.php?rest_route=\/wp\/v2\/types\/post"}],"author":[{"embeddable":true,"href":"https:\/\/urlaub.vogt-clan.de\/index.php?rest_route=\/wp\/v2\/users\/3"}],"replies":[{"embeddable":true,"href":"https:\/\/urlaub.vogt-clan.de\/index.php?rest_route=%2Fwp%2Fv2%2Fcomments&post=2207"}],"version-history":[{"count":8,"href":"https:\/\/urlaub.vogt-clan.de\/index.php?rest_route=\/wp\/v2\/posts\/2207\/revisions"}],"predecessor-version":[{"id":2220,"href":"https:\/\/urlaub.vogt-clan.de\/index.php?rest_route=\/wp\/v2\/posts\/2207\/revisions\/2220"}],"wp:attachment":[{"href":"https:\/\/urlaub.vogt-clan.de\/index.php?rest_route=%2Fwp%2Fv2%2Fmedia&parent=2207"}],"wp:term":[{"taxonomy":"category","embeddable":true,"href":"https:\/\/urlaub.vogt-clan.de\/index.php?rest_route=%2Fwp%2Fv2%2Fcategories&post=2207"},{"taxonomy":"post_tag","embeddable":true,"href":"https:\/\/urlaub.vogt-clan.de\/index.php?rest_route=%2Fwp%2Fv2%2Ftags&post=2207"}],"curies":[{"name":"wp","href":"https:\/\/api.w.org\/{rel}","templated":true}]}}