{"id":2028,"date":"2013-01-03T13:55:38","date_gmt":"2013-01-03T12:55:38","guid":{"rendered":"http:\/\/urlaub.vogt-clan.de\/?p=2028"},"modified":"2013-01-26T09:31:28","modified_gmt":"2013-01-26T08:31:28","slug":"zwischenspiel","status":"publish","type":"post","link":"https:\/\/urlaub.vogt-clan.de\/?p=2028","title":{"rendered":"Zwischenspiel"},"content":{"rendered":"<p>Der Stra\u00dfenverkehr in Myanmar ist noch ein bisschen heftiger als in anderen asiatischen L\u00e4ndern. \u00dcber Land sind die Stra\u00dfen schlecht, man kommt nur langsam vorw\u00e4rts, daf\u00fcr h\u00e4lt sich dort noch der Verkehr in Grenzen. In den gro\u00dfen St\u00e4dten wir Yangon und Mandalay ist daf\u00fcr st\u00e4ndig Verkehrschaos.<\/p>\n<p>B\u00fcrgersteige gibt es nicht oder sie sind mit Moppeds, Fressst\u00e4nden oder anderem zugestellt. Geht man zu Fu\u00df, l\u00e4uft man auf der Stra\u00dfe. Und das bei unz\u00e4hligen Auto, Moppeds und Fahrr\u00e4dern, die alle kreuz und quer fahren und sich nach unserem Verst\u00e4ndnis an keine Regeln halten. Besonders lustig wird das in der Dunkelheit, wenn gut 20 {e06c4460f0f60654014d232aa1c4c6d9683f9a595a6456ccce0ce1d3af8c9561} davon auch noch ohne Licht unterwegs sind. Wenn man sich erst mal dran gew\u00f6hnt hat, kommt man aber erstaunlicherweise auch damit zurecht.<\/p>\n<p>Unser Guide Nan spricht, wie bereits erw\u00e4hnt, ein recht verst\u00e4ndliches Deutsch. Allerdings &#8216;kn\u00f6delt&#8217; er manchmal mit der Aussprache und hat mit einigen Buchstaben Probleme, f\u00fcr die der asiatische Kehlkopf scheinbar nicht geeignet ist. Erinnerungen an den &#8216;F\u00f6nig&#8217; von Dirk Bach werden wach, wenn beim &#8216;Bahnhof&#8217; das &#8216;f&#8217; fehlt oder &#8216;Hirsch&#8217; ohne &#8216;sch&#8217; gesprochen wird. Aber er ist wirklich immer da und erledigt alles, was ansteht. Eintrittskarten, Fotoberechtigungen, alles kauft er automatisch. Wenn wir in das Auto einsteigen, stehen 2 Flaschen Wasser &#8211; gerne gefroren &#8211; bereit und nach dem Pagodengang, der barfu\u00df vorgenommen wird, reicht er Reinigungst\u00fccher f\u00fcr die F\u00fc\u00dfe. Man k\u00f6nnte sich fast an einen solchen guten Geist gew\u00f6hnen.<\/p>\n<p>Zum Wasser: es hat sich hier offensichtlich die Meinung gebildet, dass der Europ\u00e4er ab 20 Grad plus kurz vor dem Hitzeschock steht. Das f\u00fchrt neben dem erw\u00e4hnten gefrorenen Wasser dazu, dass schon am fr\u00fchen Morgen die Klimaanlage im Auto auf 20 Grad steht. Alles gute Zureden hilft nicht, man will uns was Gutes tun. Also schalten wir die D\u00fcsen im hinteren Bereich des Autos ab und Fahrer und Guide sitzen vorne mit lange, Hemd, Pullunder und Jacke.<\/p>\n<p>Es ist sowieso erstaunlich, wie unterschiedlich das Temperaturempfinden ist: hier ist jetzt Winter mit Temperaturen zwischen 20 und 33 Grad, im Sommer geht es hoch bis 48. Also sind die Leute vormittags mit Felljacken, Wollm\u00fctzen und Handschuhen unterwegs. Wir werden da mit unseren Bermudas und kurzen Hemden regelrecht begafft.<\/p>\n","protected":false},"excerpt":{"rendered":"<p>Der Stra\u00dfenverkehr in Myanmar ist noch ein bisschen heftiger als in anderen asiatischen L\u00e4ndern. \u00dcber Land sind die Stra\u00dfen schlecht, man kommt nur langsam vorw\u00e4rts, daf\u00fcr h\u00e4lt sich dort noch der Verkehr in Grenzen. In den gro\u00dfen St\u00e4dten wir Yangon und Mandalay ist daf\u00fcr st\u00e4ndig Verkehrschaos. B\u00fcrgersteige gibt es nicht oder sie sind mit Moppeds, &hellip; <a href=\"https:\/\/urlaub.vogt-clan.de\/?p=2028\" class=\"more-link\"><span class=\"screen-reader-text\">\u201eZwischenspiel\u201c <\/span>weiterlesen<\/a><\/p>\n","protected":false},"author":3,"featured_media":0,"comment_status":"open","ping_status":"open","sticky":false,"template":"","format":"standard","meta":{"_s2mail":"","footnotes":""},"categories":[254],"tags":[257,268,256],"class_list":["post-2028","post","type-post","status-publish","format-standard","hentry","category-myanmar13","tag-asien","tag-land-und-leute","tag-myanmar"],"jetpack_featured_media_url":"","_links":{"self":[{"href":"https:\/\/urlaub.vogt-clan.de\/index.php?rest_route=\/wp\/v2\/posts\/2028","targetHints":{"allow":["GET"]}}],"collection":[{"href":"https:\/\/urlaub.vogt-clan.de\/index.php?rest_route=\/wp\/v2\/posts"}],"about":[{"href":"https:\/\/urlaub.vogt-clan.de\/index.php?rest_route=\/wp\/v2\/types\/post"}],"author":[{"embeddable":true,"href":"https:\/\/urlaub.vogt-clan.de\/index.php?rest_route=\/wp\/v2\/users\/3"}],"replies":[{"embeddable":true,"href":"https:\/\/urlaub.vogt-clan.de\/index.php?rest_route=%2Fwp%2Fv2%2Fcomments&post=2028"}],"version-history":[{"count":1,"href":"https:\/\/urlaub.vogt-clan.de\/index.php?rest_route=\/wp\/v2\/posts\/2028\/revisions"}],"predecessor-version":[{"id":2179,"href":"https:\/\/urlaub.vogt-clan.de\/index.php?rest_route=\/wp\/v2\/posts\/2028\/revisions\/2179"}],"wp:attachment":[{"href":"https:\/\/urlaub.vogt-clan.de\/index.php?rest_route=%2Fwp%2Fv2%2Fmedia&parent=2028"}],"wp:term":[{"taxonomy":"category","embeddable":true,"href":"https:\/\/urlaub.vogt-clan.de\/index.php?rest_route=%2Fwp%2Fv2%2Fcategories&post=2028"},{"taxonomy":"post_tag","embeddable":true,"href":"https:\/\/urlaub.vogt-clan.de\/index.php?rest_route=%2Fwp%2Fv2%2Ftags&post=2028"}],"curies":[{"name":"wp","href":"https:\/\/api.w.org\/{rel}","templated":true}]}}