{"id":1444,"date":"2012-08-20T15:18:32","date_gmt":"2012-08-20T13:18:32","guid":{"rendered":"http:\/\/urlaub.vogt-clan.de\/?p=1444"},"modified":"2012-11-25T10:59:32","modified_gmt":"2012-11-25T09:59:32","slug":"westcoast-np","status":"publish","type":"post","link":"https:\/\/urlaub.vogt-clan.de\/?p=1444","title":{"rendered":"Westcoast NP"},"content":{"rendered":"<p>Bereits auf der Fahrt zum Westcoast NP kommen wir an diversen kleinen Wildreservaten vorbei, in denen die Blumen um die Wette bl\u00fchen.<\/p>\n<figure id=\"attachment_1473\" aria-describedby=\"caption-attachment-1473\" style=\"width: 438px\" class=\"wp-caption aligncenter\"><a href=\"https:\/\/urlaub.vogt-clan.de\/wp-content\/uploads\/2012\/08\/P1030836.jpg\" target=\"_blank\"><img loading=\"lazy\" decoding=\"async\" class=\" wp-image-1473 \" title=\"Blumenwiese\" src=\"https:\/\/urlaub.vogt-clan.de\/wp-content\/uploads\/2012\/08\/P1030836-1024x768.jpg\" alt=\"\" width=\"438\" height=\"328\" srcset=\"https:\/\/urlaub.vogt-clan.de\/wp-content\/uploads\/2012\/08\/P1030836-1024x768.jpg 1024w, https:\/\/urlaub.vogt-clan.de\/wp-content\/uploads\/2012\/08\/P1030836-300x225.jpg 300w, https:\/\/urlaub.vogt-clan.de\/wp-content\/uploads\/2012\/08\/P1030836-624x468.jpg 624w, https:\/\/urlaub.vogt-clan.de\/wp-content\/uploads\/2012\/08\/P1030836.jpg 2048w\" sizes=\"auto, (max-width: 438px) 85vw, 438px\" \/><\/a><figcaption id=\"caption-attachment-1473\" class=\"wp-caption-text\">Bianka auf der ersten Blumenwiese im Tinie Versfeld<\/figcaption><\/figure>\n<p>Trifft man mal Leute, hei\u00dft es:<\/p>\n<p>&#8220;Wisst ihr Bescheid, Postberg ist ge\u00f6ffnet?&#8221;. Das ist genau der Teil des Westcoast Parks, zu dem wir wollen. Bereits zweimal waren wir hier, als diese Sektion geschlossen war &#8211; ge\u00f6ffnet ist sie nur im August und September zur Bl\u00fcte. Jedesmal haben wir uns gesagt: wir m\u00fcssen unbedingt wieder kommen, wenn &#8230;<\/p>\n<p>Diesmal haben wir es geschafft und die Bedingungen &#8211; viel Regen in den Vorwochen &#8211; scheinen perfekt zu sein.<\/p>\n<figure id=\"attachment_1470\" aria-describedby=\"caption-attachment-1470\" style=\"width: 438px\" class=\"wp-caption aligncenter\"><a href=\"https:\/\/urlaub.vogt-clan.de\/wp-content\/uploads\/2012\/08\/P1030895.jpg\" target=\"_blank\"><img loading=\"lazy\" decoding=\"async\" class=\" wp-image-1470  \" title=\"Haus\" src=\"https:\/\/urlaub.vogt-clan.de\/wp-content\/uploads\/2012\/08\/P1030895-1024x768.jpg\" alt=\"\" width=\"438\" height=\"328\" srcset=\"https:\/\/urlaub.vogt-clan.de\/wp-content\/uploads\/2012\/08\/P1030895-1024x768.jpg 1024w, https:\/\/urlaub.vogt-clan.de\/wp-content\/uploads\/2012\/08\/P1030895-300x225.jpg 300w, https:\/\/urlaub.vogt-clan.de\/wp-content\/uploads\/2012\/08\/P1030895-624x468.jpg 624w, https:\/\/urlaub.vogt-clan.de\/wp-content\/uploads\/2012\/08\/P1030895.jpg 2048w\" sizes=\"auto, (max-width: 438px) 85vw, 438px\" \/><\/a><figcaption id=\"caption-attachment-1470\" class=\"wp-caption-text\">Duinepos Chalet Nr. 10, toll bis auf den qualmenden Kamin<\/figcaption><\/figure>\n<p>Direkt nach Bezug des H\u00e4uschens geht es auch los und die Anblicke sind atemberaubend. Zum Gl\u00fcck &#8220;verlaufen&#8221; sich die ziemlich vielen Besucher im Gel\u00e4nde.<\/p>\n<figure id=\"attachment_1471\" aria-describedby=\"caption-attachment-1471\" style=\"width: 438px\" class=\"wp-caption aligncenter\"><a href=\"https:\/\/urlaub.vogt-clan.de\/wp-content\/uploads\/2012\/08\/P1030985.jpg\" target=\"_blank\"><img loading=\"lazy\" decoding=\"async\" class=\" wp-image-1471  \" title=\"Wiese\" src=\"https:\/\/urlaub.vogt-clan.de\/wp-content\/uploads\/2012\/08\/P1030985-1024x768.jpg\" alt=\"\" width=\"438\" height=\"328\" srcset=\"https:\/\/urlaub.vogt-clan.de\/wp-content\/uploads\/2012\/08\/P1030985-1024x768.jpg 1024w, https:\/\/urlaub.vogt-clan.de\/wp-content\/uploads\/2012\/08\/P1030985-300x225.jpg 300w, https:\/\/urlaub.vogt-clan.de\/wp-content\/uploads\/2012\/08\/P1030985-624x468.jpg 624w, https:\/\/urlaub.vogt-clan.de\/wp-content\/uploads\/2012\/08\/P1030985.jpg 2048w\" sizes=\"auto, (max-width: 438px) 85vw, 438px\" \/><\/a><figcaption id=\"caption-attachment-1471\" class=\"wp-caption-text\">Eins von unz\u00e4hligen Blumenbildern aus dem Park<\/figcaption><\/figure>\n<figure id=\"attachment_1472\" aria-describedby=\"caption-attachment-1472\" style=\"width: 438px\" class=\"wp-caption aligncenter\"><a href=\"https:\/\/urlaub.vogt-clan.de\/wp-content\/uploads\/2012\/08\/P1040003.jpg\" target=\"_blank\"><img loading=\"lazy\" decoding=\"async\" class=\" wp-image-1472  \" title=\"Bock\" src=\"https:\/\/urlaub.vogt-clan.de\/wp-content\/uploads\/2012\/08\/P1040003-1024x768.jpg\" alt=\"\" width=\"438\" height=\"328\" srcset=\"https:\/\/urlaub.vogt-clan.de\/wp-content\/uploads\/2012\/08\/P1040003-1024x768.jpg 1024w, https:\/\/urlaub.vogt-clan.de\/wp-content\/uploads\/2012\/08\/P1040003-300x225.jpg 300w, https:\/\/urlaub.vogt-clan.de\/wp-content\/uploads\/2012\/08\/P1040003-624x468.jpg 624w, https:\/\/urlaub.vogt-clan.de\/wp-content\/uploads\/2012\/08\/P1040003.jpg 2048w\" sizes=\"auto, (max-width: 438px) 85vw, 438px\" \/><\/a><figcaption id=\"caption-attachment-1472\" class=\"wp-caption-text\">Auch Antilopen kann man hier sehen, werden aber zur Nebensache<\/figcaption><\/figure>\n","protected":false},"excerpt":{"rendered":"<p>Bereits auf der Fahrt zum Westcoast NP kommen wir an diversen kleinen Wildreservaten vorbei, in denen die Blumen um die Wette bl\u00fchen. Trifft man mal Leute, hei\u00dft es: &#8220;Wisst ihr Bescheid, Postberg ist ge\u00f6ffnet?&#8221;. Das ist genau der Teil des Westcoast Parks, zu dem wir wollen. Bereits zweimal waren wir hier, als diese Sektion geschlossen &hellip; <a href=\"https:\/\/urlaub.vogt-clan.de\/?p=1444\" class=\"more-link\"><span class=\"screen-reader-text\">\u201eWestcoast NP\u201c <\/span>weiterlesen<\/a><\/p>\n","protected":false},"author":3,"featured_media":0,"comment_status":"open","ping_status":"open","sticky":false,"template":"","format":"standard","meta":{"_s2mail":"yes","footnotes":""},"categories":[253],"tags":[255],"class_list":["post-1444","post","type-post","status-publish","format-standard","hentry","category-afrika12","tag-afrika"],"jetpack_featured_media_url":"","_links":{"self":[{"href":"https:\/\/urlaub.vogt-clan.de\/index.php?rest_route=\/wp\/v2\/posts\/1444","targetHints":{"allow":["GET"]}}],"collection":[{"href":"https:\/\/urlaub.vogt-clan.de\/index.php?rest_route=\/wp\/v2\/posts"}],"about":[{"href":"https:\/\/urlaub.vogt-clan.de\/index.php?rest_route=\/wp\/v2\/types\/post"}],"author":[{"embeddable":true,"href":"https:\/\/urlaub.vogt-clan.de\/index.php?rest_route=\/wp\/v2\/users\/3"}],"replies":[{"embeddable":true,"href":"https:\/\/urlaub.vogt-clan.de\/index.php?rest_route=%2Fwp%2Fv2%2Fcomments&post=1444"}],"version-history":[{"count":5,"href":"https:\/\/urlaub.vogt-clan.de\/index.php?rest_route=\/wp\/v2\/posts\/1444\/revisions"}],"predecessor-version":[{"id":1879,"href":"https:\/\/urlaub.vogt-clan.de\/index.php?rest_route=\/wp\/v2\/posts\/1444\/revisions\/1879"}],"wp:attachment":[{"href":"https:\/\/urlaub.vogt-clan.de\/index.php?rest_route=%2Fwp%2Fv2%2Fmedia&parent=1444"}],"wp:term":[{"taxonomy":"category","embeddable":true,"href":"https:\/\/urlaub.vogt-clan.de\/index.php?rest_route=%2Fwp%2Fv2%2Fcategories&post=1444"},{"taxonomy":"post_tag","embeddable":true,"href":"https:\/\/urlaub.vogt-clan.de\/index.php?rest_route=%2Fwp%2Fv2%2Ftags&post=1444"}],"curies":[{"name":"wp","href":"https:\/\/api.w.org\/{rel}","templated":true}]}}