{"id":119,"date":"2004-03-26T12:07:35","date_gmt":"2004-03-26T10:07:35","guid":{"rendered":"http:\/\/urlaub.vogt-clan.de\/2004\/03\/26\/der-goldene-felsen\/"},"modified":"2012-10-22T18:30:22","modified_gmt":"2012-10-22T16:30:22","slug":"der-goldene-felsen","status":"publish","type":"post","link":"https:\/\/urlaub.vogt-clan.de\/?p=119","title":{"rendered":"Der goldene Felsen"},"content":{"rendered":"<p><!--[if !mso]&gt;  v\\:* {behavior:url(#default#VML);} o\\:* {behavior:url(#default#VML);} w\\:* {behavior:url(#default#VML);} .shape {behavior:url(#default#VML);}       Normal   0   21         false   false   false                             MicrosoftInternetExplorer4           \/* Style Definitions *\/  table.MsoNormalTable \t{mso-style-name:\"Normale Tabelle\"; \tmso-tstyle-rowband-size:0; \tmso-tstyle-colband-size:0; \tmso-style-noshow:yes; \tmso-style-parent:\"\"; \tmso-padding-alt:0cm 5.4pt 0cm 5.4pt; \tmso-para-margin:0cm; \tmso-para-margin-bottom:.0001pt; \tmso-pagination:widow-orphan; \tfont-size:10.0pt; \tfont-family:\"Times New Roman\"; \tmso-ansi-language:#0400; \tmso-fareast-language:#0400; \tmso-bidi-language:#0400;}            --><\/p>\n<p>Und wieder klingelt der Wecker um 4.45 Uhr.<\/p>\n<p>Beim Fr\u00fchst\u00fcck erz\u00e4hlte Jupp, er habe leichten Durchfall und w\u00fcrde nicht mit zum goldenen Felsen kommen. Das war f\u00fcr mich schon ein Grund, ihn ein bisschen zu bedauern und ich gab ihm noch gute Ratschl\u00e4ge, was er essen und trinken kann und was besser nicht, aber in Gedanken hatte ich mir seinen Platz direkt unter den Nagel gerissen. Gesagt war auch getan. Hasi hat auf der Hin- und auf der R\u00fcckfahrt eine Bank f\u00fcr sich alleine und ich sa\u00df hinter ihm auf dem einzigen einzelnen Platz. So war die Fahrt hin und zur\u00fcck fast ein Genuss.<\/p>\n<p>Nach einem kurzen Kaffeestopp erreichten wir gegen 9.00 Uhr das Basis Lager Kinpun Camp. Mit einem recht mulmigen Gef\u00fchl bestiegen wir \u00fcber eine Holzrampe die Ladefl\u00e4che eines LKWs. Unser Bus w\u00fcrde die Fahrt zum n\u00e4chsten Lager nicht machen k\u00f6nnen, da die Strecke zu steil und zu eng w\u00e4re, so war die Erkl\u00e4rung von Heiko f\u00fcr den Autowechsel.<\/p>\n<p>Wir hatten gerade einigerma\u00dfen Platz auf den provisorisch gezimmerten Holzb\u00e4nkchen gefunden, da ging es auch schon in einem Affenzahn nach Kyaito. Die Stra\u00dfe war megasteil und es ging permanent hoch und den Berg wieder runter. Zu unserer Beruhigung war die enge Stra\u00dfe in einem guten Zustand und es schien so, als w\u00fcrde immer nur ein Auto auf der Stra\u00dfe fahren d\u00fcrfen, also entweder hoch oder runter. Der Laster war aufgrund der zu \u00fcberwindenden H\u00f6henmeter nicht der Schnellste und wir brauchten f\u00fcr 10 km 45 Minuten.<\/p>\n<figure id=\"attachment_1086\" aria-describedby=\"caption-attachment-1086\" style=\"width: 1024px\" class=\"wp-caption aligncenter\"><a href=\"https:\/\/urlaub.vogt-clan.de\/wp-content\/uploads\/2004\/03\/416.jpg\" target=\"_blank\"><img loading=\"lazy\" decoding=\"async\" class=\" wp-image-1086 \" title=\"Auffahrt\" src=\"https:\/\/urlaub.vogt-clan.de\/wp-content\/uploads\/2004\/03\/416-1024x768.jpg\" alt=\"\" width=\"1024\" height=\"768\" srcset=\"https:\/\/urlaub.vogt-clan.de\/wp-content\/uploads\/2004\/03\/416-1024x768.jpg 1024w, https:\/\/urlaub.vogt-clan.de\/wp-content\/uploads\/2004\/03\/416-300x225.jpg 300w, https:\/\/urlaub.vogt-clan.de\/wp-content\/uploads\/2004\/03\/416-400x300.jpg 400w, https:\/\/urlaub.vogt-clan.de\/wp-content\/uploads\/2004\/03\/416.jpg 2048w\" sizes=\"auto, (max-width: 709px) 85vw, (max-width: 909px) 67vw, (max-width: 1362px) 62vw, 840px\" \/><\/a><figcaption id=\"caption-attachment-1086\" class=\"wp-caption-text\">So \u00e4hnlich sah es auch bei unserer Auffahrt mit dem LKW aus<\/figcaption><\/figure>\n<p>Am Ende der Fahrt kamen wir zu einer Art Vorplatz, von wo aus wir den restlichen Weg, 3 km, zu Fu\u00df zur\u00fccklegen mussten. Aber gaaaaaanz langsam, denn der Weg war der heftigst steilste, den ich je gegangen bin. Pilger k\u00f6nnen sich durch den schwei\u00dftreibenden Aufstieg religi\u00f6se Verdienste erwerben. Ich habe so geschwitzt und gepustet, dass es bei mir f\u00fcr mind. 2 Leben ausreichen m\u00fcsste. Die Tr\u00e4ger der S\u00e4nften habe ich nat\u00fcrlich mit todesverachtendem Blick weggeschickt, obwohl mir der Gedanke, nach oben getragen zu werden, schon gefallen h\u00e4tte.<\/p>\n<figure id=\"attachment_1085\" aria-describedby=\"caption-attachment-1085\" style=\"width: 1024px\" class=\"wp-caption aligncenter\"><a href=\"https:\/\/urlaub.vogt-clan.de\/wp-content\/uploads\/2004\/03\/415.jpg\" target=\"_blank\"><img loading=\"lazy\" decoding=\"async\" class=\" wp-image-1085 \" title=\"Trage\" src=\"https:\/\/urlaub.vogt-clan.de\/wp-content\/uploads\/2004\/03\/415-1024x768.jpg\" alt=\"\" width=\"1024\" height=\"768\" srcset=\"https:\/\/urlaub.vogt-clan.de\/wp-content\/uploads\/2004\/03\/415-1024x768.jpg 1024w, https:\/\/urlaub.vogt-clan.de\/wp-content\/uploads\/2004\/03\/415-300x224.jpg 300w, https:\/\/urlaub.vogt-clan.de\/wp-content\/uploads\/2004\/03\/415-400x300.jpg 400w\" sizes=\"auto, (max-width: 709px) 85vw, (max-width: 909px) 67vw, (max-width: 1362px) 62vw, 840px\" \/><\/a><figcaption id=\"caption-attachment-1085\" class=\"wp-caption-text\">Man h\u00e4tte sich auch tragen lassen k\u00f6nnen &#8211; gilt dann aber nicht als Pilgerweg<\/figcaption><\/figure>\n<p>Nach einiger Zeit gab es f\u00fcr mich als Belohnung, dass ich schon fast den ganzen Berg geschafft hatte und nur noch ein paar Treppen zu steigen sind, eine k\u00fchle Kokosnuss zu trinken. Ein Genuss, den ich mir verdient hatte.<\/p>\n<p>Am Rande der Treppenstufen hatten H\u00e4ndler ihre Zelte aufgeschlagen, hier gab es so viel zu sehen, dass ich auch wieder nicht vorw\u00e4rts kam.<\/p>\n<p>Alles Sachen, die einen medizinischen Zweck erf\u00fcllen sollen und die ich nur vom H\u00f6rensagen kannte: Schlangenh\u00e4ute, Tieraugen, B\u00e4rentatzen und auch getrocknete Affen- und B\u00e4renk\u00f6pfe.<\/p>\n<p>Dann waren wir aber endlich da. Zuerst hie\u00df es wieder &#8220;Schuhe aus&#8221;. Ich hatte vergessen zu z\u00e4hlen, wie oft ich in diesem Urlaub die Schuhe an und aus gezogen haben, aber es war \u00f6fter als in einem der Urlaube vorher. Das Schild, das Frauen darauf hinwies, die Tempelanlage nicht mit Hosen zu betreten, wurde von mir mit einem Schmunzeln passiert. Ich lie\u00df meine Hose nat\u00fcrlich an (eigentlich waren es ja zwei Hosen, die angelassen wurden), meine Knie waren bedeckt und vom Bein war daher nur der &#8220;schickliche Teil&#8221; zu sehen.<\/p>\n<p>Dann sah ich ihn aber auch schon, den goldenen Felsen.<\/p>\n<figure id=\"attachment_1087\" aria-describedby=\"caption-attachment-1087\" style=\"width: 768px\" class=\"wp-caption aligncenter\"><a href=\"https:\/\/urlaub.vogt-clan.de\/wp-content\/uploads\/2004\/03\/418.jpg\" target=\"_blank\"><img loading=\"lazy\" decoding=\"async\" class=\" wp-image-1087 \" title=\"Fels1\" src=\"https:\/\/urlaub.vogt-clan.de\/wp-content\/uploads\/2004\/03\/418-768x1024.jpg\" alt=\"\" width=\"768\" height=\"1024\" srcset=\"https:\/\/urlaub.vogt-clan.de\/wp-content\/uploads\/2004\/03\/418-768x1024.jpg 768w, https:\/\/urlaub.vogt-clan.de\/wp-content\/uploads\/2004\/03\/418-225x300.jpg 225w, https:\/\/urlaub.vogt-clan.de\/wp-content\/uploads\/2004\/03\/418.jpg 1536w\" sizes=\"auto, (max-width: 709px) 85vw, (max-width: 909px) 67vw, (max-width: 984px) 61vw, (max-width: 1362px) 45vw, 600px\" \/><\/a><figcaption id=\"caption-attachment-1087\" class=\"wp-caption-text\">Der goldene Felsen aus Entfernung<\/figcaption><\/figure>\n<p>Wie eine Zipfelm\u00fctze thront die immerhin 6 Meter hohe Stupa auf dem Kopf des Findlings, der wie festgenagelt am 1100 Meter tiefen Abgrund klebt. Nat\u00fcrlich ist auch er von oben bis unten mit Blattgold zugeklebt. Ich frage mich, wie es m\u00f6glich ist, dass auch der hintere Bereich golden ist, also da, wo man nicht so ohne weiteres hingelangen kann. Keiner der Umstehenden, die genauso heftig knipsen wie ich, kann die Frage beantworten. Auf die Frage, warum der Felsen nicht herunterf\u00e4llt, von wegen der Erdanziehung und so, wei\u00df auch keiner eine Antwort. Ich belasse es dann mal bei dem M\u00e4rchen, dass sich im Inneren des Felsens ein Haar von Buddha befindet, das sorgt f\u00fcr das Gleichgewicht.<\/p>\n<p>An dem Gel\u00e4nder rund um den goldenen Felsen waren von Pilgern kleine Glocken aufgeh\u00e4ngt, so klingt auch hier die Glockenmusik, die mich von Anfang an begeistert hat.<\/p>\n<figure id=\"attachment_1088\" aria-describedby=\"caption-attachment-1088\" style=\"width: 1024px\" class=\"wp-caption aligncenter\"><a href=\"https:\/\/urlaub.vogt-clan.de\/wp-content\/uploads\/2004\/03\/421.jpg\" target=\"_blank\"><img loading=\"lazy\" decoding=\"async\" class=\" wp-image-1088 \" title=\"Fels2\" src=\"https:\/\/urlaub.vogt-clan.de\/wp-content\/uploads\/2004\/03\/421-1024x768.jpg\" alt=\"\" width=\"1024\" height=\"768\" srcset=\"https:\/\/urlaub.vogt-clan.de\/wp-content\/uploads\/2004\/03\/421-1024x768.jpg 1024w, https:\/\/urlaub.vogt-clan.de\/wp-content\/uploads\/2004\/03\/421-300x224.jpg 300w, https:\/\/urlaub.vogt-clan.de\/wp-content\/uploads\/2004\/03\/421-400x300.jpg 400w\" sizes=\"auto, (max-width: 709px) 85vw, (max-width: 909px) 67vw, (max-width: 1362px) 62vw, 840px\" \/><\/a><figcaption id=\"caption-attachment-1088\" class=\"wp-caption-text\">Und aus der N\u00e4he &#8211; rechts erkennt man die Gl\u00f6ckchen<\/figcaption><\/figure>\n<p>Wie ich so mit Hasi \u00fcber die Plattform laufe, kommen wir an einer Bude vorbei, die Messingglocken verkauft. Davon muss ich welche haben, ich will, dass es zu Hause auch so klingt, wie an all\u00b4 den sch\u00f6nen St\u00e4tten im Urlaub. 5 Messingglocken fahren mit uns nach Deutschland, in verschiedenen Gr\u00f6\u00dfen und daher auch mit verschiedenen T\u00f6nen. Eine Spendenquittung f\u00fcr die Steuer haben wir auch bekommen, aber Hasi hat sich schon geweigert, die bei der Lohnsteuererkl\u00e4rung mit einzureichen.<\/p>\n<p>Auf dem Weg den Berg wieder runter, kaufte ich noch einen Bambusstock, da werden die Glocken drangeh\u00e4ngt, wie so eine Art Windspiel stelle ich es mir vor.<\/p>\n<p>Die R\u00fcckfahrt brachte noch eine Kaffeepause und einen Tankstopp &#8211; also nichts Aufregendes.<\/p>\n<p>Daf\u00fcr war der Abend wieder sau lustig. Wir sa\u00dfen mit Roland und Co zusammen, futterten seine Wassermelone, tranken seinen Whiskey und haben so gelacht, dass wir Tr\u00e4nen in den Augen hatten.<\/p>\n","protected":false},"excerpt":{"rendered":"<p>Und wieder klingelt der Wecker um 4.45 Uhr. Beim Fr\u00fchst\u00fcck erz\u00e4hlte Jupp, er habe leichten Durchfall und w\u00fcrde nicht mit zum goldenen Felsen kommen. Das war f\u00fcr mich schon ein Grund, ihn ein bisschen zu bedauern und ich gab ihm noch gute Ratschl\u00e4ge, was er essen und trinken kann und was besser nicht, aber in &hellip; <a href=\"https:\/\/urlaub.vogt-clan.de\/?p=119\" class=\"more-link\"><span class=\"screen-reader-text\">\u201eDer goldene Felsen\u201c <\/span>weiterlesen<\/a><\/p>\n","protected":false},"author":2,"featured_media":0,"comment_status":"open","ping_status":"open","sticky":false,"template":"","format":"standard","meta":{"_s2mail":"yes","footnotes":""},"categories":[245],"tags":[257,256],"class_list":["post-119","post","type-post","status-publish","format-standard","hentry","category-myanmar04","tag-asien","tag-myanmar"],"jetpack_featured_media_url":"","_links":{"self":[{"href":"https:\/\/urlaub.vogt-clan.de\/index.php?rest_route=\/wp\/v2\/posts\/119","targetHints":{"allow":["GET"]}}],"collection":[{"href":"https:\/\/urlaub.vogt-clan.de\/index.php?rest_route=\/wp\/v2\/posts"}],"about":[{"href":"https:\/\/urlaub.vogt-clan.de\/index.php?rest_route=\/wp\/v2\/types\/post"}],"author":[{"embeddable":true,"href":"https:\/\/urlaub.vogt-clan.de\/index.php?rest_route=\/wp\/v2\/users\/2"}],"replies":[{"embeddable":true,"href":"https:\/\/urlaub.vogt-clan.de\/index.php?rest_route=%2Fwp%2Fv2%2Fcomments&post=119"}],"version-history":[{"count":6,"href":"https:\/\/urlaub.vogt-clan.de\/index.php?rest_route=\/wp\/v2\/posts\/119\/revisions"}],"predecessor-version":[{"id":1084,"href":"https:\/\/urlaub.vogt-clan.de\/index.php?rest_route=\/wp\/v2\/posts\/119\/revisions\/1084"}],"wp:attachment":[{"href":"https:\/\/urlaub.vogt-clan.de\/index.php?rest_route=%2Fwp%2Fv2%2Fmedia&parent=119"}],"wp:term":[{"taxonomy":"category","embeddable":true,"href":"https:\/\/urlaub.vogt-clan.de\/index.php?rest_route=%2Fwp%2Fv2%2Fcategories&post=119"},{"taxonomy":"post_tag","embeddable":true,"href":"https:\/\/urlaub.vogt-clan.de\/index.php?rest_route=%2Fwp%2Fv2%2Ftags&post=119"}],"curies":[{"name":"wp","href":"https:\/\/api.w.org\/{rel}","templated":true}]}}