{"id":114,"date":"2004-03-21T11:42:38","date_gmt":"2004-03-21T09:42:38","guid":{"rendered":"http:\/\/urlaub.vogt-clan.de\/2004\/03\/21\/fahrt-nach-bagan\/"},"modified":"2012-10-20T19:36:44","modified_gmt":"2012-10-20T17:36:44","slug":"fahrt-nach-bagan","status":"publish","type":"post","link":"https:\/\/urlaub.vogt-clan.de\/?p=114","title":{"rendered":"Fahrt nach Bagan"},"content":{"rendered":"<p><!--[if !mso]&gt;  v\\:* {behavior:url(#default#VML);} o\\:* {behavior:url(#default#VML);} w\\:* {behavior:url(#default#VML);} .shape {behavior:url(#default#VML);}       Normal   0   21         false   false   false                             MicrosoftInternetExplorer4           \/* Style Definitions *\/  table.MsoNormalTable \t{mso-style-name:\"Normale Tabelle\"; \tmso-tstyle-rowband-size:0; \tmso-tstyle-colband-size:0; \tmso-style-noshow:yes; \tmso-style-parent:\"\"; \tmso-padding-alt:0cm 5.4pt 0cm 5.4pt; \tmso-para-margin:0cm; \tmso-para-margin-bottom:.0001pt; \tmso-pagination:widow-orphan; \tfont-size:10.0pt; \tfont-family:\"Times New Roman\"; \tmso-ansi-language:#0400; \tmso-fareast-language:#0400; \tmso-bidi-language:#0400;}            --><\/p>\n<p>Brutal!! Um 4.40 Uhr klingelt der Wecker. Schlaftrunken taperte ich als erste ins Bad, aber beim Fr\u00fchst\u00fcck gegen 5.30 Uhr lachten wir schon mit den Anderen \u00fcber unseren Dirch.<\/p>\n<p>P\u00fcnktlich um 6.00 Uhr ging die Fahrt nach Bagan los. Nach einer Stunde knallte es laut unter unserem Bus. Wir hielten an und die Diagnose, die sich sp\u00e4ter best\u00e4tigen sollte lautete: Bruch der rechten Blattfeder. Im Klartext hie\u00df das: Wir konnten nicht mehr so schnell fahren (obwohl, schnell ist dieser Bus noch nie gefahren) und m\u00fcssen insbesondere Rechtskurven langsam nehmen.<\/p>\n<p>Relativ gelassen nahmen alle Mitreisenden diese Mitteilung hin. Zu diesem Zeitpunkt ahnte auch keiner, dass &#8220;nicht mehr so schnell&#8221; 2 Stunden l\u00e4ngere Fahrtzeit bedeuten w\u00fcrde.<\/p>\n<p>Der erste Kaffeestopp war an einer langweiligen Kaffeebude, wo ich zuerst mit Hasi alleine sa\u00df, dann kamen z\u00f6gerlich unsere &#8220;Kinder&#8221; Susan und Erich mit an unseren Tisch und zum Schluss sahen die Anderen neidisch zu uns her\u00fcber, weil wir den meisten Spa\u00df hatten.<\/p>\n<p>Der zweite Stopp war an einem herrlichen See gelegen und der dritte Stopp war dann endlich der Mount Popa.<\/p>\n<figure id=\"attachment_1055\" aria-describedby=\"caption-attachment-1055\" style=\"width: 1024px\" class=\"wp-caption aligncenter\"><a href=\"https:\/\/urlaub.vogt-clan.de\/wp-content\/uploads\/2004\/03\/287.jpg\" target=\"_blank\"><img loading=\"lazy\" decoding=\"async\" class=\" wp-image-1055 \" title=\"Popa\" src=\"https:\/\/urlaub.vogt-clan.de\/wp-content\/uploads\/2004\/03\/287-1024x768.jpg\" alt=\"\" width=\"1024\" height=\"768\" srcset=\"https:\/\/urlaub.vogt-clan.de\/wp-content\/uploads\/2004\/03\/287-1024x768.jpg 1024w, https:\/\/urlaub.vogt-clan.de\/wp-content\/uploads\/2004\/03\/287-300x224.jpg 300w, https:\/\/urlaub.vogt-clan.de\/wp-content\/uploads\/2004\/03\/287-400x300.jpg 400w\" sizes=\"auto, (max-width: 709px) 85vw, (max-width: 909px) 67vw, (max-width: 1362px) 62vw, 840px\" \/><\/a><figcaption id=\"caption-attachment-1055\" class=\"wp-caption-text\">Mount Popa im Dunst<\/figcaption><\/figure>\n<p>Es war hei\u00df, ich hatte Durst, musste Pipi und wollte auf diesen Berg rauf.<\/p>\n<p>Also eins nach dem anderen: Wasser gegen den Durst, schwitzen gegen die Hitze und zwar viel, denn die Klos stanken so erb\u00e4rmlich, dass ich eher h\u00e4tte brechen k\u00f6nnen als pinkeln.<\/p>\n<p>777 Stufen lagen vor uns, nur 30 davon entsprachen in etwa den g\u00e4ngigen EU-Normen f\u00fcr \u00f6ffentliche Treppen.<\/p>\n<figure id=\"attachment_1056\" aria-describedby=\"caption-attachment-1056\" style=\"width: 1024px\" class=\"wp-caption aligncenter\"><a href=\"https:\/\/urlaub.vogt-clan.de\/wp-content\/uploads\/2004\/03\/294.jpg\" target=\"_blank\"><img loading=\"lazy\" decoding=\"async\" class=\" wp-image-1056 \" title=\"Treppe\" src=\"https:\/\/urlaub.vogt-clan.de\/wp-content\/uploads\/2004\/03\/294-1024x768.jpg\" alt=\"\" width=\"1024\" height=\"768\" srcset=\"https:\/\/urlaub.vogt-clan.de\/wp-content\/uploads\/2004\/03\/294-1024x768.jpg 1024w, https:\/\/urlaub.vogt-clan.de\/wp-content\/uploads\/2004\/03\/294-300x224.jpg 300w, https:\/\/urlaub.vogt-clan.de\/wp-content\/uploads\/2004\/03\/294-400x300.jpg 400w\" sizes=\"auto, (max-width: 709px) 85vw, (max-width: 909px) 67vw, (max-width: 1362px) 62vw, 840px\" \/><\/a><figcaption id=\"caption-attachment-1056\" class=\"wp-caption-text\">Treppenstufen ohne EU-Zulassung<\/figcaption><\/figure>\n<p>Ich schwitzte, ich keuchte, ich hatte Seitenstiche und &#8230;.. ich war oben!! Beim Mt. Popa ist der Weg das Ziel, zumindestens bei diesem diesigen Wetter, das wir hatten. Bei klarerer Sicht w\u00e4re ein klasse Rundumblick m\u00f6glich gewesen, also beschr\u00e4nkten sich die gemachten Fotos auf die von den herrlichen Nats, den Geistern Birmas. Jeder wird hier seinen eigenen Geist unter den insgesamt 37 Nats finden. Vom Alkoholiker bis zum Zahnarzt war alles vertreten.<\/p>\n<p>Dann ging es wieder in den Bus, um die beiden letzten Stunden Fahrt hinter uns zu bringen. Vereinzelt sahen wir Ochsenkarren mit einem etwa 100 Liter Holzfass als Ladung. Die Karren, die immer mehr wurden, schienen ein bestimmtes Ziel zu haben. Dann sahen wir Frauen und M\u00e4dchen, fein herausgeputzt mit Blumen im Haar und zwei Metallk\u00fcbel mit einer Holzstange tragend, in die gleiche Richtung laufen. Ein Brunnen: Das war des R\u00e4tsels L\u00f6sung.<\/p>\n<figure id=\"attachment_1057\" aria-describedby=\"caption-attachment-1057\" style=\"width: 1024px\" class=\"wp-caption aligncenter\"><a href=\"https:\/\/urlaub.vogt-clan.de\/wp-content\/uploads\/2004\/03\/300.jpg\" target=\"_blank\"><img loading=\"lazy\" decoding=\"async\" class=\" wp-image-1057 \" title=\"Brunnen\" src=\"https:\/\/urlaub.vogt-clan.de\/wp-content\/uploads\/2004\/03\/300-1024x768.jpg\" alt=\"\" width=\"1024\" height=\"768\" srcset=\"https:\/\/urlaub.vogt-clan.de\/wp-content\/uploads\/2004\/03\/300-1024x768.jpg 1024w, https:\/\/urlaub.vogt-clan.de\/wp-content\/uploads\/2004\/03\/300-300x225.jpg 300w, https:\/\/urlaub.vogt-clan.de\/wp-content\/uploads\/2004\/03\/300-400x300.jpg 400w, https:\/\/urlaub.vogt-clan.de\/wp-content\/uploads\/2004\/03\/300.jpg 2048w\" sizes=\"auto, (max-width: 709px) 85vw, (max-width: 909px) 67vw, (max-width: 1362px) 62vw, 840px\" \/><\/a><figcaption id=\"caption-attachment-1057\" class=\"wp-caption-text\">Ochsenkarren warten auf die Betankung mit Wasser<\/figcaption><\/figure>\n<p>Wir hielten an und sahen staunend der Prozedur zu. Der Brunnen, lt. Aufschrift von der UNESCO finanziert, ist hier die einzige Wasserquelle w\u00e4hrend der 5monatigen Trockenzeit. Aus einem Umkreis von mehreren Kilometern kamen Leute und reihten sich brav in eine Schlange. Ochsengespann stand an Ochsengespann und sie f\u00fcllten Wasser in die mitgebrachten Holzf\u00e4sser. Die Frauen und M\u00e4dchen f\u00fcllten das Wasser in ihre beiden Blechkanister und balancierten sie auf den Schultern tragend nach Hause. Es war beeindruckend und auch ern\u00fcchternd. Wir drehen, ohne dar\u00fcber nachzudenken, im Hotel das Wasser zum Duschen auf und beschweren uns auch noch, wenn der Wasserdruck nicht stark genug ist und hier wird das Wasser f\u00fcr die Menschen und auch f\u00fcr die Tiere noch t\u00e4glich geholt.<\/p>\n<figure id=\"attachment_1058\" aria-describedby=\"caption-attachment-1058\" style=\"width: 768px\" class=\"wp-caption aligncenter\"><a href=\"https:\/\/urlaub.vogt-clan.de\/wp-content\/uploads\/2004\/03\/304.jpg\" target=\"_blank\"><img loading=\"lazy\" decoding=\"async\" class=\" wp-image-1058 \" title=\"Traegerin\" src=\"https:\/\/urlaub.vogt-clan.de\/wp-content\/uploads\/2004\/03\/304-768x1024.jpg\" alt=\"\" width=\"768\" height=\"1024\" srcset=\"https:\/\/urlaub.vogt-clan.de\/wp-content\/uploads\/2004\/03\/304-768x1024.jpg 768w, https:\/\/urlaub.vogt-clan.de\/wp-content\/uploads\/2004\/03\/304-225x300.jpg 225w, https:\/\/urlaub.vogt-clan.de\/wp-content\/uploads\/2004\/03\/304.jpg 1536w\" sizes=\"auto, (max-width: 709px) 85vw, (max-width: 909px) 67vw, (max-width: 984px) 61vw, (max-width: 1362px) 45vw, 600px\" \/><\/a><figcaption id=\"caption-attachment-1058\" class=\"wp-caption-text\">Auch die Wassertr\u00e4gerinnen m\u00fcssen warten<\/figcaption><\/figure>\n<p>Der letzte Stopp vor Ankunft im Hotel war ein Palmzucker Hersteller. Hier kaufte ich gleich ein paar Bastk\u00f6rbchen gef\u00fcllt mit den Leckereien als Mittebringe ein. Das Essen nahmen wir am Abend in einem Lokal in einer lustigen Runde ein. Wir zahlten 4 Euro f\u00fcrs Bier und 2,60 Euro f\u00fcrs Essen. Satt und m\u00fcde lagen wir recht fr\u00fch im Bett, denn morgen geht es wieder mit den H\u00fchnern aus den Federn. Zum Sonnenaufgang.<\/p>\n","protected":false},"excerpt":{"rendered":"<p>Brutal!! Um 4.40 Uhr klingelt der Wecker. Schlaftrunken taperte ich als erste ins Bad, aber beim Fr\u00fchst\u00fcck gegen 5.30 Uhr lachten wir schon mit den Anderen \u00fcber unseren Dirch. P\u00fcnktlich um 6.00 Uhr ging die Fahrt nach Bagan los. Nach einer Stunde knallte es laut unter unserem Bus. Wir hielten an und die Diagnose, die &hellip; <a href=\"https:\/\/urlaub.vogt-clan.de\/?p=114\" class=\"more-link\"><span class=\"screen-reader-text\">\u201eFahrt nach Bagan\u201c <\/span>weiterlesen<\/a><\/p>\n","protected":false},"author":2,"featured_media":0,"comment_status":"open","ping_status":"open","sticky":false,"template":"","format":"standard","meta":{"_s2mail":"yes","footnotes":""},"categories":[245],"tags":[257,256],"class_list":["post-114","post","type-post","status-publish","format-standard","hentry","category-myanmar04","tag-asien","tag-myanmar"],"jetpack_featured_media_url":"","_links":{"self":[{"href":"https:\/\/urlaub.vogt-clan.de\/index.php?rest_route=\/wp\/v2\/posts\/114","targetHints":{"allow":["GET"]}}],"collection":[{"href":"https:\/\/urlaub.vogt-clan.de\/index.php?rest_route=\/wp\/v2\/posts"}],"about":[{"href":"https:\/\/urlaub.vogt-clan.de\/index.php?rest_route=\/wp\/v2\/types\/post"}],"author":[{"embeddable":true,"href":"https:\/\/urlaub.vogt-clan.de\/index.php?rest_route=\/wp\/v2\/users\/2"}],"replies":[{"embeddable":true,"href":"https:\/\/urlaub.vogt-clan.de\/index.php?rest_route=%2Fwp%2Fv2%2Fcomments&post=114"}],"version-history":[{"count":4,"href":"https:\/\/urlaub.vogt-clan.de\/index.php?rest_route=\/wp\/v2\/posts\/114\/revisions"}],"predecessor-version":[{"id":1054,"href":"https:\/\/urlaub.vogt-clan.de\/index.php?rest_route=\/wp\/v2\/posts\/114\/revisions\/1054"}],"wp:attachment":[{"href":"https:\/\/urlaub.vogt-clan.de\/index.php?rest_route=%2Fwp%2Fv2%2Fmedia&parent=114"}],"wp:term":[{"taxonomy":"category","embeddable":true,"href":"https:\/\/urlaub.vogt-clan.de\/index.php?rest_route=%2Fwp%2Fv2%2Fcategories&post=114"},{"taxonomy":"post_tag","embeddable":true,"href":"https:\/\/urlaub.vogt-clan.de\/index.php?rest_route=%2Fwp%2Fv2%2Ftags&post=114"}],"curies":[{"name":"wp","href":"https:\/\/api.w.org\/{rel}","templated":true}]}}