{"id":113,"date":"2004-03-20T11:38:34","date_gmt":"2004-03-20T09:38:34","guid":{"rendered":"http:\/\/urlaub.vogt-clan.de\/2004\/03\/20\/kalaw\/"},"modified":"2012-10-20T19:19:44","modified_gmt":"2012-10-20T17:19:44","slug":"kalaw","status":"publish","type":"post","link":"https:\/\/urlaub.vogt-clan.de\/?p=113","title":{"rendered":"Kalaw"},"content":{"rendered":"<p><!--[if !mso]&gt;  v\\:* {behavior:url(#default#VML);} o\\:* {behavior:url(#default#VML);} w\\:* {behavior:url(#default#VML);} .shape {behavior:url(#default#VML);}       Normal   0   21         false   false   false                             MicrosoftInternetExplorer4           \/* Style Definitions *\/  table.MsoNormalTable \t{mso-style-name:\"Normale Tabelle\"; \tmso-tstyle-rowband-size:0; \tmso-tstyle-colband-size:0; \tmso-style-noshow:yes; \tmso-style-parent:\"\"; \tmso-padding-alt:0cm 5.4pt 0cm 5.4pt; \tmso-para-margin:0cm; \tmso-para-margin-bottom:.0001pt; \tmso-pagination:widow-orphan; \tfont-size:10.0pt; \tfont-family:\"Times New Roman\"; \tmso-ansi-language:#0400; \tmso-fareast-language:#0400; \tmso-bidi-language:#0400;}            --><\/p>\n<p>&#8220;Das Wandern ist des M\u00fcllers Lust&#8221;. Der zweite Trekking Tag begann.<\/p>\n<p>Um 8.00 Uhr fuhren wir mit dem Bus ca. 3 km weit zu einer Stelle, wo der Trekking Pfad rund um Kalaw startet.<\/p>\n<p>Zuerst stiegen wir auf schmalen Wegen hinab in ein Tal und wanderten auf einer Ebene an Orangenbaumplantagen vorbei. Nach einer Stunde schien die Sonne bereits verdammt hei\u00df vom Himmel und uns wurde klar, dass das kein Spaziergang der herk\u00f6mmlichen Art werden wird. Eine Abk\u00fcrzung nehmend, damit wir vor Beginn der Mittagshitze wieder im Hotel sind, stiegen wir wie Bergziegen einen H\u00fcgel hinauf. Jetzt rann Schwei\u00df in Str\u00f6men. Oben angekommen, ging es aber gem\u00fctlich weiter. Der Weg war staubig. Bald waren alle Beine samt Schuhe, Socken und Hosen mit einer roten Schicht Sand bedeckt.<\/p>\n<figure id=\"attachment_1050\" aria-describedby=\"caption-attachment-1050\" style=\"width: 1024px\" class=\"wp-caption aligncenter\"><a href=\"https:\/\/urlaub.vogt-clan.de\/wp-content\/uploads\/2004\/03\/278.jpg\" target=\"_blank\"><img loading=\"lazy\" decoding=\"async\" class=\" wp-image-1050 \" title=\"Weg\" src=\"https:\/\/urlaub.vogt-clan.de\/wp-content\/uploads\/2004\/03\/278-1024x768.jpg\" alt=\"\" width=\"1024\" height=\"768\" srcset=\"https:\/\/urlaub.vogt-clan.de\/wp-content\/uploads\/2004\/03\/278-1024x768.jpg 1024w, https:\/\/urlaub.vogt-clan.de\/wp-content\/uploads\/2004\/03\/278-300x224.jpg 300w, https:\/\/urlaub.vogt-clan.de\/wp-content\/uploads\/2004\/03\/278-400x300.jpg 400w\" sizes=\"auto, (max-width: 709px) 85vw, (max-width: 909px) 67vw, (max-width: 1362px) 62vw, 840px\" \/><\/a><figcaption id=\"caption-attachment-1050\" class=\"wp-caption-text\">Der staubige Weg zum Kloster<\/figcaption><\/figure>\n<p>Nach einer erneuten Steigung erreichten wir ein Nonnenkloster und nahmen dankbar Tee und frische Papayas an. In einem Teil des Klosters wurden an dem heutigen Tag Frauen der umliegenden D\u00f6rfer in chinesischer Medizin unterrichtet. Da alle ihre kleinen rotznasigen Kinder mitgebracht haben, war nach der kleinen Erholungsphase, die ich doch brauchte, wieder Gelegenheit f\u00fcr Kinder-Bilder.<\/p>\n<figure id=\"attachment_1051\" aria-describedby=\"caption-attachment-1051\" style=\"width: 768px\" class=\"wp-caption aligncenter\"><a href=\"https:\/\/urlaub.vogt-clan.de\/wp-content\/uploads\/2004\/03\/283.jpg\" target=\"_blank\"><img loading=\"lazy\" decoding=\"async\" class=\" wp-image-1051 \" title=\"Kind\" src=\"https:\/\/urlaub.vogt-clan.de\/wp-content\/uploads\/2004\/03\/283-768x1024.jpg\" alt=\"\" width=\"768\" height=\"1024\" srcset=\"https:\/\/urlaub.vogt-clan.de\/wp-content\/uploads\/2004\/03\/283-768x1024.jpg 768w, https:\/\/urlaub.vogt-clan.de\/wp-content\/uploads\/2004\/03\/283-225x300.jpg 225w, https:\/\/urlaub.vogt-clan.de\/wp-content\/uploads\/2004\/03\/283.jpg 1536w\" sizes=\"auto, (max-width: 709px) 85vw, (max-width: 909px) 67vw, (max-width: 984px) 61vw, (max-width: 1362px) 45vw, 600px\" \/><\/a><figcaption id=\"caption-attachment-1051\" class=\"wp-caption-text\">Eins der besagten Kinderbilder<\/figcaption><\/figure>\n<p>Nachdem wir uns noch ein Langhaus angesehen hatten, ruhten wir uns etwas im Schatten aus. Die Kinder gesellten sich zu uns und besonders ein kleines M\u00e4dchen schien Hasi und mich ins Herz geschlossen zu haben. Ein Stoffteddy war noch im Rucksack, die anderen sind bei der letzten Wanderung an die Dorf\u00e4lteste gegeben worden, damit sie dann eine gerechte Verteilung vornehmen kann. Aber was mache ich mit den anderen 10 Kindern, die neugierig um uns herumstanden, wenn ich der Kleinen einen Teddy gebe? Mit Bonbons werde ich sie nicht abspeisen k\u00f6nnen. Schade, aber da hat meine kleine Freundin, deren Ohrringe im \u00dcbrigen aus Bindf\u00e4den bestanden, leider Pech gehabt.<\/p>\n<p>Ein kleines Kind &#8211; keine Ahnung ob M\u00e4dchen oder Junge &#8211; versuchte in das Langhaus hinein zu kommen. Das Haus war auf Stelzen gebaut und daher der Eintritt f\u00fcr die kleine Person sehr beschwerlich. Sie beugte sich mit dem Oberk\u00f6rper auf die erste Stufe, schaffte es aber nicht, die Beine nach zu ziehen. W\u00e4hrend dieser Aktion rutschte auch die Hose runter, so dass ein kleiner dreckiger Hintern zu sehen war. &#8220;Nu helf\u00b4 doch schon&#8221;. Mit diesen Worten wurde Dirch aufgefordert, das Kind auf die Stufe zu heben. Zuerst wusste er nicht, wie und wo er anpacken sollte und als das Kind dann auf der ersten Stufe lag, wurde Dirch auch noch aufgefordert: &#8221; Nu zieh et auch ma wieder an&#8221;. Mit spitzen Daumen und Zeigefinger zog Dirch die runtergerutschte Buxe hoch und hatte seit dem auch seinen zweiten Namen &#8220;Diplomp\u00e4derast&#8221; weg. Wir hatten auf seine Kosten unseren Spa\u00df und auch die Kinder erfreuten sich an dem Gegr\u00f6le.<\/p>\n<figure id=\"attachment_1052\" aria-describedby=\"caption-attachment-1052\" style=\"width: 768px\" class=\"wp-caption aligncenter\"><a href=\"https:\/\/urlaub.vogt-clan.de\/wp-content\/uploads\/2004\/03\/282.jpg\" target=\"_blank\"><img loading=\"lazy\" decoding=\"async\" class=\" wp-image-1052 \" title=\"Arbeiter\" src=\"https:\/\/urlaub.vogt-clan.de\/wp-content\/uploads\/2004\/03\/282-768x1024.jpg\" alt=\"\" width=\"768\" height=\"1024\" srcset=\"https:\/\/urlaub.vogt-clan.de\/wp-content\/uploads\/2004\/03\/282-768x1024.jpg 768w, https:\/\/urlaub.vogt-clan.de\/wp-content\/uploads\/2004\/03\/282-225x300.jpg 225w, https:\/\/urlaub.vogt-clan.de\/wp-content\/uploads\/2004\/03\/282.jpg 1536w\" sizes=\"auto, (max-width: 709px) 85vw, (max-width: 909px) 67vw, (max-width: 984px) 61vw, (max-width: 1362px) 45vw, 600px\" \/><\/a><figcaption id=\"caption-attachment-1052\" class=\"wp-caption-text\">Ein kleiner Arbeiter<\/figcaption><\/figure>\n<p>Weiter ging es. Der letzte Rest der Wegstrecke stieg wieder steil an. Es war kurz nach 12.00 Uhr, kein Schatten in Sicht und die Sonne grillte uns erbarmungslos. Zum Gl\u00fcck hatten wir gen\u00fcgend Wasser dabei. Als wir gegen 13.00 Uhr am Hotel ankamen, wurden wir schon mit Tee, feuchten T\u00fcchern und Bonbons erwartet. Die Leute sind hier einfach nur niedlich. Geb\u00e4ck war anscheinend grad keins da, dann eben Bonbons, Hauptsache s\u00fc\u00df.<\/p>\n<p>Im Au\u00dfenbereich wurden Tische und St\u00fchle aufgestellt und als Belohnung f\u00fcr die anstrengende, aber auch sch\u00f6ne Wanderung gab es ein leckeres Bierchen. Das hat vielleicht gezischt und geschmeckt.<\/p>\n<p>Jetzt war Zeit f\u00fcr Siesta. Nach dem Duschen ging es ins Bettchen, dann las ich noch was und um 18.00 Uhr suchten wir das Everest-Restaurant von gestern wieder auf.<\/p>\n<p>Auf dem Weg dorthin sahen wir uns Aquarelle an. Der Laden, in dem sie ausgestellt waren, hie\u00df &#8220;Art Gallery&#8221;. Ein sehr hochtrabender Name f\u00fcr einen Raum von der Gr\u00f6\u00dfe einer halben Garage. Ein Bild hatte es uns besonders angetan: Ein junger M\u00f6nch, der vor einem langen S\u00e4ulengang sitzt und liest. 20 $ sollte das Bild kosten und runterhandeln ging auch nicht mehr.<\/p>\n<p>Das mussten wir uns noch \u00fcberlegen.<\/p>\n<p>Logischerweise sind wir nach dem Essen, dass wie gestern auch super lecker war, wieder zur Art Gallery und haben das Bild gekauft. So langsam aber sicher w\u00e4chst der Souvenirstapel an.<\/p>\n","protected":false},"excerpt":{"rendered":"<p>&#8220;Das Wandern ist des M\u00fcllers Lust&#8221;. Der zweite Trekking Tag begann. Um 8.00 Uhr fuhren wir mit dem Bus ca. 3 km weit zu einer Stelle, wo der Trekking Pfad rund um Kalaw startet. Zuerst stiegen wir auf schmalen Wegen hinab in ein Tal und wanderten auf einer Ebene an Orangenbaumplantagen vorbei. Nach einer Stunde &hellip; <a href=\"https:\/\/urlaub.vogt-clan.de\/?p=113\" class=\"more-link\"><span class=\"screen-reader-text\">\u201eKalaw\u201c <\/span>weiterlesen<\/a><\/p>\n","protected":false},"author":2,"featured_media":0,"comment_status":"open","ping_status":"open","sticky":false,"template":"","format":"standard","meta":{"_s2mail":"yes","footnotes":""},"categories":[245],"tags":[257,256],"class_list":["post-113","post","type-post","status-publish","format-standard","hentry","category-myanmar04","tag-asien","tag-myanmar"],"jetpack_featured_media_url":"","_links":{"self":[{"href":"https:\/\/urlaub.vogt-clan.de\/index.php?rest_route=\/wp\/v2\/posts\/113","targetHints":{"allow":["GET"]}}],"collection":[{"href":"https:\/\/urlaub.vogt-clan.de\/index.php?rest_route=\/wp\/v2\/posts"}],"about":[{"href":"https:\/\/urlaub.vogt-clan.de\/index.php?rest_route=\/wp\/v2\/types\/post"}],"author":[{"embeddable":true,"href":"https:\/\/urlaub.vogt-clan.de\/index.php?rest_route=\/wp\/v2\/users\/2"}],"replies":[{"embeddable":true,"href":"https:\/\/urlaub.vogt-clan.de\/index.php?rest_route=%2Fwp%2Fv2%2Fcomments&post=113"}],"version-history":[{"count":5,"href":"https:\/\/urlaub.vogt-clan.de\/index.php?rest_route=\/wp\/v2\/posts\/113\/revisions"}],"predecessor-version":[{"id":1049,"href":"https:\/\/urlaub.vogt-clan.de\/index.php?rest_route=\/wp\/v2\/posts\/113\/revisions\/1049"}],"wp:attachment":[{"href":"https:\/\/urlaub.vogt-clan.de\/index.php?rest_route=%2Fwp%2Fv2%2Fmedia&parent=113"}],"wp:term":[{"taxonomy":"category","embeddable":true,"href":"https:\/\/urlaub.vogt-clan.de\/index.php?rest_route=%2Fwp%2Fv2%2Fcategories&post=113"},{"taxonomy":"post_tag","embeddable":true,"href":"https:\/\/urlaub.vogt-clan.de\/index.php?rest_route=%2Fwp%2Fv2%2Ftags&post=113"}],"curies":[{"name":"wp","href":"https:\/\/api.w.org\/{rel}","templated":true}]}}