{"id":111,"date":"2004-03-18T09:00:12","date_gmt":"2004-03-18T07:00:12","guid":{"rendered":"http:\/\/urlaub.vogt-clan.de\/2004\/03\/18\/inle-see-2\/"},"modified":"2012-10-20T14:22:07","modified_gmt":"2012-10-20T12:22:07","slug":"inle-see-2","status":"publish","type":"post","link":"https:\/\/urlaub.vogt-clan.de\/?p=111","title":{"rendered":"Inle-See 2"},"content":{"rendered":"<p><!--[if gte mso 9]&gt;     Normal   0   21         false   false   false                             MicrosoftInternetExplorer4           \/* Style Definitions *\/  table.MsoNormalTable \t{mso-style-name:\"Normale Tabelle\"; \tmso-tstyle-rowband-size:0; \tmso-tstyle-colband-size:0; \tmso-style-noshow:yes; \tmso-style-parent:\"\"; \tmso-padding-alt:0cm 5.4pt 0cm 5.4pt; \tmso-para-margin:0cm; \tmso-para-margin-bottom:.0001pt; \tmso-pagination:widow-orphan; \tfont-size:10.0pt; \tfont-family:\"Times New Roman\"; \tmso-ansi-language:#0400; \tmso-fareast-language:#0400; \tmso-bidi-language:#0400;}  --><br \/>\nIn Erwartung des Wandertages fiel das Aufstehen nicht schwer, mit Wanderschuhen bekleidet stampfte ich gerade die schmale Holzstiege herunter, als ich h\u00f6rte: &#8220;Da kommen sie&#8221;.<\/p>\n<p>Jeden Tag direkt nach Sonnenaufgang tapern 40 &#8211; 50 M\u00f6nche die Stra\u00dfen entlang, gegen 7.00 Uhr kommen sie auch an unserem Hotel vorbei. Rechts und links von der Stra\u00dfe treten Frauen aus ihren H\u00e4usern und geben den M\u00f6nchen Reis in ihre Bettelsch\u00fcsseln.<\/p>\n<p>Wir also raus, um uns die t\u00e4gliche Prozession anzusehen und nat\u00fcrlich um zu fotografieren.<\/p>\n<figure id=\"attachment_1038\" aria-describedby=\"caption-attachment-1038\" style=\"width: 768px\" class=\"wp-caption aligncenter\"><a href=\"https:\/\/urlaub.vogt-clan.de\/wp-content\/uploads\/2004\/03\/226.jpg\" target=\"_blank\"><img loading=\"lazy\" decoding=\"async\" class=\" wp-image-1038 \" title=\"Prozession\" src=\"https:\/\/urlaub.vogt-clan.de\/wp-content\/uploads\/2004\/03\/226-768x1024.jpg\" alt=\"\" width=\"768\" height=\"1024\" srcset=\"https:\/\/urlaub.vogt-clan.de\/wp-content\/uploads\/2004\/03\/226-768x1024.jpg 768w, https:\/\/urlaub.vogt-clan.de\/wp-content\/uploads\/2004\/03\/226-225x300.jpg 225w, https:\/\/urlaub.vogt-clan.de\/wp-content\/uploads\/2004\/03\/226.jpg 1536w\" sizes=\"auto, (max-width: 709px) 85vw, (max-width: 909px) 67vw, (max-width: 984px) 61vw, (max-width: 1362px) 45vw, 600px\" \/><\/a><figcaption id=\"caption-attachment-1038\" class=\"wp-caption-text\">Die allmorgendliche Prozession der M\u00f6nche<\/figcaption><\/figure>\n<p>Um von dem Geschehen einen anderen Blickwinkel zu bekommen, huschte ich kurz durch die M\u00f6nche hindurch auf die andere Stra\u00dfenseite. Prompt trat ich dabei auf einen K\u00f6ter, der d\u00f6send oder noch schlafend am Stra\u00dfenrand lag. Erschrocken sprang er auf und biss mich in den Fu\u00df! H\u00e4tte ich nicht schon meine Wanderschuhe angehabt, w\u00e4re es wohl ein Fall f\u00fcr Nadel und Faden geworden. Aber, ein klasse Bild habe ich dennoch machen k\u00f6nnen.<\/p>\n<p>Nach dem Fr\u00fchst\u00fcck gingen wir mit unserem F\u00fchrer, Daniela, Huschhase und Erich los. Der F\u00fchrer brachte uns zuerst zum Markt, damit wir dort das bunte Treiben beobachten konnten. Es gab alles, was das Herz begehrte: Blumen, Reis, Salz, S\u00fc\u00dfigkeiten, Benzin, Fisch, Fleisch, Obst und Gem\u00fcse.<\/p>\n<figure id=\"attachment_1039\" aria-describedby=\"caption-attachment-1039\" style=\"width: 1024px\" class=\"wp-caption aligncenter\"><a href=\"https:\/\/urlaub.vogt-clan.de\/wp-content\/uploads\/2004\/03\/230.jpg\" target=\"_blank\"><img loading=\"lazy\" decoding=\"async\" class=\" wp-image-1039 \" title=\"Markt\" src=\"https:\/\/urlaub.vogt-clan.de\/wp-content\/uploads\/2004\/03\/230-1024x768.jpg\" alt=\"\" width=\"1024\" height=\"768\" srcset=\"https:\/\/urlaub.vogt-clan.de\/wp-content\/uploads\/2004\/03\/230-1024x768.jpg 1024w, https:\/\/urlaub.vogt-clan.de\/wp-content\/uploads\/2004\/03\/230-300x225.jpg 300w, https:\/\/urlaub.vogt-clan.de\/wp-content\/uploads\/2004\/03\/230-400x300.jpg 400w, https:\/\/urlaub.vogt-clan.de\/wp-content\/uploads\/2004\/03\/230.jpg 2048w\" sizes=\"auto, (max-width: 709px) 85vw, (max-width: 909px) 67vw, (max-width: 1362px) 62vw, 840px\" \/><\/a><figcaption id=\"caption-attachment-1039\" class=\"wp-caption-text\">Buntes Treiben auf dem Marktplatz<\/figcaption><\/figure>\n<p>Weiter ging es die Stra\u00dfe entlang und nach kurzer Zeit bogen wir in einen nicht mehr geteerten Weg ein. Wir stiegen einen Berg hinauf und erreichten eine H\u00f6hle. Hier leben zwei Eremitenm\u00f6nche mit ihren beiden Katzen, sie luden uns zum Tee ein und wir plauderten ein bisschen.<\/p>\n<figure id=\"attachment_1040\" aria-describedby=\"caption-attachment-1040\" style=\"width: 768px\" class=\"wp-caption aligncenter\"><a href=\"https:\/\/urlaub.vogt-clan.de\/wp-content\/uploads\/2004\/03\/234.jpg\" target=\"_blank\"><img loading=\"lazy\" decoding=\"async\" class=\" wp-image-1040 \" title=\"Einsiedler\" src=\"https:\/\/urlaub.vogt-clan.de\/wp-content\/uploads\/2004\/03\/234-768x1024.jpg\" alt=\"\" width=\"768\" height=\"1024\" srcset=\"https:\/\/urlaub.vogt-clan.de\/wp-content\/uploads\/2004\/03\/234-768x1024.jpg 768w, https:\/\/urlaub.vogt-clan.de\/wp-content\/uploads\/2004\/03\/234-225x300.jpg 225w, https:\/\/urlaub.vogt-clan.de\/wp-content\/uploads\/2004\/03\/234.jpg 1536w\" sizes=\"auto, (max-width: 709px) 85vw, (max-width: 909px) 67vw, (max-width: 984px) 61vw, (max-width: 1362px) 45vw, 600px\" \/><\/a><figcaption id=\"caption-attachment-1040\" class=\"wp-caption-text\">Der freundliche Einsiedler mit Katze<\/figcaption><\/figure>\n<p>Es ging den Berg wieder runter und den n\u00e4chsten wieder hinauf und wieder in eine H\u00f6hle hinein. Durch diese H\u00f6hle konnten wir laufen und sahen in kleinen Nischen liebevoll mit Blumen geschm\u00fcckten Buddha Staturen stehen und Ausgang war dann noch ein gro\u00dfer liegender Buddha zu bestaunen.<\/p>\n<p>Am n\u00e4chsten Berganstieg kamen uns zwei Kinder entgegen. Himmel, was waren die schmutzig. Zu denen konnte wirklich gesagt werden &#8220;starren vor Schmutz&#8221;, der gr\u00f6\u00dfere der beiden hatte auch noch eine Rotznase, die auch herrlich mit viel Stra\u00dfenstaub markiert war. Nun ging bei mir die Knipserei los: Jedes kleine Stra\u00dfenkind wurde abgelichtet. Einen Heidenspa\u00df hatten die Kiddis, als ich ihnen anschlie\u00dfend die Bilder in der Kamera gezeigt habe.<\/p>\n<p>Nach einer weiteren Teepause und einem weiteren Stopp, wo es auch was zu Essen gab, gingen wir wieder in Richtung Stadt. Kurz bevor wir auf geteerte Stra\u00dfen stie\u00dfen, kamen uns zwei ca. 7j\u00e4hrige Kinder entgegen. Sie schoben einen selbstgebastelten Holzschubkarren mit krummen, nicht unbedingt runden R\u00e4dern. Uns wurde erkl\u00e4rt, dass die Kinder mit dem unhandlichen Wagen morgens den Berg runter in die Stadt fahren, um dort Brennholz zu verkaufen und wenn sie alles los geworden sind, dann d\u00fcrfen sie wieder nach Hause kommen.<\/p>\n<p>Direkt nach den 7j\u00e4hrigen \u00e4chzte ein ungef\u00e4hr 4j\u00e4hriger Junge mit seiner Schubkarre den Berg hoch. Er war bis zu den Haarwurzeln dreckig, seine Hose war zerrissen und so wie es aussah, auch seine Karre nicht mehr so ganz in Ordnung. Dicke Tr\u00e4nen rollten ihm \u00fcber die Wangen und ich meinte, noch nie ein kleines Kind derma\u00dfen schwitzen gesehen zu haben.<\/p>\n<figure id=\"attachment_1041\" aria-describedby=\"caption-attachment-1041\" style=\"width: 1024px\" class=\"wp-caption aligncenter\"><a href=\"https:\/\/urlaub.vogt-clan.de\/wp-content\/uploads\/2004\/03\/251.jpg\" target=\"_blank\"><img loading=\"lazy\" decoding=\"async\" class=\" wp-image-1041 \" title=\"Kind\" src=\"https:\/\/urlaub.vogt-clan.de\/wp-content\/uploads\/2004\/03\/251-1024x983.jpg\" alt=\"\" width=\"1024\" height=\"983\" srcset=\"https:\/\/urlaub.vogt-clan.de\/wp-content\/uploads\/2004\/03\/251-1024x983.jpg 1024w, https:\/\/urlaub.vogt-clan.de\/wp-content\/uploads\/2004\/03\/251-300x288.jpg 300w, https:\/\/urlaub.vogt-clan.de\/wp-content\/uploads\/2004\/03\/251-312x300.jpg 312w, https:\/\/urlaub.vogt-clan.de\/wp-content\/uploads\/2004\/03\/251.jpg 1535w\" sizes=\"auto, (max-width: 709px) 85vw, (max-width: 909px) 67vw, (max-width: 1362px) 62vw, 840px\" \/><\/a><figcaption id=\"caption-attachment-1041\" class=\"wp-caption-text\">Das schwer arbeitende Kind<\/figcaption><\/figure>\n<p>Ersch\u00f6pft von der Wanderung, wurde im Hotel angekommen erst einmal bis 15.00 Uhr Siesta eingelegt und den restlichen Teil des Tages verbrachten wir gem\u00fctlich.<\/p>\n<p>Wir schlenderten durchs D\u00f6rfchen, waren im Internet, wir kauften ein weiteres Souvenir &#8211; diesmal ein altes Tatoo &#8211; Ger\u00e4t, selbstverst\u00e4ndlich gab es auch ein Sonnenuntergangsbier und in dem Laden neben unserem Hotel lecker Essen. Hier wurde prima Caipi f\u00fcr 1 \u20ac gemischt.<\/p>\n","protected":false},"excerpt":{"rendered":"<p>In Erwartung des Wandertages fiel das Aufstehen nicht schwer, mit Wanderschuhen bekleidet stampfte ich gerade die schmale Holzstiege herunter, als ich h\u00f6rte: &#8220;Da kommen sie&#8221;. Jeden Tag direkt nach Sonnenaufgang tapern 40 &#8211; 50 M\u00f6nche die Stra\u00dfen entlang, gegen 7.00 Uhr kommen sie auch an unserem Hotel vorbei. Rechts und links von der Stra\u00dfe treten &hellip; <a href=\"https:\/\/urlaub.vogt-clan.de\/?p=111\" class=\"more-link\"><span class=\"screen-reader-text\">\u201eInle-See 2\u201c <\/span>weiterlesen<\/a><\/p>\n","protected":false},"author":2,"featured_media":0,"comment_status":"open","ping_status":"open","sticky":false,"template":"","format":"standard","meta":{"_s2mail":"yes","footnotes":""},"categories":[245],"tags":[257,256],"class_list":["post-111","post","type-post","status-publish","format-standard","hentry","category-myanmar04","tag-asien","tag-myanmar"],"jetpack_featured_media_url":"","_links":{"self":[{"href":"https:\/\/urlaub.vogt-clan.de\/index.php?rest_route=\/wp\/v2\/posts\/111","targetHints":{"allow":["GET"]}}],"collection":[{"href":"https:\/\/urlaub.vogt-clan.de\/index.php?rest_route=\/wp\/v2\/posts"}],"about":[{"href":"https:\/\/urlaub.vogt-clan.de\/index.php?rest_route=\/wp\/v2\/types\/post"}],"author":[{"embeddable":true,"href":"https:\/\/urlaub.vogt-clan.de\/index.php?rest_route=\/wp\/v2\/users\/2"}],"replies":[{"embeddable":true,"href":"https:\/\/urlaub.vogt-clan.de\/index.php?rest_route=%2Fwp%2Fv2%2Fcomments&post=111"}],"version-history":[{"count":4,"href":"https:\/\/urlaub.vogt-clan.de\/index.php?rest_route=\/wp\/v2\/posts\/111\/revisions"}],"predecessor-version":[{"id":1042,"href":"https:\/\/urlaub.vogt-clan.de\/index.php?rest_route=\/wp\/v2\/posts\/111\/revisions\/1042"}],"wp:attachment":[{"href":"https:\/\/urlaub.vogt-clan.de\/index.php?rest_route=%2Fwp%2Fv2%2Fmedia&parent=111"}],"wp:term":[{"taxonomy":"category","embeddable":true,"href":"https:\/\/urlaub.vogt-clan.de\/index.php?rest_route=%2Fwp%2Fv2%2Fcategories&post=111"},{"taxonomy":"post_tag","embeddable":true,"href":"https:\/\/urlaub.vogt-clan.de\/index.php?rest_route=%2Fwp%2Fv2%2Ftags&post=111"}],"curies":[{"name":"wp","href":"https:\/\/api.w.org\/{rel}","templated":true}]}}