{"id":110,"date":"2004-03-17T08:53:09","date_gmt":"2004-03-17T06:53:09","guid":{"rendered":"http:\/\/urlaub.vogt-clan.de\/2004\/03\/17\/inle-see\/"},"modified":"2012-10-19T16:22:34","modified_gmt":"2012-10-19T14:22:34","slug":"inle-see","status":"publish","type":"post","link":"https:\/\/urlaub.vogt-clan.de\/?p=110","title":{"rendered":"Inle-See"},"content":{"rendered":"<p><!--[if gte mso 9]&gt;     Normal   0   21         false   false   false                             MicrosoftInternetExplorer4           \/* Style Definitions *\/  table.MsoNormalTable \t{mso-style-name:\"Normale Tabelle\"; \tmso-tstyle-rowband-size:0; \tmso-tstyle-colband-size:0; \tmso-style-noshow:yes; \tmso-style-parent:\"\"; \tmso-padding-alt:0cm 5.4pt 0cm 5.4pt; \tmso-para-margin:0cm; \tmso-para-margin-bottom:.0001pt; \tmso-pagination:widow-orphan; \tfont-size:10.0pt; \tfont-family:\"Times New Roman\"; \tmso-ansi-language:#0400; \tmso-fareast-language:#0400; \tmso-bidi-language:#0400;}  --><br \/>\nDie Frage nach dem Schnarcher konnte auch am Fr\u00fchst\u00fcckstisch nicht gekl\u00e4rt werden, denn alle Bewohner der Nebenzimmer hatten die Schnarchger\u00e4usche geh\u00f6rt. Auf jeden Fall hatten wir so mit den Berlinern schon am Fr\u00fchst\u00fcckstisch unseren Spa\u00df.<\/p>\n<p>Gegen 7.30 bestiegen wir unser kleines Teakholzboot. In so ein Boot passen 4 Personen. Gestern hatten wir mit E. und O. gekl\u00e4rt, dass wir uns ein Boot teilen, denn keiner wollte mit Kr\u00e4tze fahren.<\/p>\n<figure id=\"attachment_1029\" aria-describedby=\"caption-attachment-1029\" style=\"width: 1024px\" class=\"wp-caption aligncenter\"><a href=\"https:\/\/urlaub.vogt-clan.de\/wp-content\/uploads\/2004\/03\/166.jpg\" target=\"_blank\"><img loading=\"lazy\" decoding=\"async\" class=\" wp-image-1029 \" title=\"Boot\" src=\"https:\/\/urlaub.vogt-clan.de\/wp-content\/uploads\/2004\/03\/166-1024x768.jpg\" alt=\"\" width=\"1024\" height=\"768\" srcset=\"https:\/\/urlaub.vogt-clan.de\/wp-content\/uploads\/2004\/03\/166-1024x768.jpg 1024w, https:\/\/urlaub.vogt-clan.de\/wp-content\/uploads\/2004\/03\/166-300x225.jpg 300w, https:\/\/urlaub.vogt-clan.de\/wp-content\/uploads\/2004\/03\/166-400x300.jpg 400w, https:\/\/urlaub.vogt-clan.de\/wp-content\/uploads\/2004\/03\/166.jpg 2048w\" sizes=\"auto, (max-width: 709px) 85vw, (max-width: 909px) 67vw, (max-width: 1362px) 62vw, 840px\" \/><\/a><figcaption id=\"caption-attachment-1029\" class=\"wp-caption-text\">Die Flotte wartet<\/figcaption><\/figure>\n<figure id=\"attachment_1031\" aria-describedby=\"caption-attachment-1031\" style=\"width: 1024px\" class=\"wp-caption aligncenter\"><a href=\"https:\/\/urlaub.vogt-clan.de\/wp-content\/uploads\/2004\/03\/168.jpg\" target=\"_blank\"><img loading=\"lazy\" decoding=\"async\" class=\" wp-image-1031 \" title=\"Tour\" src=\"https:\/\/urlaub.vogt-clan.de\/wp-content\/uploads\/2004\/03\/168-1024x768.jpg\" alt=\"\" width=\"1024\" height=\"768\" srcset=\"https:\/\/urlaub.vogt-clan.de\/wp-content\/uploads\/2004\/03\/168-1024x768.jpg 1024w, https:\/\/urlaub.vogt-clan.de\/wp-content\/uploads\/2004\/03\/168-300x225.jpg 300w, https:\/\/urlaub.vogt-clan.de\/wp-content\/uploads\/2004\/03\/168-400x300.jpg 400w, https:\/\/urlaub.vogt-clan.de\/wp-content\/uploads\/2004\/03\/168.jpg 2048w\" sizes=\"auto, (max-width: 709px) 85vw, (max-width: 909px) 67vw, (max-width: 1362px) 62vw, 840px\" \/><\/a><figcaption id=\"caption-attachment-1031\" class=\"wp-caption-text\">Hasi und O. auf gro\u00dfer Fahrt<\/figcaption><\/figure>\n<p style=\"text-align: center;\">\n<p>Nach einer herrlichen Fahrt \u00fcber den Inle-See, wo wir bereits zu Anfang die ber\u00fchmten Beinruderer sahen, machten wir halt in Indein. In Abst\u00e4nden von 5 Tagen ist in den verschieden kleinen St\u00e4dtchen rund um den See Markt, heute war eben Indein an der Reihe. Den Markt wollten Hasi und ich aber erst zum Schluss erkunden und gingen sofort los in Richtung Pagode.<\/p>\n<figure id=\"attachment_1032\" aria-describedby=\"caption-attachment-1032\" style=\"width: 768px\" class=\"wp-caption aligncenter\"><a href=\"https:\/\/urlaub.vogt-clan.de\/wp-content\/uploads\/2004\/03\/175.jpg\" target=\"_blank\"><img loading=\"lazy\" decoding=\"async\" class=\" wp-image-1032 \" title=\"Ruderer\" src=\"https:\/\/urlaub.vogt-clan.de\/wp-content\/uploads\/2004\/03\/175-768x1024.jpg\" alt=\"\" width=\"768\" height=\"1024\" srcset=\"https:\/\/urlaub.vogt-clan.de\/wp-content\/uploads\/2004\/03\/175-768x1024.jpg 768w, https:\/\/urlaub.vogt-clan.de\/wp-content\/uploads\/2004\/03\/175-225x300.jpg 225w, https:\/\/urlaub.vogt-clan.de\/wp-content\/uploads\/2004\/03\/175.jpg 1536w\" sizes=\"auto, (max-width: 709px) 85vw, (max-width: 909px) 67vw, (max-width: 984px) 61vw, (max-width: 1362px) 45vw, 600px\" \/><\/a><figcaption id=\"caption-attachment-1032\" class=\"wp-caption-text\">Einer der ber\u00fchmten Einbeinruderer vom Inle-See<\/figcaption><\/figure>\n<p>Es war eine gute Entscheidung, soviel vorneweg. Die unz\u00e4hligen H\u00e4ndler, die auf den Stufen zur Pagode ihre Waren anbieten, waren jetzt erst dabei, ihre St\u00e4nde aufzubauen und so kamen wir, ohne gro\u00df aufgehalten zu werden an der Pagode an. Sie stammt aus dem 17. Jahrhundert und hatte als Besonderheit einen riesigen Fu\u00dfabdruck Buddhas zu bieten. Was uns aber viel mehr begeisterte, war das gro\u00dfe Pagodenfeld um uns herum.<\/p>\n<p>Es waren Hunderte von kleinen Stupas, die rund um die Pagode errichtet wurden. Sie standen dicht an dicht, manche waren kaum 1,50 Meter gro\u00df. Viele waren schon verwittert und wiesen Sch\u00e4den durch diverse Erdbeben auf, aber alle &#8211; und das war das einmalige &#8211; alle hatten einen Kranz aus Gl\u00f6ckchen um ihre Spitze.<\/p>\n<figure id=\"attachment_1033\" aria-describedby=\"caption-attachment-1033\" style=\"width: 1024px\" class=\"wp-caption aligncenter\"><a href=\"https:\/\/urlaub.vogt-clan.de\/wp-content\/uploads\/2004\/03\/185.jpg\" target=\"_blank\"><img loading=\"lazy\" decoding=\"async\" class=\" wp-image-1033\" title=\"Pagodenfeld\" src=\"https:\/\/urlaub.vogt-clan.de\/wp-content\/uploads\/2004\/03\/185-1024x768.jpg\" alt=\"\" width=\"1024\" height=\"768\" srcset=\"https:\/\/urlaub.vogt-clan.de\/wp-content\/uploads\/2004\/03\/185-1024x768.jpg 1024w, https:\/\/urlaub.vogt-clan.de\/wp-content\/uploads\/2004\/03\/185-300x225.jpg 300w, https:\/\/urlaub.vogt-clan.de\/wp-content\/uploads\/2004\/03\/185-400x300.jpg 400w, https:\/\/urlaub.vogt-clan.de\/wp-content\/uploads\/2004\/03\/185.jpg 2048w\" sizes=\"auto, (max-width: 709px) 85vw, (max-width: 909px) 67vw, (max-width: 1362px) 62vw, 840px\" \/><\/a><figcaption id=\"caption-attachment-1033\" class=\"wp-caption-text\">Das Pagodenfeld nahe Indein<\/figcaption><\/figure>\n<p style=\"text-align: center;\">\n<p>Es war noch fr\u00fch am Morgen und daher noch angenehm frisch. Der Himmel war tiefdunkelblau und um uns herum keine andere Menschenseele, die waren n\u00e4mlich unten im D\u00f6rfchen auf dem Markt. In der Luft hin ein Ger\u00e4usch, dass gerade zu verzaubernd war: 10.000 Gl\u00f6ckchen sangen mit dem leichten Wind ein Lied. Es war, als w\u00fcrde alles um mich herum versinken und ich hatte das Gef\u00fchl, ich w\u00e4re allein, aber nicht einsam auf der Welt. Traumhaft sch\u00f6n.<\/p>\n<p>Diese Illusion zerbrach allerdings in dem Moment, als andere Touristen plappernd zu uns kamen. Wir machten uns also auf den Weg hinunter und kamen nat\u00fcrlich nicht an den H\u00e4ndlern vorbei, ohne dass ich eine gr\u00fcne Umh\u00e4ngetasche gekauft habe. Praktisch ist sie. So habe ich Fotoapparat und Wasserflasche immer griffbereit und muss nicht umst\u00e4ndlich die Sachen aus dem Rucksack holen, den Hasi als Kavalier tr\u00e4gt.<\/p>\n<p>Wir fuhren mit den Booten weiter und erreichten die Phaung Daw U-Pagode des D\u00f6rfchens Ywa-ma am Westufer des Sees. In der Pagode waren 5 kleine Buddhafiguren, die aber nur als solche zu erkennen sind, wenn man es vorher im Reisef\u00fchrer gelesen hat, oder man hat es gesagt bekommt.<\/p>\n<figure id=\"attachment_1034\" aria-describedby=\"caption-attachment-1034\" style=\"width: 1024px\" class=\"wp-caption aligncenter\"><a href=\"https:\/\/urlaub.vogt-clan.de\/wp-content\/uploads\/2004\/03\/192.jpg\" target=\"_blank\"><img loading=\"lazy\" decoding=\"async\" class=\" wp-image-1034 \" title=\"Figuren\" src=\"https:\/\/urlaub.vogt-clan.de\/wp-content\/uploads\/2004\/03\/192-1024x758.jpg\" alt=\"\" width=\"1024\" height=\"758\" srcset=\"https:\/\/urlaub.vogt-clan.de\/wp-content\/uploads\/2004\/03\/192-1024x758.jpg 1024w, https:\/\/urlaub.vogt-clan.de\/wp-content\/uploads\/2004\/03\/192-300x222.jpg 300w, https:\/\/urlaub.vogt-clan.de\/wp-content\/uploads\/2004\/03\/192-404x300.jpg 404w, https:\/\/urlaub.vogt-clan.de\/wp-content\/uploads\/2004\/03\/192.jpg 2016w\" sizes=\"auto, (max-width: 709px) 85vw, (max-width: 909px) 67vw, (max-width: 1362px) 62vw, 840px\" \/><\/a><figcaption id=\"caption-attachment-1034\" class=\"wp-caption-text\">Die unkenntlichen Buddha-Figuren<\/figcaption><\/figure>\n<p>Also ganz ehrlich, sie sahen wie kaputte Fu\u00dfb\u00e4lle oder wie fast geschmolzene Schneem\u00e4nner aus. Ihre Unf\u00f6rmigkeit verdanken die kleinen Figuren dem Blattgold, das als Gl\u00fccksbringer auf sie gepappt wird. Auch hier durfte ich nicht n\u00e4her heran und Hasi machte das Foto. Bis auf die Tatsachen, dass ich als Frau nicht in das Nirwana komme, sondern hoffen muss, als Mann wiedergeboren zu werden und dass ich diesen Goldklumpen nie nah genug kommen darf, bin ich ja grunds\u00e4tzlich von der Religion des Buddhismus begeistert!<\/p>\n<p>Gerade, als wir den Bereich der Pagode verlassen wollten, h\u00f6rten wir vom Wasser her kommend, irrsinnig laute Musik. Ein vollkommen \u00fcbersteuerter Kassettenrekorder qu\u00e4lte sich das Lied &#8220;Apfelsinen im Haar und an der H\u00fcfte Bananen&#8221; heraus. Neugierig blieben wir stehen und gingen zur Anlegestelle. Ein reich geschm\u00fccktes Boot wurde festgemacht und ein ca. 10 j\u00e4hriges Kind, was auf dem gro\u00dfen Thron im Boot gesessen haben musste, ging an Land.<\/p>\n<p>Was war das? Ein Prinz?? Heiko wollte nicht wieder zur\u00fcck in die Pagode, aber ich musste doch meine Neugierde stillen.<\/p>\n<p>Das Kind wurde zu den Buddhafiguren gef\u00fchrt und kniete dort zum Gebet nieder. Es war mit einem phantasievollen bunt bestickten Gewand bekleidet und sehr stark geschminkt. Ich konnte nicht erkennen, ob es sich um einen Jungen oder um ein M\u00e4dchen handelt.<\/p>\n<p>Das Ritual des Gebets wurde an allen vier Seiten der Figuren vollzogen. W\u00e4hrenddessen hatte ich die Gelegenheit, den Erkl\u00e4rungen eines englischsprechenden Burmesen zu lauschen. Was ich hier sah, war die Vorbereitung auf den Eintritt in ein Kloster. Die Eltern des Kindes m\u00fcssen viel Geld f\u00fcr die Zeremonie zahlen. Dann wurde das Kind in den hinteren Bereich der Pagode gef\u00fchrt, lt. Erkl\u00e4rung des Burmesen erfolgte dort die Kopfrasur.<\/p>\n<p>Die Tatsache, dass das Kind den Buddhas kein Blattgold aufgelegt hat, brachte mich zur Annahme, dass es sich um ein M\u00e4dchen gehandelt haben muss.<\/p>\n<p>Wieder im Boot, begann unsere Shoppingtour zu den Werkst\u00e4tten des Sees. Wir besuchten zuerst eine Weberei, hier bekam ich einen wundersch\u00f6nen gr\u00fcnen Seidenschal, aber zuvor staunten wir noch \u00fcber die Arbeitsbedingungen. Es waren neu errichtete Holzh\u00e4user. Bei dem Letzten war zwar die Treppe in die erste Etage schon fertig und ein Teil der Bodenkonstruktion, es sa\u00dfen auch schon junge M\u00e4dchen flei\u00dfig an Webst\u00fchlen &#8211; aber der Boden um die Treppe herum, der war noch nicht verlegt. Um also zu ihren Arbeitspl\u00e4tzen in die erste Etage zu gelangen, m\u00fcssen die Arbeiterinnen \u00fcber d\u00fcnne Holzplanken balancieren. Den Gedanke an die deutschen Gewerkschaften hatte bei diesem Anblick wohl jeder&#8230;..<\/p>\n<figure id=\"attachment_1035\" aria-describedby=\"caption-attachment-1035\" style=\"width: 1024px\" class=\"wp-caption aligncenter\"><a href=\"https:\/\/urlaub.vogt-clan.de\/wp-content\/uploads\/2004\/03\/196.jpg\" target=\"_blank\"><img loading=\"lazy\" decoding=\"async\" class=\" wp-image-1035 \" title=\"Weberei\" src=\"https:\/\/urlaub.vogt-clan.de\/wp-content\/uploads\/2004\/03\/196-1024x768.jpg\" alt=\"\" width=\"1024\" height=\"768\" srcset=\"https:\/\/urlaub.vogt-clan.de\/wp-content\/uploads\/2004\/03\/196-1024x768.jpg 1024w, https:\/\/urlaub.vogt-clan.de\/wp-content\/uploads\/2004\/03\/196-300x225.jpg 300w, https:\/\/urlaub.vogt-clan.de\/wp-content\/uploads\/2004\/03\/196-400x300.jpg 400w, https:\/\/urlaub.vogt-clan.de\/wp-content\/uploads\/2004\/03\/196.jpg 2048w\" sizes=\"auto, (max-width: 709px) 85vw, (max-width: 909px) 67vw, (max-width: 1362px) 62vw, 840px\" \/><\/a><figcaption id=\"caption-attachment-1035\" class=\"wp-caption-text\">Noch im Bau befindliche Weberei<\/figcaption><\/figure>\n<p>Weiter ging es zum Schmied, hier wurde noch mit Manneskraft das Eisen \u00fcber dem offenen Feuer geschmiedet. Dann zu der Zigarrenherstellung. Zehn M\u00e4dchen sa\u00dfen im Halbdunklen auf dem Boden, vor sich jeweils eine Schale mit Bl\u00e4ttern und drehten fingerfertig eine Zigarre nach der anderen.<\/p>\n<p>Dem Bootsbauer konnten wir \u00fcber die Schulter sehen, als er an einem Teakholzteil f\u00fcr sein n\u00e4chstes Werk baute.<\/p>\n<p>Eigentlich hatte ich \u00fcberhaupt keine Lust auf diese Werkst\u00e4tten-Tour, nachdem ich aber wieder im Boot sa\u00df, musste ich feststellen, es hat Spa\u00df gemacht und war sehr interessant gewesen.<\/p>\n<p>Nun fuhren wir mit unserem Boot durch das Gebiet der schwimmenden G\u00e4rten. Eine Sache, die ich im Reisef\u00fchrer schon nachgelesen, aber nicht so richtig verstanden hatte: Wie kann ein Garten schwimmen?<\/p>\n<p>Die Antwort ist so einfach, wie sie auch genial ist. Im Bereich des Seeufers wachsen viele wilde Wasserhyazinthen. Diese Blumen haben lange Wurzeln. Die Hyazinthen werden ausgegraben und in langen Reihen wieder angepflanzt, immer mit gen\u00fcgend Platz f\u00fcr ein Boot dazwischen den Reihen. Auf die Hyazinthenpflanzen, die so dicht wachsen, dass sie einen Teppich auf dem Wasser bilden, wird vorsichtig Schlick aufgesch\u00fcttet, der vorher aus dem Wasser gefischt wird. Diese Art &#8220;Erde&#8221; wird mit Tomaten, Bohnen und anderem Gem\u00fcse bepflanzt. Als Halterung im Seeboden dienen auf der einen Seite die Wurzeln der Hyazinthen und zum anderen die St\u00f6cke, an denen das Gem\u00fcse w\u00e4chst.<\/p>\n<p>Mitten auf dem See liegt das Kloster Nga Phe Kyaung, auch bekannt als &#8220;Kloster der springenden Katzen&#8221;. Das war unsere letzte Station auf unserer Seerundfahrt. In dem Teakholzkloster aalten sich bei unserer Ankunft die K\u00e4tzchen in der Sonne. Ein M\u00f6nch lockte sie mit Schnalzlauten an, zeigte ihnen einen kleinen Reif und hopp, eine nach der anderen sprang durch den Reifen. Als Belohnung bekamen sie ein Leckerchen.<\/p>\n<figure id=\"attachment_1036\" aria-describedby=\"caption-attachment-1036\" style=\"width: 810px\" class=\"wp-caption aligncenter\"><a href=\"https:\/\/urlaub.vogt-clan.de\/wp-content\/uploads\/2004\/03\/220.jpg\" target=\"_blank\"><img loading=\"lazy\" decoding=\"async\" class=\" wp-image-1036 \" title=\"Katze\" src=\"https:\/\/urlaub.vogt-clan.de\/wp-content\/uploads\/2004\/03\/220-810x1024.jpg\" alt=\"\" width=\"810\" height=\"1024\" srcset=\"https:\/\/urlaub.vogt-clan.de\/wp-content\/uploads\/2004\/03\/220-810x1024.jpg 810w, https:\/\/urlaub.vogt-clan.de\/wp-content\/uploads\/2004\/03\/220-237x300.jpg 237w, https:\/\/urlaub.vogt-clan.de\/wp-content\/uploads\/2004\/03\/220.jpg 1762w\" sizes=\"auto, (max-width: 709px) 85vw, (max-width: 909px) 67vw, (max-width: 984px) 61vw, (max-width: 1362px) 45vw, 600px\" \/><\/a><figcaption id=\"caption-attachment-1036\" class=\"wp-caption-text\">Im Kloster der springenden Katzen<\/figcaption><\/figure>\n<p>So was werde ich mit unserem Kater zu Hause auch trainieren, wenn wir zur\u00fcckkommen, hat er bestimmt wieder die Figur einer Mehlraupe und da tut ihm ein bisschen Bewegung ganz gut.<\/p>\n<p>Es war ein herrlicher Tag auf dem Wasser mit blauem Himmel und Sonnenschein, der seinen Abschluss in einem chinesischen Restaurant und den Absacker mit Bier und Erdbeerlassie in einem Stra\u00dfencaf\u00e9 fand.<\/p>\n","protected":false},"excerpt":{"rendered":"<p>Die Frage nach dem Schnarcher konnte auch am Fr\u00fchst\u00fcckstisch nicht gekl\u00e4rt werden, denn alle Bewohner der Nebenzimmer hatten die Schnarchger\u00e4usche geh\u00f6rt. Auf jeden Fall hatten wir so mit den Berlinern schon am Fr\u00fchst\u00fcckstisch unseren Spa\u00df. Gegen 7.30 bestiegen wir unser kleines Teakholzboot. In so ein Boot passen 4 Personen. Gestern hatten wir mit E. und &hellip; <a href=\"https:\/\/urlaub.vogt-clan.de\/?p=110\" class=\"more-link\"><span class=\"screen-reader-text\">\u201eInle-See\u201c <\/span>weiterlesen<\/a><\/p>\n","protected":false},"author":2,"featured_media":0,"comment_status":"open","ping_status":"open","sticky":false,"template":"","format":"standard","meta":{"_s2mail":"yes","footnotes":""},"categories":[245],"tags":[257,256],"class_list":["post-110","post","type-post","status-publish","format-standard","hentry","category-myanmar04","tag-asien","tag-myanmar"],"jetpack_featured_media_url":"","_links":{"self":[{"href":"https:\/\/urlaub.vogt-clan.de\/index.php?rest_route=\/wp\/v2\/posts\/110","targetHints":{"allow":["GET"]}}],"collection":[{"href":"https:\/\/urlaub.vogt-clan.de\/index.php?rest_route=\/wp\/v2\/posts"}],"about":[{"href":"https:\/\/urlaub.vogt-clan.de\/index.php?rest_route=\/wp\/v2\/types\/post"}],"author":[{"embeddable":true,"href":"https:\/\/urlaub.vogt-clan.de\/index.php?rest_route=\/wp\/v2\/users\/2"}],"replies":[{"embeddable":true,"href":"https:\/\/urlaub.vogt-clan.de\/index.php?rest_route=%2Fwp%2Fv2%2Fcomments&post=110"}],"version-history":[{"count":4,"href":"https:\/\/urlaub.vogt-clan.de\/index.php?rest_route=\/wp\/v2\/posts\/110\/revisions"}],"predecessor-version":[{"id":1030,"href":"https:\/\/urlaub.vogt-clan.de\/index.php?rest_route=\/wp\/v2\/posts\/110\/revisions\/1030"}],"wp:attachment":[{"href":"https:\/\/urlaub.vogt-clan.de\/index.php?rest_route=%2Fwp%2Fv2%2Fmedia&parent=110"}],"wp:term":[{"taxonomy":"category","embeddable":true,"href":"https:\/\/urlaub.vogt-clan.de\/index.php?rest_route=%2Fwp%2Fv2%2Fcategories&post=110"},{"taxonomy":"post_tag","embeddable":true,"href":"https:\/\/urlaub.vogt-clan.de\/index.php?rest_route=%2Fwp%2Fv2%2Ftags&post=110"}],"curies":[{"name":"wp","href":"https:\/\/api.w.org\/{rel}","templated":true}]}}